{"id":22121,"date":"2021-02-04T10:57:00","date_gmt":"2021-02-04T08:57:00","guid":{"rendered":"https:\/\/epst-sgen-cfdt.org\/?p=22121"},"modified":"2021-02-12T10:42:43","modified_gmt":"2021-02-12T08:42:43","slug":"teletravail-pourquoi-la-fonction-publique-est-en-retard","status":"publish","type":"post","link":"https:\/\/cfdt-recherche-epst.org\/?p=22121","title":{"rendered":"T\u00e9l\u00e9travail: pourquoi la fonction publique est en retard"},"content":{"rendered":"\n<div class=\"wp-block-group\"><div class=\"wp-block-group__inner-container is-layout-flow wp-block-group-is-layout-flow\">\n<figure class=\"wp-block-image size-large is-resized\"><img loading=\"lazy\" decoding=\"async\" src=\"https:\/\/cfdt-recherche-epst.org\/wp-content\/uploads\/2019\/09\/propal.jpg\" alt=\"\" class=\"wp-image-13577\" width=\"146\" height=\"107\"\/><\/figure>\n\n\n\n<p>Les directives sont claires.\u00a0C&rsquo;est la circulaire du 29 octobre 2020 qui a fix\u00e9 cette r\u00e8gle.\u00a0Quand les missions peuvent \u00eatre exerc\u00e9es \u00e0 distance, les agents publics, fonctionnaires comme contractuels, doivent imp\u00e9rativement \u00eatre plac\u00e9s en t\u00e9l\u00e9travail cinq jours par semaine.\u00a0<\/p>\n<\/div><\/div>\n\n\n\n<p>Le probl\u00e8me, c\u2019est que cette r\u00e8gle n\u2019est pas appliqu\u00e9e partout. La fonction publique est mauvaise \u00e9l\u00e8ve en mati\u00e8re de t\u00e9l\u00e9travail \u00e0 cause notamment du manque d\u2019\u00e9quipement, des r\u00e9ticences des cadres, ou des probl\u00e8mes d\u2019organisation.&nbsp;Et beaucoup d\u2019agents ne comprennent pas pourquoi ils doivent se rendre dans leur administration tous les jours en risquant de se faire contaminer alors qu\u2019ils pourraient tr\u00e8s bien travailler de chez eux.&nbsp;Attention, un agent ne peut pas se mettre d&rsquo;office en t\u00e9l\u00e9travail sans l\u2019aval de son sup\u00e9rieur, m\u00eame si les textes lui donnent raison.<\/p>\n\n\n\n<p><a href=\"https:\/\/rmc.bfmtv.com\/emission\/teletravail-pourquoi-la-fonction-publique-est-en-retard-2033087.html\" target=\"_blank\" rel=\"noreferrer noopener\">BFM : 04\/02\/2021<\/a><\/p>\n","protected":false},"excerpt":{"rendered":"<p>Les directives sont claires.\u00a0C&rsquo;est la circulaire du 29 octobre 2020 qui a fix\u00e9 cette r\u00e8gle.\u00a0Quand les missions peuvent \u00eatre exerc\u00e9es \u00e0 distance, les agents publics, fonctionnaires comme contractuels, doivent imp\u00e9rativement \u00eatre plac\u00e9s en t\u00e9l\u00e9travail cinq jours par semaine.\u00a0 Le probl\u00e8me, c\u2019est que cette r\u00e8gle n\u2019est pas appliqu\u00e9e partout. La fonction<\/p>\n","protected":false},"author":6,"featured_media":0,"comment_status":"closed","ping_status":"open","sticky":false,"template":"","format":"standard","meta":{"footnotes":""},"categories":[248],"tags":[179,81],"class_list":["post-22121","post","type-post","status-publish","format-standard","hentry","category-revue-de-presse","tag-fonction-publique","tag-teletravail","ct-col-2"],"amp_enabled":true,"_links":{"self":[{"href":"https:\/\/cfdt-recherche-epst.org\/index.php?rest_route=\/wp\/v2\/posts\/22121","targetHints":{"allow":["GET"]}}],"collection":[{"href":"https:\/\/cfdt-recherche-epst.org\/index.php?rest_route=\/wp\/v2\/posts"}],"about":[{"href":"https:\/\/cfdt-recherche-epst.org\/index.php?rest_route=\/wp\/v2\/types\/post"}],"author":[{"embeddable":true,"href":"https:\/\/cfdt-recherche-epst.org\/index.php?rest_route=\/wp\/v2\/users\/6"}],"replies":[{"embeddable":true,"href":"https:\/\/cfdt-recherche-epst.org\/index.php?rest_route=%2Fwp%2Fv2%2Fcomments&post=22121"}],"version-history":[{"count":3,"href":"https:\/\/cfdt-recherche-epst.org\/index.php?rest_route=\/wp\/v2\/posts\/22121\/revisions"}],"predecessor-version":[{"id":22129,"href":"https:\/\/cfdt-recherche-epst.org\/index.php?rest_route=\/wp\/v2\/posts\/22121\/revisions\/22129"}],"wp:attachment":[{"href":"https:\/\/cfdt-recherche-epst.org\/index.php?rest_route=%2Fwp%2Fv2%2Fmedia&parent=22121"}],"wp:term":[{"taxonomy":"category","embeddable":true,"href":"https:\/\/cfdt-recherche-epst.org\/index.php?rest_route=%2Fwp%2Fv2%2Fcategories&post=22121"},{"taxonomy":"post_tag","embeddable":true,"href":"https:\/\/cfdt-recherche-epst.org\/index.php?rest_route=%2Fwp%2Fv2%2Ftags&post=22121"}],"curies":[{"name":"wp","href":"https:\/\/api.w.org\/{rel}","templated":true}]}}