{"id":22135,"date":"2021-02-04T15:44:00","date_gmt":"2021-02-04T13:44:00","guid":{"rendered":"https:\/\/epst-sgen-cfdt.org\/?p=22135"},"modified":"2021-02-15T11:33:16","modified_gmt":"2021-02-15T09:33:16","slug":"lancement-de-la-negociation-teletravail-dans-la-fonction-publique-cfdt-9-2-2021","status":"publish","type":"post","link":"https:\/\/cfdt-recherche-epst.org\/?p=22135","title":{"rendered":"Lancement de la n\u00e9gociation t\u00e9l\u00e9travail dans la fonction publique (CFDT 4 2 2021)"},"content":{"rendered":"\n<p><a href=\"https:\/\/syndicalismehebdo.cfdt.fr\/article\/lancement-des-negociations-teletravail-dans-la-fonction-publique\">Une premi\u00e8re rencontre a eu lieu le 3 f\u00e9vrier pour poser le cadre des travaux et \u00e9tablir un calendrier. Un accord pourrait \u00eatre trouv\u00e9 d\u2019ici juin.<\/a><\/p>\n\n\n\n<p>Par <a href=\"https:\/\/syndicalismehebdo.cfdt.fr\/auteur\/guillaume-lefevre\">Guillaume Lef\u00e8vre<\/a>\u2014 Publi\u00e9 <a href=\"https:\/\/syndicalismehebdo.cfdt.fr\/thematique\/emploi\">Syndicalisme hebdo<\/a> le 04\/02\/2021 \u00e0 16h19 et mis \u00e0 jour le 04\/02\/2021 \u00e0 17h13<\/p>\n\n\n\n<figure class=\"wp-block-image is-resized\"><img loading=\"lazy\" decoding=\"async\" src=\"https:\/\/api.syndicalismehebdo.cfdt.fr\/media\/cache\/article_thumb_big\/uploads\/media\/2020\/11\/duobureaust.audras_rea.jpg\" alt=\"\" width=\"213\" height=\"148\"\/><figcaption>\u00a9&nbsp;St\u00e9phane Audras\/R\u00c9A<\/figcaption><\/figure>\n\n\n\n<p>Les confinements li\u00e9s \u00e0 la crise sanitaire ont mis en lumi\u00e8re le retard des administrations sur le recours au t\u00e9l\u00e9travail et la n\u00e9cessit\u00e9 de faire \u00e9voluer la r\u00e8glementation relative au t\u00e9l\u00e9travail dans la fonction publique. Le 3 f\u00e9vrier, une premi\u00e8re rencontre avec la ministre de la Transformation et de la fonction publiques, Am\u00e9lie de Montchalin, a permis de \u00ab <em>poser le cadre des travaux qui s\u2019ouvrent<\/em>&nbsp;\u00bb mais aussi d\u2019aborder \u00ab&nbsp;<em>le sens et la place du travail dans la fonction publique<\/em>&nbsp;\u00bb. Trois r\u00e9unions sont programm\u00e9es les 3&nbsp;mars, 7&nbsp;avril et 5&nbsp;mai prochains, l\u2019ex\u00e9cutif souhaitant aboutir avant l\u2019\u00e9t\u00e9.<\/p>\n\n\n\n<h2 class=\"wp-block-heading\">Points d\u2019alerte et exigences<\/h2>\n\n\n\n<p>\u00c0 noter qu\u2019\u00e0 ce stade, le document d\u2019orientation transmis aux repr\u00e9sentants des salari\u00e9s et des employeurs pr\u00e9voit que la n\u00e9gociation sera circonscrite \u00e0 la seule fonction publique de l\u2019\u00c9tat. Si le p\u00e9rim\u00e8tre est susceptible d\u2019\u00e9voluer lors des prochains rendez-vous, <a rel=\"noreferrer noopener\" href=\"https:\/\/uffa.cfdt.fr\/portail\/uffa-recette_7145\" target=\"_blank\">la CFDT-Fonctions publiques<\/a>&nbsp;s\u2019interroge sur une telle limitation et demande qu\u2019\u00ab&nbsp;<em>un accord-cadre ouvre la voie \u00e0 des d\u00e9clinaisons locales issues de n\u00e9gociations obligatoires et dans le cadre de la future ordonnance sur la n\u00e9gociation dans la fonction publique<\/em>&nbsp;\u00bb.<\/p>\n\n\n\n<p>La n\u00e9gociation devra \u00e9galement prendre en compte l\u2019ensemble des dimensions de l\u2019organisation du travail et ne pas se limiter aux seules modalit\u00e9s du t\u00e9l\u00e9travail. \u00ab&nbsp;<em>Il&nbsp;est essentiel de&nbsp;penser le&nbsp;lien avec les&nbsp;coll\u00e8gues, avec la&nbsp;hi\u00e9rarchie, la&nbsp;bonne circulation des&nbsp;informations, la&nbsp;d\u00e9finition d\u2019objectifs clairs\u2026<\/em>&nbsp;\u00bb, insiste la CFDT-Fonctions publiques.<\/p>\n","protected":false},"excerpt":{"rendered":"<p>Une premi\u00e8re rencontre a eu lieu le 3 f\u00e9vrier pour poser le cadre des travaux et \u00e9tablir un calendrier. Un accord pourrait \u00eatre trouv\u00e9 d\u2019ici juin. Par Guillaume Lef\u00e8vre\u2014 Publi\u00e9 Syndicalisme hebdo le 04\/02\/2021 \u00e0 16h19 et mis \u00e0 jour le 04\/02\/2021 \u00e0 17h13 Les confinements li\u00e9s \u00e0 la crise<\/p>\n","protected":false},"author":19,"featured_media":0,"comment_status":"closed","ping_status":"open","sticky":false,"template":"","format":"standard","meta":{"footnotes":""},"categories":[5],"tags":[81],"class_list":["post-22135","post","type-post","status-publish","format-standard","hentry","category-epst","tag-teletravail","ct-col-2"],"amp_enabled":true,"_links":{"self":[{"href":"https:\/\/cfdt-recherche-epst.org\/index.php?rest_route=\/wp\/v2\/posts\/22135","targetHints":{"allow":["GET"]}}],"collection":[{"href":"https:\/\/cfdt-recherche-epst.org\/index.php?rest_route=\/wp\/v2\/posts"}],"about":[{"href":"https:\/\/cfdt-recherche-epst.org\/index.php?rest_route=\/wp\/v2\/types\/post"}],"author":[{"embeddable":true,"href":"https:\/\/cfdt-recherche-epst.org\/index.php?rest_route=\/wp\/v2\/users\/19"}],"replies":[{"embeddable":true,"href":"https:\/\/cfdt-recherche-epst.org\/index.php?rest_route=%2Fwp%2Fv2%2Fcomments&post=22135"}],"version-history":[{"count":3,"href":"https:\/\/cfdt-recherche-epst.org\/index.php?rest_route=\/wp\/v2\/posts\/22135\/revisions"}],"predecessor-version":[{"id":22162,"href":"https:\/\/cfdt-recherche-epst.org\/index.php?rest_route=\/wp\/v2\/posts\/22135\/revisions\/22162"}],"wp:attachment":[{"href":"https:\/\/cfdt-recherche-epst.org\/index.php?rest_route=%2Fwp%2Fv2%2Fmedia&parent=22135"}],"wp:term":[{"taxonomy":"category","embeddable":true,"href":"https:\/\/cfdt-recherche-epst.org\/index.php?rest_route=%2Fwp%2Fv2%2Fcategories&post=22135"},{"taxonomy":"post_tag","embeddable":true,"href":"https:\/\/cfdt-recherche-epst.org\/index.php?rest_route=%2Fwp%2Fv2%2Ftags&post=22135"}],"curies":[{"name":"wp","href":"https:\/\/api.w.org\/{rel}","templated":true}]}}