{"id":22318,"date":"2021-02-08T12:58:00","date_gmt":"2021-02-08T10:58:00","guid":{"rendered":"https:\/\/epst-sgen-cfdt.org\/?p=22318"},"modified":"2021-02-24T15:13:38","modified_gmt":"2021-02-24T13:13:38","slug":"circulaire-du-5-fevrier-2021-sur-le-renforcement-du-teletravail-dans-la-fonction-publique","status":"publish","type":"post","link":"https:\/\/cfdt-recherche-epst.org\/?p=22318","title":{"rendered":"Circulaire du 5 f\u00e9vrier 2021 sur le renforcement du t\u00e9l\u00e9travail dans la fonction publique"},"content":{"rendered":"\n<p><a href=\"https:\/\/uffa.cfdt.fr\/portail\/uffa\/vie-au-travail\/teletravail\/circulaire-du-5-fevrier-2021-sur-le-renforcement-du-teletravail-dans-la-fonction-publique-srv2_1161159\">Publi\u00e9 le 08\/02\/2021 Par CFDT-Fonctions publiques<\/a><\/p>\n\n\n\n<p>M\u00eame si cette circulaire ne concerne explicitement que la Fonction publique de l\u2019\u00c9tat, elle rappelle la n\u00e9cessit\u00e9 de conduire un dialogue social de proximit\u00e9 pour organiser le t\u00e9l\u00e9travail.<\/p>\n\n\n\n<p>Elle est accompagn\u00e9e d&rsquo;un kit t\u00e9l\u00e9travail.<\/p>\n\n\n\n<h4 class=\"wp-block-heading\">T\u00c9L\u00c9CHARGEMENT DE FICHIERS<\/h4>\n\n\n\n<div class=\"wp-block-file\"><a href=\"https:\/\/cfdt-recherche-epst.org\/wp-content\/uploads\/2021\/02\/Circulaire-relative-au-renforcement-du-teletravail-ministere-de-la-transformation-et-de-la-fonction-publique-7-octobre-2020-1.pdf\"><span class=\"has-inline-color has-vivid-cyan-blue-color\"><strong>Circulaire-relative-au-renforcement-du-teletravail-ministere-de-la-transformation-et-de-la-fonction-publique-7-octobre-2020-1<\/strong><\/span><\/a><a href=\"https:\/\/cfdt-recherche-epst.org\/wp-content\/uploads\/2021\/02\/Circulaire-relative-au-renforcement-du-teletravail-ministere-de-la-transformation-et-de-la-fonction-publique-7-octobre-2020-1.pdf\" class=\"wp-block-file__button\" download>T\u00e9l\u00e9charger<\/a><\/div>\n\n\n\n<div class=\"wp-block-file\"><a href=\"https:\/\/cfdt-recherche-epst.org\/wp-content\/uploads\/2021\/02\/guide_tt_volume_1_vf_2021-02-08_11-41-25_715.pdf\"><span class=\"has-inline-color has-vivid-cyan-blue-color\"><strong>guide_tt_volume_1_vf_2021-02-08_11-41-25_715<\/strong><\/span><\/a><a href=\"https:\/\/cfdt-recherche-epst.org\/wp-content\/uploads\/2021\/02\/guide_tt_volume_1_vf_2021-02-08_11-41-25_715.pdf\" class=\"wp-block-file__button\" download>T\u00e9l\u00e9charger<\/a><\/div>\n\n\n\n<div class=\"wp-block-file\"><a href=\"https:\/\/cfdt-recherche-epst.org\/wp-content\/uploads\/2021\/02\/guide_tt_volume_2_vf_2021-02-08_11-41-25_781.pdf\"><span class=\"has-inline-color has-vivid-cyan-blue-color\"><strong>guide_tt_volume_2_vf_2021-02-08_11-41-25_781<\/strong><\/span><\/a><a href=\"https:\/\/cfdt-recherche-epst.org\/wp-content\/uploads\/2021\/02\/guide_tt_volume_2_vf_2021-02-08_11-41-25_781.pdf\" class=\"wp-block-file__button\" download>T\u00e9l\u00e9charger<\/a><\/div>\n\n\n\n<p><\/p>\n","protected":false},"excerpt":{"rendered":"<p>Publi\u00e9 le 08\/02\/2021 Par CFDT-Fonctions publiques M\u00eame si cette circulaire ne concerne explicitement que la Fonction publique de l\u2019\u00c9tat, elle rappelle la n\u00e9cessit\u00e9 de conduire un dialogue social de proximit\u00e9 pour organiser le t\u00e9l\u00e9travail. Elle est accompagn\u00e9e d&rsquo;un kit t\u00e9l\u00e9travail. T\u00c9L\u00c9CHARGEMENT DE FICHIERS<\/p>\n","protected":false},"author":19,"featured_media":0,"comment_status":"closed","ping_status":"open","sticky":false,"template":"","format":"standard","meta":{"footnotes":""},"categories":[5],"tags":[81],"class_list":["post-22318","post","type-post","status-publish","format-standard","hentry","category-epst","tag-teletravail","ct-col-2"],"amp_enabled":true,"_links":{"self":[{"href":"https:\/\/cfdt-recherche-epst.org\/index.php?rest_route=\/wp\/v2\/posts\/22318","targetHints":{"allow":["GET"]}}],"collection":[{"href":"https:\/\/cfdt-recherche-epst.org\/index.php?rest_route=\/wp\/v2\/posts"}],"about":[{"href":"https:\/\/cfdt-recherche-epst.org\/index.php?rest_route=\/wp\/v2\/types\/post"}],"author":[{"embeddable":true,"href":"https:\/\/cfdt-recherche-epst.org\/index.php?rest_route=\/wp\/v2\/users\/19"}],"replies":[{"embeddable":true,"href":"https:\/\/cfdt-recherche-epst.org\/index.php?rest_route=%2Fwp%2Fv2%2Fcomments&post=22318"}],"version-history":[{"count":3,"href":"https:\/\/cfdt-recherche-epst.org\/index.php?rest_route=\/wp\/v2\/posts\/22318\/revisions"}],"predecessor-version":[{"id":22325,"href":"https:\/\/cfdt-recherche-epst.org\/index.php?rest_route=\/wp\/v2\/posts\/22318\/revisions\/22325"}],"wp:attachment":[{"href":"https:\/\/cfdt-recherche-epst.org\/index.php?rest_route=%2Fwp%2Fv2%2Fmedia&parent=22318"}],"wp:term":[{"taxonomy":"category","embeddable":true,"href":"https:\/\/cfdt-recherche-epst.org\/index.php?rest_route=%2Fwp%2Fv2%2Fcategories&post=22318"},{"taxonomy":"post_tag","embeddable":true,"href":"https:\/\/cfdt-recherche-epst.org\/index.php?rest_route=%2Fwp%2Fv2%2Ftags&post=22318"}],"curies":[{"name":"wp","href":"https:\/\/api.w.org\/{rel}","templated":true}]}}