{"id":22413,"date":"2021-02-24T18:24:00","date_gmt":"2021-02-24T16:24:00","guid":{"rendered":"https:\/\/epst-sgen-cfdt.org\/?p=22413"},"modified":"2026-03-25T15:43:29","modified_gmt":"2026-03-25T14:43:29","slug":"islamo-gauchisme-christelle-rabier-porte-plainte-contre-julien-aubert","status":"publish","type":"post","link":"https:\/\/cfdt-recherche-epst.org\/?p=22413","title":{"rendered":"\u00ab\u00a0Islamo-Gauchisme\u00a0\u00bb: Christelle Rabier porte plainte contre Julien Aubert"},"content":{"rendered":"\n<p>La chercheuse Christelle Rabier, ma\u00eetresse de conf\u00e9rence \u00e0 l&rsquo;EHESS, vient de porter plainte contre Julien Aubert, d\u00e9put\u00e9 Les R\u00e9publicains, pour \u00ab\u00a0injure publique\u00a0\u00bb.<\/p>\n\n\n\n<p>Le terme \u201cislamo-gauchiste\u201d sera-t-il consid\u00e9r\u00e9 bient\u00f4t comme une injure?&nbsp;<a rel=\"noreferrer noopener\" href=\"https:\/\/blogs.mediapart.fr\/christelle-rabier\/blog\/230221\/au-soldat-du-deni-frederique-vidal-la-patrie-resistante\" target=\"_blank\">Christelle Rabier<\/a>,&nbsp;historienne des sciences et de la m\u00e9decine, ma\u00eetresse de conf\u00e9rence \u00e0 l\u2019\u00c9cole des Hautes \u00c9tudes en sciences sociales (EHESS) \u00e0 Marseille, a port\u00e9 plainte mardi 23 f\u00e9vrier contre le d\u00e9put\u00e9 Julien Aubert (LR) pour un tweet o\u00f9 elle est d\u00e9sign\u00e9e comme \u201cislamo-gauchiste\u201d aux c\u00f4t\u00e9s de sept autres chercheurs.<\/p>\n\n\n\n<p><a href=\"https:\/\/www.huffingtonpost.fr\/entry\/islamo-gauchisme-christelle-rabier-porte-plainte-contre-julien-aubert-info-huffpost_fr_6034efbec5b673b19b6b3bbc\" target=\"_blank\" rel=\"noreferrer noopener\">HuffPost : 24\/02\/2021<\/a><\/p>\n","protected":false},"excerpt":{"rendered":"<p>La chercheuse Christelle Rabier, ma\u00eetresse de conf\u00e9rence \u00e0 l&rsquo;EHESS, vient de porter plainte contre Julien Aubert, d\u00e9put\u00e9 Les R\u00e9publicains, pour \u00ab\u00a0injure publique\u00a0\u00bb. Le terme \u201cislamo-gauchiste\u201d sera-t-il consid\u00e9r\u00e9 bient\u00f4t comme une injure?&nbsp;Christelle Rabier,&nbsp;historienne des sciences et de la m\u00e9decine, ma\u00eetresse de conf\u00e9rence \u00e0 l\u2019\u00c9cole des Hautes \u00c9tudes en sciences sociales (EHESS)<\/p>\n","protected":false},"author":19,"featured_media":0,"comment_status":"closed","ping_status":"open","sticky":false,"template":"","format":"standard","meta":{"footnotes":""},"categories":[248],"tags":[283],"class_list":["post-22413","post","type-post","status-publish","format-standard","hentry","category-revue-de-presse","tag-islamo-gauchisme","ct-col-2"],"amp_enabled":true,"_links":{"self":[{"href":"https:\/\/cfdt-recherche-epst.org\/index.php?rest_route=\/wp\/v2\/posts\/22413","targetHints":{"allow":["GET"]}}],"collection":[{"href":"https:\/\/cfdt-recherche-epst.org\/index.php?rest_route=\/wp\/v2\/posts"}],"about":[{"href":"https:\/\/cfdt-recherche-epst.org\/index.php?rest_route=\/wp\/v2\/types\/post"}],"author":[{"embeddable":true,"href":"https:\/\/cfdt-recherche-epst.org\/index.php?rest_route=\/wp\/v2\/users\/19"}],"replies":[{"embeddable":true,"href":"https:\/\/cfdt-recherche-epst.org\/index.php?rest_route=%2Fwp%2Fv2%2Fcomments&post=22413"}],"version-history":[{"count":3,"href":"https:\/\/cfdt-recherche-epst.org\/index.php?rest_route=\/wp\/v2\/posts\/22413\/revisions"}],"predecessor-version":[{"id":22681,"href":"https:\/\/cfdt-recherche-epst.org\/index.php?rest_route=\/wp\/v2\/posts\/22413\/revisions\/22681"}],"wp:attachment":[{"href":"https:\/\/cfdt-recherche-epst.org\/index.php?rest_route=%2Fwp%2Fv2%2Fmedia&parent=22413"}],"wp:term":[{"taxonomy":"category","embeddable":true,"href":"https:\/\/cfdt-recherche-epst.org\/index.php?rest_route=%2Fwp%2Fv2%2Fcategories&post=22413"},{"taxonomy":"post_tag","embeddable":true,"href":"https:\/\/cfdt-recherche-epst.org\/index.php?rest_route=%2Fwp%2Fv2%2Ftags&post=22413"}],"curies":[{"name":"wp","href":"https:\/\/api.w.org\/{rel}","templated":true}]}}