{"id":22425,"date":"2021-02-19T17:55:00","date_gmt":"2021-02-19T15:55:00","guid":{"rendered":"https:\/\/epst-sgen-cfdt.org\/?p=22425"},"modified":"2021-02-26T17:59:17","modified_gmt":"2021-02-26T15:59:17","slug":"lordonnance-relative-a-la-protection-sociale-complementaire-dans-la-fonction-publique-est-parue-cfdt-fp","status":"publish","type":"post","link":"https:\/\/cfdt-recherche-epst.org\/?p=22425","title":{"rendered":"L\u2019ordonnance relative \u00e0 la protection sociale compl\u00e9mentaire dans la fonction publique est parue (CFDT FP)"},"content":{"rendered":"\n<p><a href=\"https:\/\/uffa.cfdt.fr\/portail\/uffa\/actualites\/complementaire-sante-et-prevoyance\/l-ordonnance-relative-a-la-protection-sociale-complementaire-dans-la-fonction-publique-est-parue-srv1_1163641\">Publi\u00e9 le 19\/02\/2021 Par CFDT-Fonctions publiques<\/a><\/p>\n\n\n\n<p>Apr\u00e8s des mois d\u2019\u00e9changes approfondis et constructifs avec les organisations syndicales, le minist\u00e8re de la Transformation et de la Fonction Publiques a publi\u00e9 au journal officiel le mercredi 17 f\u00e9vrier 2021 l\u2019ordonnance relative \u00e0 la protection sociale compl\u00e9mentaire dans la fonction publique. Cette ordonnance pr\u00e9voit qu&rsquo;au plus tard le 1er janvier 2026, 50 % de la compl\u00e9mentaire sant\u00e9 soit pris en charge par les employeurs. Auparavant, des n\u00e9gociations auront lieu dans les trois versants de la Fonction publique, l\u2019\u00c9tat, la Territoriale et l\u2019Hospitali\u00e8re pour am\u00e9liorer par des contrats collectifs ouverts aux actifs et aux retrait\u00e9s, la pr\u00e9voyance et la compl\u00e9mentaire sant\u00e9.<\/p>\n\n\n\n<h4 class=\"wp-block-heading\">T\u00c9L\u00c9CHARGEMENT DE FICHIERS<\/h4>\n\n\n\n<ul class=\"wp-block-list\"><li>><a href=\"https:\/\/cfdt-recherche-epst.org\/wp-content\/uploads\/2021\/02\/ordonnance_n2021-175_du_17_fevrier_2021_relative_a_la_protection_sociale_complementaire_dans_la_fonction_publique.pdf\"> <span class=\"has-inline-color has-vivid-cyan-blue-color\"><strong>ordonnance n\u00b02021-175 du 17 f\u00e9vrier 2021 relative \u00e0 la protection sociale compl\u00e9mentaire dans la Fonction publique<\/strong><\/span><\/a><\/li><\/ul>\n\n\n\n<p><\/p>\n","protected":false},"excerpt":{"rendered":"<p>Publi\u00e9 le 19\/02\/2021 Par CFDT-Fonctions publiques Apr\u00e8s des mois d\u2019\u00e9changes approfondis et constructifs avec les organisations syndicales, le minist\u00e8re de la Transformation et de la Fonction Publiques a publi\u00e9 au journal officiel le mercredi 17 f\u00e9vrier 2021 l\u2019ordonnance relative \u00e0 la protection sociale compl\u00e9mentaire dans la fonction publique. Cette ordonnance<\/p>\n","protected":false},"author":19,"featured_media":0,"comment_status":"closed","ping_status":"open","sticky":false,"template":"","format":"standard","meta":{"footnotes":""},"categories":[5],"tags":[270],"class_list":["post-22425","post","type-post","status-publish","format-standard","hentry","category-epst","tag-complementaire-sante","ct-col-2"],"amp_enabled":true,"_links":{"self":[{"href":"https:\/\/cfdt-recherche-epst.org\/index.php?rest_route=\/wp\/v2\/posts\/22425","targetHints":{"allow":["GET"]}}],"collection":[{"href":"https:\/\/cfdt-recherche-epst.org\/index.php?rest_route=\/wp\/v2\/posts"}],"about":[{"href":"https:\/\/cfdt-recherche-epst.org\/index.php?rest_route=\/wp\/v2\/types\/post"}],"author":[{"embeddable":true,"href":"https:\/\/cfdt-recherche-epst.org\/index.php?rest_route=\/wp\/v2\/users\/19"}],"replies":[{"embeddable":true,"href":"https:\/\/cfdt-recherche-epst.org\/index.php?rest_route=%2Fwp%2Fv2%2Fcomments&post=22425"}],"version-history":[{"count":1,"href":"https:\/\/cfdt-recherche-epst.org\/index.php?rest_route=\/wp\/v2\/posts\/22425\/revisions"}],"predecessor-version":[{"id":22427,"href":"https:\/\/cfdt-recherche-epst.org\/index.php?rest_route=\/wp\/v2\/posts\/22425\/revisions\/22427"}],"wp:attachment":[{"href":"https:\/\/cfdt-recherche-epst.org\/index.php?rest_route=%2Fwp%2Fv2%2Fmedia&parent=22425"}],"wp:term":[{"taxonomy":"category","embeddable":true,"href":"https:\/\/cfdt-recherche-epst.org\/index.php?rest_route=%2Fwp%2Fv2%2Fcategories&post=22425"},{"taxonomy":"post_tag","embeddable":true,"href":"https:\/\/cfdt-recherche-epst.org\/index.php?rest_route=%2Fwp%2Fv2%2Ftags&post=22425"}],"curies":[{"name":"wp","href":"https:\/\/api.w.org\/{rel}","templated":true}]}}