{"id":22663,"date":"2021-03-23T16:05:00","date_gmt":"2021-03-23T14:05:00","guid":{"rendered":"https:\/\/epst-sgen-cfdt.org\/?p=22663"},"modified":"2021-08-06T09:35:33","modified_gmt":"2021-08-06T07:35:33","slug":"nos-instances-bureau-de-section-24","status":"publish","type":"post","link":"https:\/\/cfdt-recherche-epst.org\/?p=22663","title":{"rendered":"Comit\u00e9 de suivi de l\u2019accord du 12 octobre : une d\u00e9cision \u00e9tonnante du tribunal administratif de Paris"},"content":{"rendered":"\n<p><a href=\"https:\/\/www.sgen-cfdt.fr\/actu\/comite-de-suivi-de-laccord-du-12-octobre-une-decision-etonnante-du-tribunal-administratif-de-paris\/\">Publi\u00e9 le jeudi 11 mars 2021 par Franck Loureiro<\/a><\/p>\n\n\n\n<p>Le Sgen-CFDT s\u2019\u00e9tonne de la d\u00e9cision du tribunal administratif de Paris qui enjoint la ministre d\u2019inviter une organisation non signataire aux r\u00e9unions du comit\u00e9 de suivi du protocole sur la revalorisation des carri\u00e8res et des r\u00e9mun\u00e9rations des agents de l\u2019enseignement sup\u00e9rieur et de la recherche.<\/p>\n\n\n\n<p>Le Sgen-CFDT \u00e9tudie la possibilit\u00e9 de contester cette d\u00e9cision aupr\u00e8s des autorit\u00e9s comp\u00e9tentes. En effet, cette d\u00e9cision contredit celle rendue par le Conseil d\u2019\u00c9tat le 25 novembre 2020 qui d\u00e9boutait la m\u00eame organisation d\u2019une demande similaire concernant cette fois-ci le comit\u00e9 de suivi du S\u00e9gur de la sant\u00e9.<\/p>\n\n\n\n<p>Cette d\u00e9cision contrevient aussi \u00e0 l\u2019ordonnance relative \u00e0 la n\u00e9gociation et aux accords collectifs dans la fonction publique publi\u00e9e du 17 f\u00e9vrier 2021. Lors du vote au CCFP, il est d\u2019ailleurs \u00e0 noter que cette ordonnance n\u2019a recueilli aucun vote d\u00e9favorable. Cette ordonnance modifie l&rsquo;article 8 bis de la loi du 13 juillet 1983 qui stipule qu\u2019un comit\u00e9 de suivi est d\u00e9sign\u00e9 pour chaque accord conclu et qu\u2019il est compos\u00e9 de membres d\u00e9sign\u00e9s par les seules organisations syndicales signataires de l\u2019accord et de repr\u00e9sentants de l\u2019autorit\u00e9 administrative ou territoriale comp\u00e9tente<span class=\"has-inline-color has-luminous-vivid-orange-color\">*<\/span>.&nbsp;&nbsp;<\/p>\n\n\n\n<p><span class=\"has-inline-color has-vivid-cyan-blue-color\"><strong>Pour le Sgen-CFDT, c\u2019est la condition d\u2019un syndicalisme d\u2019acteurs qui s\u2019engage et rend des comptes \u00e0 ses mandants, un syndicalisme qui assume ses choix.<\/strong><\/span><\/p>\n\n\n\n<p><a href=\"https:\/\/sgen-cfdt.fr\/contenu\/uploads\/2021\/03\/20200311-CP-n\u00b0-7-Sgen-CFDT.pdf\">Communiqu\u00e9 de presse du 11 mars 2021<\/a><\/p>\n\n\n\n<p><span class=\"has-inline-color has-luminous-vivid-orange-color\">*Ordonnance no 2021-174 du 17 f\u00e9vrier 2021 relative \u00e0 la n\u00e9gociation et aux accords collectifs dans la fonction publique NOR : TFPF2035791R<\/span><\/p>\n\n\n\n<p><span class=\"has-inline-color has-luminous-vivid-orange-color\">Ordonne :<br>Article 1er<br>L\u2019article 8 bis de la loi du 13 juillet 1983 susvis\u00e9e est remplac\u00e9 par les articles 8 bis \u00e0 8 nonies ainsi r\u00e9dig\u00e9s :<\/span><\/p>\n\n\n\n<p><span class=\"has-inline-color has-luminous-vivid-orange-color\">Art. 8 octies. II. \u2013 \u00ab\u00a0Un comit\u00e9 de suivi est d\u00e9sign\u00e9 pour chaque accord conclu. Il est compos\u00e9 de membres d\u00e9sign\u00e9s par les organisations syndicales signataires de l\u2019accord et de repr\u00e9sentants de l\u2019autorit\u00e9 administrative ou territoriale comp\u00e9tente.<\/span><\/p>\n\n\n\n<figure class=\"wp-block-embed is-type-wp-embed is-provider-sgen-cfdt-recherche-epst wp-block-embed-sgen-cfdt-recherche-epst\"><div class=\"wp-block-embed__wrapper\">\n<blockquote class=\"wp-embedded-content\" data-secret=\"7VcOG62L9m\"><a href=\"https:\/\/cfdt-recherche-epst.org\/?p=20719\">Protocole d&rsquo;accord carri\u00e8re et r\u00e9mun\u00e9ration : d\u00e9m\u00ealer le vrai du faux<\/a><\/blockquote><iframe loading=\"lazy\" class=\"wp-embedded-content\" sandbox=\"allow-scripts\" security=\"restricted\" style=\"position: absolute; visibility: hidden;\" title=\"\u00ab\u00a0Protocole d&rsquo;accord carri\u00e8re et r\u00e9mun\u00e9ration : d\u00e9m\u00ealer le vrai du faux\u00a0\u00bb &#8212; CFDT Recherche EPST\" src=\"https:\/\/cfdt-recherche-epst.org\/?p=20719&#038;embed=true#?secret=XnmF1bPtGk#?secret=7VcOG62L9m\" data-secret=\"7VcOG62L9m\" width=\"600\" height=\"338\" frameborder=\"0\" marginwidth=\"0\" marginheight=\"0\" scrolling=\"no\"><\/iframe>\n<\/div><\/figure>\n\n\n\n<p>Voir aussi&nbsp;:<\/p>\n\n\n\n<ul>\r\n<li><a href=\"https:\/\/cfdt-recherche-epst.org\/?p=22264&amp;utm_source=liensSITE&amp;utm_campaign=2021s10_decisionTA&amp;utm_medium=mail_Inserm\">R\u00e9gime indemnitaire chercheurs EPST : o\u00f9 en est-on ?<\/a><\/li>\r\n<li>\n\n\n\n<a href=\"https:\/\/cfdt-recherche-epst.org\/?p=21921&amp;utm_source=liensSITE&amp;utm_campaign=2021s10_decisionTA&amp;utm_medium=mail_Inserm\">Comit\u00e9 de suivi sur la revalorisation des carri\u00e8res et r\u00e9mun\u00e9rations des personnels ESR<\/a><\/li>\r\n<li><a href=\"https:\/\/cfdt-recherche-epst.org\/?p=20804&amp;utm_source=liensSITE&amp;utm_campaign=2021s10_decisionTA&amp;utm_medium=mail_Inserm\">ESR : signature de l\u2019accord sur la revalorisation, intervention liminaire du Sgen-CFDT<\/a>\n\n\n\n<\/li>\r\n<\/ul>\n\n\n","protected":false},"excerpt":{"rendered":"<p>Publi\u00e9 le jeudi 11 mars 2021 par Franck Loureiro Le Sgen-CFDT s\u2019\u00e9tonne de la d\u00e9cision du tribunal administratif de Paris qui enjoint la ministre d\u2019inviter une organisation non signataire aux r\u00e9unions du comit\u00e9 de suivi du protocole sur la revalorisation des carri\u00e8res et des r\u00e9mun\u00e9rations des agents de l\u2019enseignement sup\u00e9rieur<\/p>\n","protected":false},"author":19,"featured_media":0,"comment_status":"closed","ping_status":"open","sticky":false,"template":"","format":"standard","meta":{"footnotes":""},"categories":[5],"tags":[],"class_list":["post-22663","post","type-post","status-publish","format-standard","hentry","category-epst","ct-col-2"],"amp_enabled":true,"_links":{"self":[{"href":"https:\/\/cfdt-recherche-epst.org\/index.php?rest_route=\/wp\/v2\/posts\/22663","targetHints":{"allow":["GET"]}}],"collection":[{"href":"https:\/\/cfdt-recherche-epst.org\/index.php?rest_route=\/wp\/v2\/posts"}],"about":[{"href":"https:\/\/cfdt-recherche-epst.org\/index.php?rest_route=\/wp\/v2\/types\/post"}],"author":[{"embeddable":true,"href":"https:\/\/cfdt-recherche-epst.org\/index.php?rest_route=\/wp\/v2\/users\/19"}],"replies":[{"embeddable":true,"href":"https:\/\/cfdt-recherche-epst.org\/index.php?rest_route=%2Fwp%2Fv2%2Fcomments&post=22663"}],"version-history":[{"count":11,"href":"https:\/\/cfdt-recherche-epst.org\/index.php?rest_route=\/wp\/v2\/posts\/22663\/revisions"}],"predecessor-version":[{"id":25146,"href":"https:\/\/cfdt-recherche-epst.org\/index.php?rest_route=\/wp\/v2\/posts\/22663\/revisions\/25146"}],"wp:attachment":[{"href":"https:\/\/cfdt-recherche-epst.org\/index.php?rest_route=%2Fwp%2Fv2%2Fmedia&parent=22663"}],"wp:term":[{"taxonomy":"category","embeddable":true,"href":"https:\/\/cfdt-recherche-epst.org\/index.php?rest_route=%2Fwp%2Fv2%2Fcategories&post=22663"},{"taxonomy":"post_tag","embeddable":true,"href":"https:\/\/cfdt-recherche-epst.org\/index.php?rest_route=%2Fwp%2Fv2%2Ftags&post=22663"}],"curies":[{"name":"wp","href":"https:\/\/api.w.org\/{rel}","templated":true}]}}