{"id":22991,"date":"2021-03-18T17:32:18","date_gmt":"2021-03-18T15:32:18","guid":{"rendered":"https:\/\/epst-sgen-cfdt.org\/?p=22991"},"modified":"2024-09-23T07:27:21","modified_gmt":"2024-09-23T06:27:21","slug":"projet-de-loi-climat-et-resilience-tous-mobilises-pour-une-transition-juste","status":"publish","type":"post","link":"https:\/\/cfdt-recherche-epst.org\/?p=22991","title":{"rendered":"Projet de loi climat et r\u00e9silience : tous mobilis\u00e9s pour une transition juste"},"content":{"rendered":"<div class=\"row\">\n<div class=\"metas col-xs-48 col-sm-32\">\n<div class=\"date\"><a href=\"https:\/\/www.cfdt.fr\/portail\/presse\/communiques-de-presse\/projet-de-loi-climat-et-resilience-tous-mobilises-pour-une-transition-juste-srv1_1168676\">Publi\u00e9 le 18\/03\/2021\u00a0 Par Philippe Portier, secr\u00e9taire national de la CFDT<\/a><\/div>\n<\/div>\n<div class=\"social col-xs-48 col-sm-16 push-right hidden-xs hidden-sm\">\n<div id=\"social-share\"><\/div>\n<\/div>\n<\/div>\n<div class=\"intro\">\n<div class=\"wysiwyg\">\n<p>Alors que la commission sp\u00e9ciale de l\u2019Assembl\u00e9e ach\u00e8ve l\u2019examen du projet de loi Climat et r\u00e9silience, des mobilisations s\u2019organisent pour le climat les 19 et 20 mars, sous l\u2019impulsion de la jeunesse. <strong>Pour la CFDT, dans le contexte actuel de crise sanitaire, \u00e9conomique et sociale, pas question de renvoyer \u00e0 plus tard les ambitions \u00e9cologiques.<\/strong><\/p>\n<\/div>\n<\/div>\n<div class=\"wysiwyg\">\n<p>La transition \u00e9cologique juste exige de transformer nos mani\u00e8res de nous d\u00e9placer, produire, travailler, consommer, vivre sans sacrifier la justice sociale.<\/p>\n<p>C\u2019est cette ambition que la CFDT porte, dans le cadre du d\u00e9bat parlementaire sur le projet de loi Climat et r\u00e9silience. Ce texte doit fixer des \u00e9ch\u00e9ances \u00e0 la fois ambitieuses et atteignables permettant \u00e0 tous les acteurs de construire ensemble la n\u00e9cessaire transition \u00e9cologique juste. Parce que les entreprises sont des acteurs de premier plan dans cette transformation, la CFDT a revendiqu\u00e9 que les moyens leur soient donn\u00e9s de prendre cette transition \u00e0 bras-le-corps par le dialogue social.<\/p>\n<p><strong>La CFDT se f\u00e9licite que la comp\u00e9tence environnementale int\u00e8gre le champ du comit\u00e9 social et \u00e9conomique,<\/strong> des expertises et de la base de donn\u00e9es \u00e9conomiques et sociales (renomm\u00e9e BDESE), comme elle le revendiquait. Mais il faut des moyens \u00e0 la hauteur\u00a0pour que cela se traduise de mani\u00e8re op\u00e9rationnelle. C\u2019est pourquoi la CFDT continue de revendiquer un socle d\u2019indicateurs environnementaux dans la BDESE, des formations sp\u00e9cifiques des repr\u00e9sentants du personnel sur les enjeux environnementaux et une augmentation du cr\u00e9dit d\u2019heures de d\u00e9l\u00e9gation.<\/p>\n<p>Plus globalement, la CFDT appelle les parlementaires \u00e0 am\u00e9liorer le projet de loi pour mettre sur les rails une transition \u00e9cologique ambitieuse et juste qui soit le moteur de notre d\u00e9veloppement.<\/p>\n<p><strong>C\u2019est dans cet esprit qu\u2019elle s\u2019associe \u00e0 l\u2019appel \u00e0 mob<\/strong><strong>ilisation du 28 mars \u00ab\u202fpour une vraie loi climat\u202f\u00bb.<\/strong><\/p>\n<p>https:\/\/cfdt-recherche-epst.org\/?attachment_id=22993<\/p>\n<p>Cliquez pour ouvir : 20210318_sg_presse_cp12_mobilisations_climat<\/p>\n<p>https:\/\/www.cfdt.fr\/upload\/docs\/application\/pdf\/2021-03\/20210318_sg_presse_cp12_mobilisations_climat.pdf<\/p>\n<\/div>\n","protected":false},"excerpt":{"rendered":"<p>Publi\u00e9 le 18\/03\/2021\u00a0 Par Philippe Portier, secr\u00e9taire national de la CFDT Alors que la commission sp\u00e9ciale de l\u2019Assembl\u00e9e ach\u00e8ve l\u2019examen du projet de loi Climat et r\u00e9silience, des mobilisations s\u2019organisent pour le climat les 19 et 20 mars, sous l\u2019impulsion de la jeunesse. Pour la CFDT, dans le contexte actuel<\/p>\n","protected":false},"author":19,"featured_media":0,"comment_status":"closed","ping_status":"open","sticky":false,"template":"","format":"standard","meta":{"footnotes":""},"categories":[5],"tags":[],"class_list":["post-22991","post","type-post","status-publish","format-standard","hentry","category-epst","ct-col-2"],"amp_enabled":true,"_links":{"self":[{"href":"https:\/\/cfdt-recherche-epst.org\/index.php?rest_route=\/wp\/v2\/posts\/22991","targetHints":{"allow":["GET"]}}],"collection":[{"href":"https:\/\/cfdt-recherche-epst.org\/index.php?rest_route=\/wp\/v2\/posts"}],"about":[{"href":"https:\/\/cfdt-recherche-epst.org\/index.php?rest_route=\/wp\/v2\/types\/post"}],"author":[{"embeddable":true,"href":"https:\/\/cfdt-recherche-epst.org\/index.php?rest_route=\/wp\/v2\/users\/19"}],"replies":[{"embeddable":true,"href":"https:\/\/cfdt-recherche-epst.org\/index.php?rest_route=%2Fwp%2Fv2%2Fcomments&post=22991"}],"version-history":[{"count":5,"href":"https:\/\/cfdt-recherche-epst.org\/index.php?rest_route=\/wp\/v2\/posts\/22991\/revisions"}],"predecessor-version":[{"id":38057,"href":"https:\/\/cfdt-recherche-epst.org\/index.php?rest_route=\/wp\/v2\/posts\/22991\/revisions\/38057"}],"wp:attachment":[{"href":"https:\/\/cfdt-recherche-epst.org\/index.php?rest_route=%2Fwp%2Fv2%2Fmedia&parent=22991"}],"wp:term":[{"taxonomy":"category","embeddable":true,"href":"https:\/\/cfdt-recherche-epst.org\/index.php?rest_route=%2Fwp%2Fv2%2Fcategories&post=22991"},{"taxonomy":"post_tag","embeddable":true,"href":"https:\/\/cfdt-recherche-epst.org\/index.php?rest_route=%2Fwp%2Fv2%2Ftags&post=22991"}],"curies":[{"name":"wp","href":"https:\/\/api.w.org\/{rel}","templated":true}]}}