{"id":23117,"date":"2021-03-25T17:00:00","date_gmt":"2021-03-25T15:00:00","guid":{"rendered":"https:\/\/epst-sgen-cfdt.org\/?p=23117"},"modified":"2021-03-31T17:08:54","modified_gmt":"2021-03-31T15:08:54","slug":"dette-publique-quel-positionnement-syndical-pour-une-soutenabilite-economique-social-et-environnemental-cfdt","status":"publish","type":"post","link":"https:\/\/cfdt-recherche-epst.org\/?p=23117","title":{"rendered":"Dette publique : quel positionnement syndical pour une soutenabilit\u00e9 \u00e9conomique, social et environnemental ? (CFDT)"},"content":{"rendered":"\n<h4 class=\"wp-block-heading\"><a href=\"https:\/\/cfdt.fr\/portail\/actualites\/economie-\/-developpement-durable\/dette-publique-quel-positionnement-syndical-pour-une-soutenabilite-economique-social-et-environnemental-srv1_1170223\">Publi\u00e9 le 25\/03\/2021 sur le site de la CFDT ICI<\/a><\/h4>\n\n\n\n<p>Le sujet de la dette publique rel\u00e8ve d\u2019un d\u00e9bat beaucoup plus soci\u00e9tal qu\u2019il n\u2019y para\u00eet. C\u2019est d\u2019ailleurs l\u00e0 que repose la valeur ajout\u00e9e syndicale : sortir d\u2019un d\u00e9bat technique pour redonner du sens \u00e0 la dette !&nbsp; D\u00e9couvrez les positions de la CFDT \u00e0 travers plusieurs constats et questionnements r\u00e9unis dans le document \u00ab\u00a0Nos ambitions\u00a0\u00bb.<\/p>\n\n\n\n<figure class=\"wp-block-image\"><img decoding=\"async\" src=\"https:\/\/cfdt.fr\/upload\/docs\/image\/jpeg\/2021-03\/iconodettepublique.jpg.associated\/th-670x670-iconodettepublique.jpg.jpg\" alt=\"\"\/><\/figure>\n\n\n\n<p>La crise sanitaire et la crise socio\u00e9conomique qui en d\u00e9coule ont fait grimper la dette publique. La dette publique brute fran\u00e7aise s\u2019\u00e9tablit \u00e0 2 674,3 milliards d\u2019euros, soit 116,7% du PIB fin 2020 (contre 98,1% en 2019).<\/p>\n\n\n\n<p>Des inqui\u00e9tudes l\u00e9gitimes s\u2019expriment compte tenu de l\u2019ampleur de cette dette : marges de manoeuvre restreintes en cas de future crise ; concentration de l\u2019\u00e9pargne sur les obligations publiques plut\u00f4t que sur les projets d\u2019entreprises ; perte de confiance des investisseurs envers la solvabilit\u00e9 de l\u2019\u00c9tat ; etc.<\/p>\n\n\n\n<p><strong>Le d\u00e9bat sur le devenir de cette dette fait rage autour de deux positions extr\u00eames :<\/strong><br><strong>&#8211; une r\u00e9duction drastique de nos d\u00e9penses publiques, en particulier de protection sociale et de services publics ;<br><\/strong><strong>&#8211; l\u2019annulation de tout ou partie de la dette.<\/strong><br><br>En r\u00e9alit\u00e9, le sujet de la dette publique rel\u00e8ve d\u2019un d\u00e9bat beaucoup plus soci\u00e9tal qu\u2019il n\u2019y para\u00eet. C\u2019est d\u2019ailleurs l\u00e0 que repose la valeur ajout\u00e9e syndicale : sortir d\u2019un d\u00e9bat technique pour redonner du sens \u00e0 la dette ! <strong>Partant de l\u00e0, de quelle nature doit-\u00eatre l\u2019investissement de la CFDT ?<\/strong><\/p>\n\n\n\n<p>Revoir l&rsquo;\u00e9mission <strong>Tous Eco<\/strong> pr\u00e9sent\u00e9e par Anne-Juliette Lecourt sur le th\u00e8me :<br><strong>\u00ab\u00a0Transformer la dette en investissement public d&rsquo;avenir\u00a0\u00bb<\/strong><\/p>\n\n\n\n<figure class=\"wp-block-embed is-type-video is-provider-dailymotion wp-block-embed-dailymotion wp-embed-aspect-16-9 wp-has-aspect-ratio\"><div class=\"wp-block-embed__wrapper\">\n<iframe loading=\"lazy\" title=\"Tous Eco - Transformer la dette en investissement public d\u2019avenir\" frameborder=\"0\" width=\"640\" height=\"359\" src=\"https:\/\/geo.dailymotion.com\/player.html?video=x7xxtb0&#038;\" allowfullscreen allow=\"autoplay; fullscreen; picture-in-picture; web-share\"><\/iframe>\n<\/div><\/figure>\n\n\n\n<p><strong><br>Pour aborder ce d\u00e9bat sans caricature, il importe dans un premier temps de partager plusieurs constats <\/strong><strong>et questionnements.&nbsp;<\/strong><\/p>\n\n\n\n<p><br><strong>LES CONSTATS<\/strong><br>Constat 1. Le sujet de la dette publique n\u2019est pas un sujet franco-fran\u00e7ais.<br>Constat 2. La dette publique est le prix \u00e0 payer d\u2019une bonne gestion de la crise et permettant un rebond.<br>Constat 3. Le ratio dette publique\/PIB est difficile \u00e0 interpr\u00e9ter \u00e9conomiquement.<br>Constat 4. Le co\u00fbt de la dette est un indicateur plus pertinent de la soutenabilit\u00e9 de la dette dans la p\u00e9riode.<br>Constat 5. Le co\u00fbt de la dette publique est aujourd\u2019hui historiquement tr\u00e8s bas et devrait le rester durablement pour deux raisons principales.<br>Constat 6. L\u2019\u00c9tat peut donc aujourd\u2019hui augmenter son volume de dette tout en r\u00e9duisant la charge de la dette.<br>Constat 7. Vouloir r\u00e9duire la dette publique trop vite et trop t\u00f4t serait catastrophique.<\/p>\n\n\n\n<p><strong>QUESTIONNEMENTS<\/strong><br>Question 1. Peut-on annuler la dette publique ?<br>Question 2. Faut-il cantonner la dette publique issue de la crise COVID ?<br>Question 3. La dette p\u00e8se-t-elle sur les g\u00e9n\u00e9rations futures ?<br>Question 4. Quelle articulation entre la dette publique fran\u00e7aise et les enjeux europ\u00e9ens ?<br>Question 5. Quels sont les liens entre dette publique et croissance ?<br>Question 6. Quelle gouvernance de la dette publique ?<br>Question 7. Quel pilotage des finances publiques adopter pour s\u2019assurer de la soutenabilit\u00e9 de la dette publique ?<br>Question 8. Faut-il toujours financer l\u2019investissement public par la dette publique ?<\/p>\n\n\n\n<p><strong>Pour d\u00e9couvrir les r\u00e9ponses, t\u00e9l\u00e9chargez ci-dessous le document \u00ab\u00a0Nos ambitions &#8211; Dette publique : quel positionnement syndical pour une soutenabilit\u00e9 \u00e9conomique, social et environnemental ?\u00a0\u00bb<\/strong><\/p>\n\n\n\n<h4 class=\"wp-block-heading\">T\u00c9L\u00c9CHARGEMENT DE FICHIERS<\/h4>\n\n\n\n<ul class=\"wp-block-list\"><li><a rel=\"noreferrer noopener\" target=\"_blank\" href=\"https:\/\/cfdt.fr\/upload\/docs\/application\/pdf\/2021-03\/nos-ambitions-210321-dette-publique.pdf\"><span class=\"has-inline-color has-vivid-cyan-blue-color\"><strong>&gt; NOS-AMBITIONS-210321-Dette-Publique<\/strong><\/span><\/a><\/li><\/ul>\n","protected":false},"excerpt":{"rendered":"<p>Publi\u00e9 le 25\/03\/2021 sur le site de la CFDT ICI Le sujet de la dette publique rel\u00e8ve d\u2019un d\u00e9bat beaucoup plus soci\u00e9tal qu\u2019il n\u2019y para\u00eet. C\u2019est d\u2019ailleurs l\u00e0 que repose la valeur ajout\u00e9e syndicale : sortir d\u2019un d\u00e9bat technique pour redonner du sens \u00e0 la dette !&nbsp; D\u00e9couvrez les positions<\/p>\n","protected":false},"author":19,"featured_media":0,"comment_status":"closed","ping_status":"open","sticky":false,"template":"","format":"standard","meta":{"footnotes":""},"categories":[5],"tags":[314],"class_list":["post-23117","post","type-post","status-publish","format-standard","hentry","category-epst","tag-dette-publique","ct-col-2"],"amp_enabled":true,"_links":{"self":[{"href":"https:\/\/cfdt-recherche-epst.org\/index.php?rest_route=\/wp\/v2\/posts\/23117","targetHints":{"allow":["GET"]}}],"collection":[{"href":"https:\/\/cfdt-recherche-epst.org\/index.php?rest_route=\/wp\/v2\/posts"}],"about":[{"href":"https:\/\/cfdt-recherche-epst.org\/index.php?rest_route=\/wp\/v2\/types\/post"}],"author":[{"embeddable":true,"href":"https:\/\/cfdt-recherche-epst.org\/index.php?rest_route=\/wp\/v2\/users\/19"}],"replies":[{"embeddable":true,"href":"https:\/\/cfdt-recherche-epst.org\/index.php?rest_route=%2Fwp%2Fv2%2Fcomments&post=23117"}],"version-history":[{"count":2,"href":"https:\/\/cfdt-recherche-epst.org\/index.php?rest_route=\/wp\/v2\/posts\/23117\/revisions"}],"predecessor-version":[{"id":23119,"href":"https:\/\/cfdt-recherche-epst.org\/index.php?rest_route=\/wp\/v2\/posts\/23117\/revisions\/23119"}],"wp:attachment":[{"href":"https:\/\/cfdt-recherche-epst.org\/index.php?rest_route=%2Fwp%2Fv2%2Fmedia&parent=23117"}],"wp:term":[{"taxonomy":"category","embeddable":true,"href":"https:\/\/cfdt-recherche-epst.org\/index.php?rest_route=%2Fwp%2Fv2%2Fcategories&post=23117"},{"taxonomy":"post_tag","embeddable":true,"href":"https:\/\/cfdt-recherche-epst.org\/index.php?rest_route=%2Fwp%2Fv2%2Ftags&post=23117"}],"curies":[{"name":"wp","href":"https:\/\/api.w.org\/{rel}","templated":true}]}}