{"id":23129,"date":"2021-03-25T10:25:00","date_gmt":"2021-03-25T08:25:00","guid":{"rendered":"https:\/\/epst-sgen-cfdt.org\/?p=23129"},"modified":"2021-04-06T11:33:21","modified_gmt":"2021-04-06T09:33:21","slug":"teletravail-dans-la-fonction-publique-des-progres-mais-peut-encore-mieux-faire","status":"publish","type":"post","link":"https:\/\/cfdt-recherche-epst.org\/?p=23129","title":{"rendered":"T\u00e9l\u00e9travail dans la fonction publique : des progr\u00e8s, mais peut (encore) mieux faire"},"content":{"rendered":"<div>You need to add a widget, row, or prebuilt layout before you&rsquo;ll see anything here. \ud83d\ude42<\/div>\n\n\n<figure class=\"wp-block-image is-resized\"><img loading=\"lazy\" decoding=\"async\" src=\"https:\/\/cdn.pixabay.com\/photo\/2020\/03\/28\/16\/03\/dog-4977599__340.jpg\" alt=\"Chien, Confinement, T\u00e9l\u00e9travail, Bichon\" width=\"276\" height=\"184\"\/><\/figure>\n\n\n\n<p><strong>Face au rebond de l&rsquo;\u00e9pid\u00e9mie de Covid-19, le gouvernement appelle les Fran\u00e7ais \u00e0 reprendre le t\u00e9l\u00e9travail au moins quatre jours par semaine. Depuis le d\u00e9but de la crise, la fonction publique est \u00e0 la tra\u00eene dans son adaptation. Mais en un an, des efforts importants ont \u00e9t\u00e9 faits, \u00e0 la fois sur le rythme et l&rsquo;\u00e9quipement des fonctionnaires.<\/strong><\/p>\n\n\n\n<p>Au moins&nbsp;<a href=\"https:\/\/www.europe1.fr\/politique\/fonction-publique-amelie-de-montchalin-annonce-un-renforcement-des-regles-du-teletravail-4022856\">quatre jours de t\u00e9l\u00e9travail par semaine<\/a>&nbsp;: la r\u00e8gle, limpide, a \u00e9t\u00e9 rappel\u00e9e par le gouvernement le 18 mars pour endiguer la nouvelle vague de&nbsp;<a href=\"https:\/\/www.europe1.fr\/dossiers\/coronavirus\">Covid-19<\/a>. Une consigne valable pour toute la France, pas uniquement dans les d\u00e9partements sujets \u00e0 des confinements.&nbsp;<a href=\"https:\/\/www.europe1.fr\/economie\/renforcement-du-teletravail-quelle-marge-de-manoeuvre-reste-t-il-aux-entreprises-4033274\">Elle d&rsquo;adresse, \u00e9videmment, aux entreprises<\/a>&nbsp;mais aussi \u00e0 la fonction publique. Les fonctionnaires d&rsquo;\u00c9tat sont en retard par rapport aux entreprises : seuls 55% d\u2019entre eux t\u00e9l\u00e9travaillent au moins un jour par semaine (hors policiers et enseignants). Certes, ils n&rsquo;\u00e9taient que 40% lors du premier confinement, signe d&rsquo;un progr\u00e8s. Mais le gouvernement en demande plus.<\/p>\n\n\n\n<p><a href=\"https:\/\/www.europe1.fr\/economie\/teletravail-dans-la-fonction-publique-des-progres-mais-peut-encore-mieux-faire-4033744\" target=\"_blank\" rel=\"noreferrer noopener\">Europe 1 : 25\/03\/2021<\/a><\/p>\n","protected":false},"excerpt":{"rendered":"<p>Face au rebond de l&rsquo;\u00e9pid\u00e9mie de Covid-19, le gouvernement appelle les Fran\u00e7ais \u00e0 reprendre le t\u00e9l\u00e9travail au moins quatre jours par semaine. Depuis le d\u00e9but de la crise, la fonction publique est \u00e0 la tra\u00eene dans son adaptation. Mais en un an, des efforts importants ont \u00e9t\u00e9 faits, \u00e0 la<\/p>\n","protected":false},"author":6,"featured_media":0,"comment_status":"closed","ping_status":"open","sticky":false,"template":"","format":"standard","meta":{"footnotes":""},"categories":[248],"tags":[81],"class_list":["post-23129","post","type-post","status-publish","format-standard","hentry","category-revue-de-presse","tag-teletravail","ct-col-2"],"amp_enabled":true,"_links":{"self":[{"href":"https:\/\/cfdt-recherche-epst.org\/index.php?rest_route=\/wp\/v2\/posts\/23129","targetHints":{"allow":["GET"]}}],"collection":[{"href":"https:\/\/cfdt-recherche-epst.org\/index.php?rest_route=\/wp\/v2\/posts"}],"about":[{"href":"https:\/\/cfdt-recherche-epst.org\/index.php?rest_route=\/wp\/v2\/types\/post"}],"author":[{"embeddable":true,"href":"https:\/\/cfdt-recherche-epst.org\/index.php?rest_route=\/wp\/v2\/users\/6"}],"replies":[{"embeddable":true,"href":"https:\/\/cfdt-recherche-epst.org\/index.php?rest_route=%2Fwp%2Fv2%2Fcomments&post=23129"}],"version-history":[{"count":2,"href":"https:\/\/cfdt-recherche-epst.org\/index.php?rest_route=\/wp\/v2\/posts\/23129\/revisions"}],"predecessor-version":[{"id":23193,"href":"https:\/\/cfdt-recherche-epst.org\/index.php?rest_route=\/wp\/v2\/posts\/23129\/revisions\/23193"}],"wp:attachment":[{"href":"https:\/\/cfdt-recherche-epst.org\/index.php?rest_route=%2Fwp%2Fv2%2Fmedia&parent=23129"}],"wp:term":[{"taxonomy":"category","embeddable":true,"href":"https:\/\/cfdt-recherche-epst.org\/index.php?rest_route=%2Fwp%2Fv2%2Fcategories&post=23129"},{"taxonomy":"post_tag","embeddable":true,"href":"https:\/\/cfdt-recherche-epst.org\/index.php?rest_route=%2Fwp%2Fv2%2Ftags&post=23129"}],"curies":[{"name":"wp","href":"https:\/\/api.w.org\/{rel}","templated":true}]}}