{"id":23194,"date":"2021-04-02T11:39:00","date_gmt":"2021-04-02T09:39:00","guid":{"rendered":"https:\/\/epst-sgen-cfdt.org\/?p=23194"},"modified":"2022-04-27T10:46:58","modified_gmt":"2022-04-27T09:46:58","slug":"suivi-de-la-situation-sanitaire-visioconference-du-vendredi-2-avril-2021","status":"publish","type":"post","link":"https:\/\/cfdt-recherche-epst.org\/?p=23194","title":{"rendered":"Suivi de la situation sanitaire : Visioconf\u00e9rence du vendredi 2 avril 2021"},"content":{"rendered":"\n<p><a href=\"https:\/\/uffa.cfdt.fr\/portail\/uffa\/covid-19\/suivi-de-la-situation-sanitaire-visioconference-du-vendredi-2-avril-2021-srv1_1171510\">Publi\u00e9 le 02\/04\/2021 Par CFDT-Fonctions publiques<\/a><\/p>\n\n\n\n<p>Ce temps d\u2019\u00e9changes s\u2019est tenu \u00e0 l\u2019invitation de la Ministre, suite aux annonces du Pr\u00e9sident de la R\u00e9publique le 31 mars, sur le renforcement des mesures sanitaires.<\/p>\n\n\n\n<figure class=\"wp-block-image is-resized\"><img loading=\"lazy\" decoding=\"async\" src=\"https:\/\/uffa.cfdt.fr\/upload\/docs\/image\/jpeg\/2021-01\/covid-19_2021-01-28_14-22-57_233.jpg.associated\/th-670x670-covid-19_2021-01-28_14-22-57_233.jpg.jpg\" alt=\"\" width=\"303\" height=\"231\"\/><\/figure>\n\n\n\n<p>En d\u00e9but de r\u00e9union, la Ministre a apport\u00e9 les informations suivantes&nbsp;:<\/p>\n\n\n\n<ul class=\"wp-block-list\"><li>Cet \u00e9change vise \u00e0 tenir compte des remont\u00e9es pour mettre \u00e0 jour FAQ et instructions diverses. La Ministre a redit \u00e0 quel point elle et l\u2019ensemble du Gouvernement sont conscients des efforts demand\u00e9s aux soignants, \u00e0 tous les personnels des services de sant\u00e9, et \u00e0 l\u2019ensemble des agents publics.<\/li><li>Les cr\u00e8ches hospitali\u00e8res resteront ouvertes. Et certains accueils resteront ouverts en ext\u00e9rieur, notamment dans certains quartiers prioritaires. Un \u00e9change est pr\u00e9vu cet apr\u00e8s-midi entre \u00e9lus, Premier ministre et plusieurs ministres.<\/li><li>La Ministre souhaite que des <strong>instructions<\/strong> soient <strong>publi\u00e9es dans la journ\u00e9e<\/strong>, claires, pragmatiques et adapt\u00e9es&nbsp;:<ul><li><strong>Maintenir les services publics ouverts<\/strong> et pro-actifs dans le strict respect des r\u00e8gles sanitaires. Les accueils physiques doivent \u00eatre maintenus pour les usagers les plus en difficult\u00e9s.<\/li><li>Les <strong>cong\u00e9s <\/strong>: les cong\u00e9s pos\u00e9s doivent \u00eatre valid\u00e9s afin de pr\u00e9server les attentes des agents. Pour les agents qui avaient pos\u00e9 des cong\u00e9s apr\u00e8s le 26 avril, ils doivent pouvoir les d\u00e9caler et les anticiper, s\u2019ils le souhaitent, pour tenir compte des modifications du calendrier scolaire.<\/li><li>Les <strong>ASA \u00ab garde d\u2019enfants \u00bb&nbsp;<\/strong>: elles sont accord\u00e9es aujourd\u2019hui \u00e0 certaines conditions. En plus des cas pr\u00e9vus actuellement, les ASA pourraient \u00eatre accord\u00e9es avec bienveillance par les chefs de service jusqu\u2019au 26 avril pour les agents qui auraient des activit\u00e9s t\u00e9l\u00e9travaillables mais dont les structures d\u2019accueil ou les \u00e9coles sont ferm\u00e9es. La mesure ne pourra b\u00e9n\u00e9ficier qu\u2019\u00e0 un seul parent \u00e0 la fois, \u00e0 la demande de l\u2019agent et sur la base d\u2019une attestation sur l\u2019honneur (exception faite des familles monoparentales). La mesure devra b\u00e9n\u00e9ficier \u00e0 tous les agents, quel que soit leur statut, et sera diff\u00e9rente du contingent d\u2019autorisations d\u2019absence pour enfants malades.<\/li><li>Le <strong>t\u00e9l\u00e9travail <\/strong>: la syst\u00e9matisation n\u2019emp\u00eachera pas de revenir un jour par semaine (maximum) sur son lieu de travail. Les chiffres continuent d\u2019augmenter. Les services d\u00e9concentr\u00e9s atteignent d\u00e9sormais 48&nbsp;% d\u2019agents qui font au moins un jour de t\u00e9l\u00e9travail hebdomadaire. La mise en \u0153uvre du t\u00e9l\u00e9travail est tr\u00e8s suivie, y compris par la cellule interminist\u00e9rielle de crise.<\/li><li>La <strong>vaccination<\/strong> sera mise en place pour les agents les plus expos\u00e9s, sur la base de situation de travail r\u00e9el (communaut\u00e9 \u00e9ducative, personnels des \u00e9coles et non uniquement les enseignants par exemple). L\u2019enjeu est de mettre en place une organisation qui permettent une campagne fluide et efficace, gage de s\u00e9r\u00e9nit\u00e9.<\/li><li>Enfin, la ministre a dit un mot sur l\u2019<strong>implication des agents dans la strat\u00e9gie vaccinale<\/strong> qui devra \u00eatre facilit\u00e9e, encadr\u00e9e, y compris en mati\u00e8re de r\u00e9mun\u00e9ration, sans d\u00e9velopper davantage car ce n\u2019\u00e9tait pas le sujet au c\u0153ur des \u00e9changes.<\/li><\/ul><\/li><\/ul>\n\n\n\n<p>Les huit organisations syndicales pr\u00e9sentes se sont ensuite exprim\u00e9es (la CGT estimant que ces r\u00e9unions ne sont pas utiles).<\/p>\n\n\n\n<p><strong>Intervention de la CFDT&nbsp;<\/strong><\/p>\n\n\n\n<p>Madame la Ministre,<\/p>\n\n\n\n<p>La CFDT ne fera pas d\u2019intervention particuli\u00e8rement d\u00e9taill\u00e9e. Avant de dire quelques mots quand m\u00eame, je fais une nouvelle fois \u00e9tat des retours positifs de nos \u00e9quipes sur le suivi que vous permettez d\u2019op\u00e9rer.<\/p>\n\n\n\n<p>Pour aujourd\u2019hui, voici donc les remont\u00e9es sur lesquelles nous choisissons d\u2019appeler votre attention, toujours en lien avec nos f\u00e9d\u00e9rations&nbsp;:<\/p>\n\n\n\n<ul class=\"wp-block-list\"><li>Faire face aux d\u00e9fis des prochaines semaines dont nous esp\u00e9rons tous qu\u2019elles d\u00e9bouchent sur des perspectives enfin positives, va exiger un appel clair \u00e0 renforcer un <strong>dialogue social de qualit\u00e9<\/strong>. L\u2019information ne suffit pas, ne suffit plus. Il faut vraiment co-construire des organisations du travail \u00e0 la hauteur des enjeux, dans tous les secteurs.<\/li><li>Le renforcement des mesures concernant les <strong>cr\u00e8ches, \u00e9coles, coll\u00e8ges, lyc\u00e9es<\/strong> va avoir un impact lourd sur les familles. D\u2019abord, la CFDT souhaite que le report de cong\u00e9s d\u00e9j\u00e0 d\u00e9pos\u00e9s par les agents soit possible afin de tenir compte de la modification du calendrier scolaire. Et la CFDT souhaite \u00e9galement que le recours aux ASA soit \u00e0 nouveau rendu possible. Il est toutefois hors de question pour nous d\u2019accepter une quelconque obligation qui serait faite aux parents (et, disons-le clairement&nbsp;: g\u00e9n\u00e9ralement, aux m\u00e8res) d\u2019\u00eatre plac\u00e9es en ASA. Le choix doit \u00eatre laiss\u00e9 chaque fois que possible entre t\u00e9l\u00e9travail et ASA (voire pr\u00e9sentiel pour les activit\u00e9s non-t\u00e9l\u00e9travaillables).<\/li><li>Sur le <strong>t\u00e9l\u00e9travail<\/strong>, les r\u00e9ticences persistent. Les taux de t\u00e9l\u00e9travail restent encore trop souvent bien en-de\u00e7\u00e0 des attentes, vous le savez.<\/li><li>Sur la <strong>vaccination <\/strong>: tr\u00e8s clairement, o\u00f9 en est-on&nbsp;? Nous vous l\u2019avons d\u00e9j\u00e0 exprim\u00e9&nbsp;: on ne peut accepter de priorisation autre que celle li\u00e9e au travail r\u00e9el et aux risques de contamination auquel il expose. Et, encore une fois, nous rappelons que cette vaccination appelle une r\u00e9ponse \u00e0 la question des arr\u00eats maladie li\u00e9s aux effets secondaires constat\u00e9s qui entrainent toujours l\u2019application du <strong>jour de carence<\/strong>. Les arbitrages ne doivent plus tarder. L\u2019urgence de la situation ne tol\u00e8re plus d\u2019atermoiements d\u00e9vastateurs.<\/li><li>Enfin, dans son allocution, le Pr\u00e9sident de la R\u00e9publique a mentionn\u00e9 aussi les perspectives de calendrier de <strong>r\u00e9ouvertures \u00e0 venir<\/strong> des \u00e9coles, lieux de culture, \u2026 Il convient de les envisager sans tarder. Ne reproduisons pas les m\u00eames erreurs \u00e0 l\u2019envi, mais capitalisons sur l\u2019exp\u00e9rience, aussi terrible soit-elle. Et, la CFDT a \u00e9galement entendu les derniers mots du Pr\u00e9sident de la R\u00e9publique&nbsp;qui propose de \u00ab&nbsp;tirer ensemble toutes les le\u00e7ons de cette \u00e9preuve&nbsp;\u00bb. Nous serons pr\u00eats \u00e0 y travailler.<\/li><\/ul>\n\n\n\n<p><strong>R\u00e9ponses de la Ministre<\/strong><\/p>\n\n\n\n<p>Sur le <strong>dialogue social<\/strong> de qualit\u00e9, la co-construction d\u2019organisations du travail, sur la n\u00e9cessaire proximit\u00e9, le souci est partag\u00e9.&nbsp;L\u2019intelligence collective est de meilleur conseil que la d\u00e9cision solitaire. La question devra aussi \u00eatre au c\u0153ur du bilan collectif, qui sera fait.<\/p>\n\n\n\n<p>Les <strong>FAQ<\/strong> seront publi\u00e9es dans la journ\u00e9e, et les r\u00e8gles seront rappel\u00e9es d\u00e8s cet apr\u00e8s-midi aux employeurs territoriaux par le Premier ministre. Les DGRH des minist\u00e8res sont r\u00e9unis en fin de matin\u00e9e. Et les organisations syndicales seront destinataires des FAQ qui vont \u00eatre enrichies et pr\u00e9cis\u00e9es sur certains points, sur la base de ces \u00e9changes avec les organisations syndicales.<\/p>\n\n\n\n<p>Sur les <strong>ASA<\/strong>&nbsp;: il n\u2019y aura pas d\u2019automaticit\u00e9 entre avoir un enfant de moins de 16 ans et placement en ASA. La possibilit\u00e9 d\u2019\u00eatre en ASA sera \u00e9largie m\u00eame pour les agents dont l\u2019activit\u00e9 est t\u00e9l\u00e9travaillable (s\u2019ils ne sont pas en cong\u00e9s) et qui ont des enfants trop jeunes pour \u00eatre scolaris\u00e9s ou scolaris\u00e9s dans le premier degr\u00e9, mais sur leur demande.<\/p>\n\n\n\n<p>Sur le <strong>t\u00e9l\u00e9travail<\/strong>, il sera rappel\u00e9 que les agents n\u2019ont pas \u00e0 faire de demande pour pouvoir t\u00e9l\u00e9travailler (comme le demandent certains services\u2026). Sur les administrations en r\u00e9seaux, le crit\u00e8re g\u00e9ographique ne peut pas \u00eatre un obstacle au respect des instructions.<\/p>\n\n\n\n<p>Sur la <strong>vaccination<\/strong>&nbsp;: il faut lever au maximum les freins \u00e0 la vaccination et la question des effets secondaires (qui ne doivent pas \u00eatre p\u00e9nalisants) en est un, la Ministre en a convenu et continue de militer pour qu\u2019une solution soit trouv\u00e9e.<\/p>\n","protected":false},"excerpt":{"rendered":"<p>Publi\u00e9 le 02\/04\/2021 Par CFDT-Fonctions publiques Ce temps d\u2019\u00e9changes s\u2019est tenu \u00e0 l\u2019invitation de la Ministre, suite aux annonces du Pr\u00e9sident de la R\u00e9publique le 31 mars, sur le renforcement des mesures sanitaires. En d\u00e9but de r\u00e9union, la Ministre a apport\u00e9 les informations suivantes&nbsp;: Cet \u00e9change vise \u00e0 tenir compte<\/p>\n","protected":false},"author":19,"featured_media":0,"comment_status":"closed","ping_status":"open","sticky":false,"template":"","format":"standard","meta":{"footnotes":""},"categories":[5],"tags":[233],"class_list":["post-23194","post","type-post","status-publish","format-standard","hentry","category-epst","tag-covid","ct-col-2"],"amp_enabled":true,"_links":{"self":[{"href":"https:\/\/cfdt-recherche-epst.org\/index.php?rest_route=\/wp\/v2\/posts\/23194","targetHints":{"allow":["GET"]}}],"collection":[{"href":"https:\/\/cfdt-recherche-epst.org\/index.php?rest_route=\/wp\/v2\/posts"}],"about":[{"href":"https:\/\/cfdt-recherche-epst.org\/index.php?rest_route=\/wp\/v2\/types\/post"}],"author":[{"embeddable":true,"href":"https:\/\/cfdt-recherche-epst.org\/index.php?rest_route=\/wp\/v2\/users\/19"}],"replies":[{"embeddable":true,"href":"https:\/\/cfdt-recherche-epst.org\/index.php?rest_route=%2Fwp%2Fv2%2Fcomments&post=23194"}],"version-history":[{"count":1,"href":"https:\/\/cfdt-recherche-epst.org\/index.php?rest_route=\/wp\/v2\/posts\/23194\/revisions"}],"predecessor-version":[{"id":23195,"href":"https:\/\/cfdt-recherche-epst.org\/index.php?rest_route=\/wp\/v2\/posts\/23194\/revisions\/23195"}],"wp:attachment":[{"href":"https:\/\/cfdt-recherche-epst.org\/index.php?rest_route=%2Fwp%2Fv2%2Fmedia&parent=23194"}],"wp:term":[{"taxonomy":"category","embeddable":true,"href":"https:\/\/cfdt-recherche-epst.org\/index.php?rest_route=%2Fwp%2Fv2%2Fcategories&post=23194"},{"taxonomy":"post_tag","embeddable":true,"href":"https:\/\/cfdt-recherche-epst.org\/index.php?rest_route=%2Fwp%2Fv2%2Ftags&post=23194"}],"curies":[{"name":"wp","href":"https:\/\/api.w.org\/{rel}","templated":true}]}}