{"id":23537,"date":"2021-04-20T11:11:00","date_gmt":"2021-04-20T09:11:00","guid":{"rendered":"https:\/\/epst-sgen-cfdt.org\/?p=23537"},"modified":"2021-04-21T11:31:27","modified_gmt":"2021-04-21T09:31:27","slug":"integration-de-la-ferc-cgt-au-comite-de-suivi-du-protocole-du-12-octobre-2020-ce-quen-dit-le-sgen-cfdt","status":"publish","type":"post","link":"https:\/\/cfdt-recherche-epst.org\/?p=23537","title":{"rendered":"Int\u00e9gration de la Ferc-CGT au comit\u00e9 de suivi du protocole du 12 octobre 2020 : ce qu&rsquo;en dit le Sgen-CFDT !"},"content":{"rendered":"\n<p><a href=\"https:\/\/www.aefinfo.fr\/depeche\/650659\">Extraits d&rsquo;AEF : du 20 avril 2021<\/a><\/p>\n\n\n\n<p>\u00a0\u00bb Si c\u2019est pour faire des propositions constructives, tant mieux\u00a0\u00bb. \u00ab\u00a0Cette d\u00e9cision du Conseil d\u2019\u00c9tat ne nous surprend pas plus que \u00e7a. Nous ne sommes pas tomb\u00e9s de notre chaise\u00a0\u00bb, commente pour sa part Franck Loureiro, secr\u00e9taire g\u00e9n\u00e9ral adjoint du Sgen-CFDT. \u00ab\u00a0Nous allons voir comment se positionne la CGT lors de la prochaine r\u00e9union du comit\u00e9 de suivi. Si c\u2019est pour faire des propositions constructives, tant mieux. Nous, au d\u00e9part, nous voulions que la CGT signe l\u2019accord, et nous savons qu\u2019elle trouvait que le protocole contenait des propositions int\u00e9ressantes. La preuve, le SNCSFSU \u00e9tait favorable \u00e0 la signature (lire sur AEF info). En revanche, si \u00e0 chaque fois que la CGT vient aux r\u00e9unions, l\u2019objectif est de nous mettre des b\u00e2tons dans les roues, alors j\u2019arr\u00eaterai d\u2019aller au comit\u00e9 de suivi et je discuterai directement avec le cabinet\u00a0\u00bb, r\u00e9agit Franck Loureiro.<\/p>\n\n\n\n<p>Par ailleurs, il regrette \u00ab\u00a0le jeu probl\u00e9matique de certaines organisations syndicales qui refusent de s\u2019engager et attendent que d\u2019autres m\u00e8nent les discussions et prennent des risques, pour venir ensuite r\u00e9cup\u00e9rer les b\u00e9n\u00e9fices de ce qu\u2019ont fait les autres.\u00a0\u00bb Et le secr\u00e9taire adjoint du Sgen-CFDT d\u2019ajouter : <strong>\u00ab\u00a0J\u2019appelle \u00e7a un syndicalisme de coucou !\u00a0\u00bb <\/strong>ou, pour reprendre l\u2019expression utilis\u00e9e par Laurent Berger, secr\u00e9taire g\u00e9n\u00e9ral de la CFDT, un \u00ab\u00a0syndicalisme de spectateurs\u00a0\u00bb et un \u00ab\u00a0syndicalisme d\u2019acteurs\u00a0\u00bb. Il rappelle ainsi \u00ab\u00a0<strong>qu\u2019au moment du vote de la LPR en Cneser, la CGT \u00e9tait absente, qu\u2019elle n\u2019a quasiment pas particip\u00e9 aux n\u00e9gociations sur le protocole avant sa signature<\/strong>, pour ensuite, faire des pieds et des mains pour participer aux travaux de mise en oeuvre de l\u2019accord majoritaire\u00a0\u00bb. <strong>Il d\u00e9plore \u00e9galement la r\u00e9action de la Ferc-CGT et l\u2019UFSE-CGT \u00e0 la d\u00e9cision du Conseil d\u2019\u00c9tat qui \u00e9voquent \u00ab\u00a0la fin des petits arrangements entre amis\u00a0\u00bb (lire sur AEF info) : \u00ab\u00a0Nous ne sommes pas dans l\u2019id\u00e9e qu\u2019il y a des amis ou des ennemis mais qu\u2019il y a des interlocuteurs, m\u00eame si on ne les choisit pas\u00a0\u00bb, souligne-t-il.<\/strong><\/p>\n\n\n\n<p>Est-ce que cette affaire pourrait remettre en question la signature de prochains accords ? \u00ab\u00a0Clairement, \u00e7a nous interroge sur les dispositifs l\u00e9gislatifs qui encadrent les accords majoritaires et les comit\u00e9s de suivi. Il manque quelque chose, \u00e0 commencer par le respect des signataires. Apr\u00e8s, cela ne nous en emp\u00eachera pas de continuer \u00e0 agir pour qu\u2019il y ait des accords majoritaires. Car ce qui nous int\u00e9resse, c\u2019est avant tout le droit des agents\u00a0\u00bb, commente Franck Loureiro.<\/p>\n","protected":false},"excerpt":{"rendered":"<p>Extraits d&rsquo;AEF : du 20 avril 2021 \u00a0\u00bb Si c\u2019est pour faire des propositions constructives, tant mieux\u00a0\u00bb. \u00ab\u00a0Cette d\u00e9cision du Conseil d\u2019\u00c9tat ne nous surprend pas plus que \u00e7a. Nous ne sommes pas tomb\u00e9s de notre chaise\u00a0\u00bb, commente pour sa part Franck Loureiro, secr\u00e9taire g\u00e9n\u00e9ral adjoint du Sgen-CFDT. \u00ab\u00a0Nous allons<\/p>\n","protected":false},"author":19,"featured_media":0,"comment_status":"closed","ping_status":"open","sticky":false,"template":"","format":"standard","meta":{"footnotes":""},"categories":[5],"tags":[],"class_list":["post-23537","post","type-post","status-publish","format-standard","hentry","category-epst","ct-col-2"],"amp_enabled":true,"_links":{"self":[{"href":"https:\/\/cfdt-recherche-epst.org\/index.php?rest_route=\/wp\/v2\/posts\/23537","targetHints":{"allow":["GET"]}}],"collection":[{"href":"https:\/\/cfdt-recherche-epst.org\/index.php?rest_route=\/wp\/v2\/posts"}],"about":[{"href":"https:\/\/cfdt-recherche-epst.org\/index.php?rest_route=\/wp\/v2\/types\/post"}],"author":[{"embeddable":true,"href":"https:\/\/cfdt-recherche-epst.org\/index.php?rest_route=\/wp\/v2\/users\/19"}],"replies":[{"embeddable":true,"href":"https:\/\/cfdt-recherche-epst.org\/index.php?rest_route=%2Fwp%2Fv2%2Fcomments&post=23537"}],"version-history":[{"count":5,"href":"https:\/\/cfdt-recherche-epst.org\/index.php?rest_route=\/wp\/v2\/posts\/23537\/revisions"}],"predecessor-version":[{"id":23547,"href":"https:\/\/cfdt-recherche-epst.org\/index.php?rest_route=\/wp\/v2\/posts\/23537\/revisions\/23547"}],"wp:attachment":[{"href":"https:\/\/cfdt-recherche-epst.org\/index.php?rest_route=%2Fwp%2Fv2%2Fmedia&parent=23537"}],"wp:term":[{"taxonomy":"category","embeddable":true,"href":"https:\/\/cfdt-recherche-epst.org\/index.php?rest_route=%2Fwp%2Fv2%2Fcategories&post=23537"},{"taxonomy":"post_tag","embeddable":true,"href":"https:\/\/cfdt-recherche-epst.org\/index.php?rest_route=%2Fwp%2Fv2%2Ftags&post=23537"}],"curies":[{"name":"wp","href":"https:\/\/api.w.org\/{rel}","templated":true}]}}