{"id":24933,"date":"2021-06-30T12:38:00","date_gmt":"2021-06-30T10:38:00","guid":{"rendered":"https:\/\/epst-sgen-cfdt.org\/?p=24933"},"modified":"2022-04-27T10:46:37","modified_gmt":"2022-04-27T09:46:37","slug":"24933","status":"publish","type":"post","link":"https:\/\/cfdt-recherche-epst.org\/?p=24933","title":{"rendered":"[REPLAY] ENQU\u00caTE FOCUS JEUNES : PR\u00c9SENTATION DES R\u00c9SULTATS"},"content":{"rendered":"\n<h1 class=\"wp-block-heading\">Publi\u00e9 le 30\/06\/2021<\/h1>\n\n\n\n<p><strong>La CFDT a lanc\u00e9 du 3 mai au 10 juin 2021 une enqu\u00eate aupr\u00e8s des jeunes de 16 \u00e0 30 ans pour mieux appr\u00e9hender leurs conditions de vie en p\u00e9riode de crise sanitaire. Ces r\u00e9sultats ont \u00e9t\u00e9 pr\u00e9sent\u00e9s en direct le mardi 6 juillet 2021. D\u00e9couvrez ici la restitution de cette enqu\u00eate.<\/strong><\/p>\n\n\n\n<p>Ce live s&rsquo;est d\u00e9roul\u00e9 en pr\u00e9sence de :&nbsp;<\/p>\n\n\n\n<ul class=\"wp-block-list\"><li>Maryam Pougetoux, co-responsable du Forum Fran\u00e7ais de la Jeunesse<\/li><li>Monique Dagnaud, sociologue<\/li><li>In\u00e8s Minin, secr\u00e9taire nationale de la CFDT, en charge notamment de la politique \u00e0 l&rsquo;\u00e9gard des jeunes<\/li><li>Marie Bretonni\u00e8re, d\u00e9l\u00e9gu\u00e9e jeunes CFDT<\/li><li>Nicolas Bellissimo, JOC (Jeunesse Ouvri\u00e8re Chr\u00e9tienne)<\/li><li>Tha\u00efs Blanchard-Profit, jeunes CFDT FCE (F\u00e9d\u00e9ration Chimie Energie)<\/li><li>Paul Mayaux, FAGE (F\u00e9d\u00e9ration des associations g\u00e9n\u00e9rales \u00e9tudiantes)<\/li><li>No\u00e9mie Piot, jeunes CFDT Sant\u00e9-sociaux et Hamont Fichou, mission locale Synami (Syndicat National des M\u00e9tiers de l&rsquo;Insertion CFDT), t\u00e9moigneront de leur v\u00e9cu&nbsp;<\/li><li>Catherine Nave-Bekhti, secr\u00e9taire g\u00e9n\u00e9rale du SGEN (Syndicat g\u00e9n\u00e9ral de l&rsquo;\u00c9ducation nationale CFDT) &nbsp; &nbsp;<\/li><li>Animation : Nicolas Ballot, journaliste&nbsp; <\/li><\/ul>\n\n\n\n<figure class=\"wp-block-image\"><a href=\"https:\/\/www.cfdt.fr\/portail\/actualites\/jeunes\/-replay-enquete-focus-jeunes-presentation-des-resultats-srv1_1185128\"><img decoding=\"async\" src=\"https:\/\/www.cfdt.fr\/upload\/docs\/image\/jpeg\/2021-06\/1.publi_twit_2021-06-30_16-33-49_417.jpg.associated\/th-670x670-1.publi_twit_2021-06-30_16-33-49_417.jpg.jpg\" alt=\"\"\/><\/a><\/figure>\n\n\n\n<h2 class=\"wp-block-heading\"><a href=\"https:\/\/www.dailymotion.com\/video\/x82i66i\">voir le live ICI <\/a><\/h2>\n\n\n\n<div class=\"wp-block-file\"><a href=\"https:\/\/cfdt-recherche-epst.org\/wp-content\/uploads\/2021\/07\/focus2-resultatsenquete-02_2021-07-06_18-52-48_272.pdf\">focus2-resultatsenquete-02_2021-07-06_18-52-48_272<\/a><a href=\"https:\/\/cfdt-recherche-epst.org\/wp-content\/uploads\/2021\/07\/focus2-resultatsenquete-02_2021-07-06_18-52-48_272.pdf\" class=\"wp-block-file__button\" download>T\u00e9l\u00e9charger<\/a><\/div>\n\n\n\n<figure class=\"wp-block-image size-large\"><a href=\"https:\/\/cfdt-recherche-epst.org\/wp-content\/uploads\/2021\/07\/focus2-resultatsenquete-02_2021-07-06_18-52-48_272.pdf\"><img loading=\"lazy\" decoding=\"async\" width=\"724\" height=\"1024\" src=\"https:\/\/cfdt-recherche-epst.org\/wp-content\/uploads\/2021\/07\/focus2-resultatsenquete-02_2021-07-06_18-52-48_272_Page_01-724x1024.jpg\" alt=\"\" class=\"wp-image-24935\" srcset=\"https:\/\/cfdt-recherche-epst.org\/wp-content\/uploads\/2021\/07\/focus2-resultatsenquete-02_2021-07-06_18-52-48_272_Page_01-724x1024.jpg 724w, https:\/\/cfdt-recherche-epst.org\/wp-content\/uploads\/2021\/07\/focus2-resultatsenquete-02_2021-07-06_18-52-48_272_Page_01-212x300.jpg 212w, https:\/\/cfdt-recherche-epst.org\/wp-content\/uploads\/2021\/07\/focus2-resultatsenquete-02_2021-07-06_18-52-48_272_Page_01-768x1086.jpg 768w, https:\/\/cfdt-recherche-epst.org\/wp-content\/uploads\/2021\/07\/focus2-resultatsenquete-02_2021-07-06_18-52-48_272_Page_01-1086x1536.jpg 1086w, https:\/\/cfdt-recherche-epst.org\/wp-content\/uploads\/2021\/07\/focus2-resultatsenquete-02_2021-07-06_18-52-48_272_Page_01.jpg 1448w, https:\/\/cfdt-recherche-epst.org\/wp-content\/uploads\/2021\/07\/focus2-resultatsenquete-02_2021-07-06_18-52-48_272_Page_01-1320x1867.jpg 1320w\" sizes=\"auto, (max-width: 724px) 100vw, 724px\" \/><\/a><\/figure>\n","protected":false},"excerpt":{"rendered":"<p>Publi\u00e9 le 30\/06\/2021 La CFDT a lanc\u00e9 du 3 mai au 10 juin 2021 une enqu\u00eate aupr\u00e8s des jeunes de 16 \u00e0 30 ans pour mieux appr\u00e9hender leurs conditions de vie en p\u00e9riode de crise sanitaire. Ces r\u00e9sultats ont \u00e9t\u00e9 pr\u00e9sent\u00e9s en direct le mardi 6 juillet 2021. D\u00e9couvrez ici<\/p>\n","protected":false},"author":19,"featured_media":0,"comment_status":"closed","ping_status":"open","sticky":false,"template":"","format":"standard","meta":{"footnotes":""},"categories":[5],"tags":[233],"class_list":["post-24933","post","type-post","status-publish","format-standard","hentry","category-epst","tag-covid","ct-col-2"],"amp_enabled":true,"_links":{"self":[{"href":"https:\/\/cfdt-recherche-epst.org\/index.php?rest_route=\/wp\/v2\/posts\/24933","targetHints":{"allow":["GET"]}}],"collection":[{"href":"https:\/\/cfdt-recherche-epst.org\/index.php?rest_route=\/wp\/v2\/posts"}],"about":[{"href":"https:\/\/cfdt-recherche-epst.org\/index.php?rest_route=\/wp\/v2\/types\/post"}],"author":[{"embeddable":true,"href":"https:\/\/cfdt-recherche-epst.org\/index.php?rest_route=\/wp\/v2\/users\/19"}],"replies":[{"embeddable":true,"href":"https:\/\/cfdt-recherche-epst.org\/index.php?rest_route=%2Fwp%2Fv2%2Fcomments&post=24933"}],"version-history":[{"count":6,"href":"https:\/\/cfdt-recherche-epst.org\/index.php?rest_route=\/wp\/v2\/posts\/24933\/revisions"}],"predecessor-version":[{"id":24974,"href":"https:\/\/cfdt-recherche-epst.org\/index.php?rest_route=\/wp\/v2\/posts\/24933\/revisions\/24974"}],"wp:attachment":[{"href":"https:\/\/cfdt-recherche-epst.org\/index.php?rest_route=%2Fwp%2Fv2%2Fmedia&parent=24933"}],"wp:term":[{"taxonomy":"category","embeddable":true,"href":"https:\/\/cfdt-recherche-epst.org\/index.php?rest_route=%2Fwp%2Fv2%2Fcategories&post=24933"},{"taxonomy":"post_tag","embeddable":true,"href":"https:\/\/cfdt-recherche-epst.org\/index.php?rest_route=%2Fwp%2Fv2%2Ftags&post=24933"}],"curies":[{"name":"wp","href":"https:\/\/api.w.org\/{rel}","templated":true}]}}