{"id":25305,"date":"2021-08-25T09:47:00","date_gmt":"2021-08-25T07:47:00","guid":{"rendered":"https:\/\/epst-sgen-cfdt.org\/?p=25305"},"modified":"2022-04-27T13:29:45","modified_gmt":"2022-04-27T12:29:45","slug":"remuneration-dans-la-fonction-publique-les-nouvelles-modalites-de-calcul-de-la-gipa","status":"publish","type":"post","link":"https:\/\/cfdt-recherche-epst.org\/?p=25305","title":{"rendered":"R\u00e9mun\u00e9ration dans la fonction publique : les nouvelles modalit\u00e9s de calcul de la GIPA"},"content":{"rendered":"\n<p><a href=\"https:\/\/www.service-public.fr\/particuliers\/actualites\/A15116?xtor=EPR-100\">Publi\u00e9 le 25 ao\u00fbt 2021 &#8211; Direction de l&rsquo;information l\u00e9gale et administrative (Premier ministre)<\/a><\/p>\n\n\n\n<figure class=\"wp-block-image\"><img decoding=\"async\" src=\"https:\/\/www.service-public.fr\/webapp\/images\/actu\/small\/I4838.jpeg\" alt=\"Illustration 1\"\/><figcaption>Illustration 1Cr\u00e9dits : \u00a9 HJBC &#8211; stock.adobe.com<\/figcaption><\/figure>\n\n\n\n<p>Afin de compenser une perte de pouvoir d&rsquo;achat, les fonctionnaires peuvent b\u00e9n\u00e9ficier, sous certaines conditions, d&rsquo;une indemnit\u00e9 appel\u00e9e&nbsp;\u00ab&nbsp;<em>garantie individuelle du pouvoir d&rsquo;achat<\/em>&nbsp;\u00bb&nbsp;(Gipa). Cette disposition a \u00e9t\u00e9 prolong\u00e9e jusqu&rsquo;en 2021. Un arr\u00eat\u00e9 paru au&nbsp;<em>Journal officiel<\/em>&nbsp;le 12&nbsp;ao\u00fbt&nbsp;2021 d\u00e9termine les \u00e9l\u00e9ments de calcul \u00e0 prendre en compte pour la mise en \u0153uvre de la garantie en&nbsp;2021.<\/p>\n\n\n\n<p>Pour b\u00e9n\u00e9ficier de cette garantie, l&rsquo;\u00e9volution du traitement brut doit \u00eatre inf\u00e9rieure \u00e0 celle de l&rsquo;indice des prix \u00e0 la consommation sur une p\u00e9riode de r\u00e9f\u00e9rence de quatre ans. Pour la mise en \u0153uvre de la garantie en 2021, les p\u00e9riodes de r\u00e9f\u00e9rence \u00e0 prendre en compte dans la formule de calcul sont&nbsp;du 31 d\u00e9cembre 2016 au 31 d\u00e9cembre 2020.<\/p>\n\n\n\n<p>Pour la p\u00e9riode de r\u00e9f\u00e9rence fix\u00e9e du 31&nbsp;d\u00e9cembre&nbsp;2016 au 31&nbsp;d\u00e9cembre&nbsp;2020, le taux de l&rsquo;inflation et les valeurs annuelles du point \u00e0 prendre en compte sont les suivants&nbsp;:<\/p>\n\n\n\n<ul class=\"wp-block-list\"><li>taux de l&rsquo;inflation&nbsp;: +3,78&nbsp;%&nbsp;;<\/li><li>valeur moyenne du point en 2015&nbsp;:&nbsp;55,7302&nbsp;\u20ac&nbsp;;<\/li><li>valeur moyenne du point en 2020&nbsp;:&nbsp;56,2323&nbsp;\u20ac.<\/li><\/ul>\n\n\n\n<p>Par exemple, pour un agent \u00e0 temps complet ayant l&rsquo;indice major\u00e9&nbsp;514 au 31&nbsp;d\u00e9cembre&nbsp;2016 et au 31&nbsp;d\u00e9cembre 2020, la Gipa au titre de 2021 sera de&nbsp;824,72&nbsp;\u20ac. Le calcul est le suivant&nbsp;:<\/p>\n\n\n\n<p>TBA 2016 = 514 x 55,7302 =&nbsp;28&nbsp;645,32&nbsp;\u20ac<\/p>\n\n\n\n<p>TBA 2020 = 514 x 56,2323 =&nbsp;28&nbsp;903,40&nbsp;\u20ac<\/p>\n\n\n\n<p>Gipa 2021 = 28&nbsp;645,32 x (1 +&nbsp;3,78&nbsp;%) &#8211; 28&nbsp;903,40 =&nbsp;824,72&nbsp;\u20ac<\/p>\n\n\n\n<p>&nbsp;&nbsp;<strong>A noter :&nbsp;<\/strong>Si vous y avez droit, l&rsquo;indemnit\u00e9 est vers\u00e9e de mani\u00e8re automatique avec votre traitement. Elle est vers\u00e9e 1 fois par an en 1 fois en fin d&rsquo;ann\u00e9e quand les \u00e9l\u00e9ments \u00e0 prendre en compte pour son calcul sont connus.<\/p>\n\n\n\n<h2 class=\"wp-block-heading\">Textes de loi et r\u00e9f\u00e9rences<\/h2>\n\n\n\n<ul class=\"wp-block-list\" id=\"references\"><li><a href=\"https:\/\/www.legifrance.gouv.fr\/eli\/arrete\/2021\/7\/23\/TFPF2108105A\/jo\/texte\" target=\"_blank\" rel=\"noreferrer noopener\">Arr\u00eat\u00e9 du 23 juillet 2021 fixant au titre de l&rsquo;ann\u00e9e 2021 les \u00e9l\u00e9ments \u00e0 prendre en compte pour le calcul de l&rsquo;indemnit\u00e9 dite de garantie individuelle du pouvoir d&rsquo;achat&nbsp;<\/a><\/li><li><a href=\"https:\/\/www.legifrance.gouv.fr\/eli\/decret\/2020\/10\/23\/TFPF2020781D\/jo\/texte\" target=\"_blank\" rel=\"noreferrer noopener\">D\u00e9cret n\u00b0 2020-1298 du 23 octobre 2020 modifiant le d\u00e9cret n\u00b0 2008-539 du 6 juin 2008 relatif \u00e0 l&rsquo;instauration d&rsquo;une indemnit\u00e9 dite de garantie individuelle du pouvoir d&rsquo;achat&nbsp;<\/a><\/li><\/ul>\n\n\n\n<p><\/p>\n","protected":false},"excerpt":{"rendered":"<p>Publi\u00e9 le 25 ao\u00fbt 2021 &#8211; Direction de l&rsquo;information l\u00e9gale et administrative (Premier ministre) Afin de compenser une perte de pouvoir d&rsquo;achat, les fonctionnaires peuvent b\u00e9n\u00e9ficier, sous certaines conditions, d&rsquo;une indemnit\u00e9 appel\u00e9e&nbsp;\u00ab&nbsp;garantie individuelle du pouvoir d&rsquo;achat&nbsp;\u00bb&nbsp;(Gipa). Cette disposition a \u00e9t\u00e9 prolong\u00e9e jusqu&rsquo;en 2021. Un arr\u00eat\u00e9 paru au&nbsp;Journal officiel&nbsp;le 12&nbsp;ao\u00fbt&nbsp;2021 d\u00e9termine<\/p>\n","protected":false},"author":19,"featured_media":0,"comment_status":"closed","ping_status":"open","sticky":false,"template":"","format":"standard","meta":{"footnotes":""},"categories":[443],"tags":[625],"class_list":["post-25305","post","type-post","status-publish","format-standard","hentry","category-carriere","tag-a-corriger","ct-col-2"],"amp_enabled":true,"_links":{"self":[{"href":"https:\/\/cfdt-recherche-epst.org\/index.php?rest_route=\/wp\/v2\/posts\/25305","targetHints":{"allow":["GET"]}}],"collection":[{"href":"https:\/\/cfdt-recherche-epst.org\/index.php?rest_route=\/wp\/v2\/posts"}],"about":[{"href":"https:\/\/cfdt-recherche-epst.org\/index.php?rest_route=\/wp\/v2\/types\/post"}],"author":[{"embeddable":true,"href":"https:\/\/cfdt-recherche-epst.org\/index.php?rest_route=\/wp\/v2\/users\/19"}],"replies":[{"embeddable":true,"href":"https:\/\/cfdt-recherche-epst.org\/index.php?rest_route=%2Fwp%2Fv2%2Fcomments&post=25305"}],"version-history":[{"count":1,"href":"https:\/\/cfdt-recherche-epst.org\/index.php?rest_route=\/wp\/v2\/posts\/25305\/revisions"}],"predecessor-version":[{"id":25306,"href":"https:\/\/cfdt-recherche-epst.org\/index.php?rest_route=\/wp\/v2\/posts\/25305\/revisions\/25306"}],"wp:attachment":[{"href":"https:\/\/cfdt-recherche-epst.org\/index.php?rest_route=%2Fwp%2Fv2%2Fmedia&parent=25305"}],"wp:term":[{"taxonomy":"category","embeddable":true,"href":"https:\/\/cfdt-recherche-epst.org\/index.php?rest_route=%2Fwp%2Fv2%2Fcategories&post=25305"},{"taxonomy":"post_tag","embeddable":true,"href":"https:\/\/cfdt-recherche-epst.org\/index.php?rest_route=%2Fwp%2Fv2%2Ftags&post=25305"}],"curies":[{"name":"wp","href":"https:\/\/api.w.org\/{rel}","templated":true}]}}