{"id":25527,"date":"2021-09-15T10:30:00","date_gmt":"2021-09-15T08:30:00","guid":{"rendered":"https:\/\/epst-sgen-cfdt.org\/?p=25527"},"modified":"2021-09-16T13:54:54","modified_gmt":"2021-09-16T11:54:54","slug":"lundi-votez-au-conseil-dadministration-du-cnrs","status":"publish","type":"post","link":"https:\/\/cfdt-recherche-epst.org\/?p=25527","title":{"rendered":"Mercredi, votez au Conseil d&rsquo;Administration du CNRS"},"content":{"rendered":"\n<blockquote class=\"wp-block-quote is-layout-flow wp-block-quote-is-layout-flow\"><p><strong>Election au Conseil d\u2019Administration<br>du CNRS<br><br>Vote \u00e9lectronique<br>du 22 au 29 septembre&nbsp;inclus<\/strong><\/p><\/blockquote>\n\n\n\n<p>Cher.e.s adh\u00e9rent.e.s<\/p>\n\n\n\n<p>Nous allons d\u2019ici les prochains jours faire campagne pour les \u00e9lections au Conseil d\u2019Administration du CNRS (22 au 29 septembre).<\/p>\n\n\n\n<p>Il va falloir convaincre vos coll\u00e8gues et amis de voter pour nos candidats Chercheurs et IT.<\/p>\n\n\n\n<p>Vous trouverez notre Profession de Foi en PJ que vous pouvez reproduire, afficher dans&nbsp; vos labos et diffuser largement.<\/p>\n\n\n\n<p>Je vous rappelle l\u2019importance de notre repr\u00e9sentation dans les instances, notre cr\u00e9dibilit\u00e9 en d\u00e9pend.<\/p>\n\n\n\n<p>Au-del\u00e0 du travail remarquable de nos \u00e9lus, le r\u00e9sultat de ce type de scrutin nous positionne vis-\u00e0-vis des d\u00e9cideurs mais \u00e9galement du Sgen et de la CFDT.<\/p>\n\n\n\n<p>Yannick Bourl\u00e8s<\/p>\n\n\n\n<p>SG du SCRE<\/p>\n\n\n\n<div class=\"wp-block-image\"><figure class=\"aligncenter size-full\"><a href=\"\/wp-content\/uploads\/2021\/09\/PF-CA-CNRS-2021-SGEN_CFDT-definitive.pdf\"><img loading=\"lazy\" decoding=\"async\" width=\"514\" height=\"364\" src=\"https:\/\/cfdt-recherche-epst.org\/wp-content\/uploads\/2021\/09\/Sgen-PF_CA_2021-reduit.jpg\" alt=\"\" class=\"wp-image-25522\" srcset=\"https:\/\/cfdt-recherche-epst.org\/wp-content\/uploads\/2021\/09\/Sgen-PF_CA_2021-reduit.jpg 514w, https:\/\/cfdt-recherche-epst.org\/wp-content\/uploads\/2021\/09\/Sgen-PF_CA_2021-reduit-300x212.jpg 300w\" sizes=\"auto, (max-width: 514px) 100vw, 514px\" \/><\/a><figcaption><a href=\"https:\/\/cfdt-recherche-epst.org\/wp-content\/uploads\/2021\/09\/PF-CA-CNRS-2021-SGEN_CFDT-definitive.pdf\"><em>Cliquez pour agrandir notre Profession de Foi<\/em><\/a><\/figcaption><\/figure><\/div>\n\n\n\n<h2 class=\"wp-block-heading\">Les candidats<\/h2>\n\n\n\n<ul class=\"wp-block-list\"><li>Claudia ZLOTEA \u2013 Charg\u00e9e de Recherche<\/li><li>Pierre-Yves SAILLANT \u2013 Ing\u00e9nieur de Recherche<\/li><li>Isabelle COHEN \u2013 Charg\u00e9e de Recherche<\/li><li>V\u00e9ronique DOM \u2013 Ing\u00e9nieure d\u2019Etudes<\/li><li>Luc PERROT \u2013 Ing\u00e9nieur de Recherche<\/li><li>Olivier SANDRE \u2013 Directeur de Recherche<\/li><\/ul>\n\n\n\n<p><strong><em>Cette \u00e9lection se d\u00e9roule par voie \u00e9lectronique du mercredi 22 au mercredi 29 septembre 2021 inclus.<br>Vous avez d\u00fb recevoir un mail du CNRS avec le code et la proc\u00e9dure de vote. Si ce n\u2019est pas le cas, vous pouvez contacter l\u2019assistance t\u00e9l\u00e9phonique du CNRS au&nbsp;01&nbsp;44&nbsp;30&nbsp;05&nbsp;25.&nbsp;<\/em><\/strong><\/p>\n","protected":false},"excerpt":{"rendered":"<p>Election au Conseil d\u2019Administrationdu CNRS Vote \u00e9lectroniquedu 22 au 29 septembre&nbsp;inclus Cher.e.s adh\u00e9rent.e.s Nous allons d\u2019ici les prochains jours faire campagne pour les \u00e9lections au Conseil d\u2019Administration du CNRS (22 au 29 septembre). Il va falloir convaincre vos coll\u00e8gues et amis de voter pour nos candidats Chercheurs et IT. Vous<\/p>\n","protected":false},"author":1,"featured_media":0,"comment_status":"closed","ping_status":"open","sticky":false,"template":"","format":"standard","meta":{"footnotes":""},"categories":[5],"tags":[],"class_list":["post-25527","post","type-post","status-publish","format-standard","hentry","category-epst","ct-col-2"],"amp_enabled":true,"_links":{"self":[{"href":"https:\/\/cfdt-recherche-epst.org\/index.php?rest_route=\/wp\/v2\/posts\/25527","targetHints":{"allow":["GET"]}}],"collection":[{"href":"https:\/\/cfdt-recherche-epst.org\/index.php?rest_route=\/wp\/v2\/posts"}],"about":[{"href":"https:\/\/cfdt-recherche-epst.org\/index.php?rest_route=\/wp\/v2\/types\/post"}],"author":[{"embeddable":true,"href":"https:\/\/cfdt-recherche-epst.org\/index.php?rest_route=\/wp\/v2\/users\/1"}],"replies":[{"embeddable":true,"href":"https:\/\/cfdt-recherche-epst.org\/index.php?rest_route=%2Fwp%2Fv2%2Fcomments&post=25527"}],"version-history":[{"count":5,"href":"https:\/\/cfdt-recherche-epst.org\/index.php?rest_route=\/wp\/v2\/posts\/25527\/revisions"}],"predecessor-version":[{"id":25550,"href":"https:\/\/cfdt-recherche-epst.org\/index.php?rest_route=\/wp\/v2\/posts\/25527\/revisions\/25550"}],"wp:attachment":[{"href":"https:\/\/cfdt-recherche-epst.org\/index.php?rest_route=%2Fwp%2Fv2%2Fmedia&parent=25527"}],"wp:term":[{"taxonomy":"category","embeddable":true,"href":"https:\/\/cfdt-recherche-epst.org\/index.php?rest_route=%2Fwp%2Fv2%2Fcategories&post=25527"},{"taxonomy":"post_tag","embeddable":true,"href":"https:\/\/cfdt-recherche-epst.org\/index.php?rest_route=%2Fwp%2Fv2%2Ftags&post=25527"}],"curies":[{"name":"wp","href":"https:\/\/api.w.org\/{rel}","templated":true}]}}