{"id":25606,"date":"2021-09-22T16:51:31","date_gmt":"2021-09-22T14:51:31","guid":{"rendered":"https:\/\/epst-sgen-cfdt.org\/?p=25606"},"modified":"2021-09-22T16:51:32","modified_gmt":"2021-09-22T14:51:32","slug":"le-detachement-doffice-du-fonctionnaire-cfdt-fp","status":"publish","type":"post","link":"https:\/\/cfdt-recherche-epst.org\/?p=25606","title":{"rendered":"Le d\u00e9tachement d\u2019office du fonctionnaire (CFDT FP)"},"content":{"rendered":"\n<p><a href=\"https:\/\/uffa.cfdt.fr\/portail\/uffa\/outils\/nos-guides-et-fiches-juridiques\/le-detachement-d-office-du-fonctionnaire-srv2_1192624\">Publi\u00e9 le 22\/09\/2021 par P\u00f4le juridique &#8211; CFDT Fonction publique<\/a><\/p>\n\n\n\n<p>Cette fiche, r\u00e9dig\u00e9e par le p\u00f4le juridique de la CFDT Fonction publique, reprend les dispositions concernant le d\u00e9tachement d\u2019office du fonctionnaire : De quoi s\u2019agit-il ? Qui est concern\u00e9 ?\u2026<\/p>\n\n\n\n<div data-wp-interactive=\"core\/file\" class=\"wp-block-file\"><object data-wp-bind--hidden=\"!state.hasPdfPreview\" hidden class=\"wp-block-file__embed\" data=\"https:\/\/cfdt-recherche-epst.org\/wp-content\/uploads\/2021\/09\/detachement_doffice_du_fonctionnaire_22_septembre_2021.pdf\" type=\"application\/pdf\" style=\"width:100%;height:600px\" aria-label=\"Contenu embarqu\u00e9 Contenu embarqu\u00e9 detachement_doffice_du_fonctionnaire_22_septembre_2021..\"><\/object><a href=\"https:\/\/cfdt-recherche-epst.org\/wp-content\/uploads\/2021\/09\/detachement_doffice_du_fonctionnaire_22_septembre_2021.pdf\">detachement_doffice_du_fonctionnaire_22_septembre_2021<\/a><a href=\"https:\/\/cfdt-recherche-epst.org\/wp-content\/uploads\/2021\/09\/detachement_doffice_du_fonctionnaire_22_septembre_2021.pdf\" class=\"wp-block-file__button\" download>T\u00e9l\u00e9charger<\/a><\/div>\n","protected":false},"excerpt":{"rendered":"<p>Publi\u00e9 le 22\/09\/2021 par P\u00f4le juridique &#8211; CFDT Fonction publique Cette fiche, r\u00e9dig\u00e9e par le p\u00f4le juridique de la CFDT Fonction publique, reprend les dispositions concernant le d\u00e9tachement d\u2019office du fonctionnaire : De quoi s\u2019agit-il ? Qui est concern\u00e9 ?\u2026<\/p>\n","protected":false},"author":19,"featured_media":0,"comment_status":"closed","ping_status":"open","sticky":false,"template":"","format":"standard","meta":{"footnotes":""},"categories":[443],"tags":[449,179],"class_list":["post-25606","post","type-post","status-publish","format-standard","hentry","category-carriere","tag-detachement","tag-fonction-publique","ct-col-2"],"amp_enabled":true,"_links":{"self":[{"href":"https:\/\/cfdt-recherche-epst.org\/index.php?rest_route=\/wp\/v2\/posts\/25606","targetHints":{"allow":["GET"]}}],"collection":[{"href":"https:\/\/cfdt-recherche-epst.org\/index.php?rest_route=\/wp\/v2\/posts"}],"about":[{"href":"https:\/\/cfdt-recherche-epst.org\/index.php?rest_route=\/wp\/v2\/types\/post"}],"author":[{"embeddable":true,"href":"https:\/\/cfdt-recherche-epst.org\/index.php?rest_route=\/wp\/v2\/users\/19"}],"replies":[{"embeddable":true,"href":"https:\/\/cfdt-recherche-epst.org\/index.php?rest_route=%2Fwp%2Fv2%2Fcomments&post=25606"}],"version-history":[{"count":1,"href":"https:\/\/cfdt-recherche-epst.org\/index.php?rest_route=\/wp\/v2\/posts\/25606\/revisions"}],"predecessor-version":[{"id":25608,"href":"https:\/\/cfdt-recherche-epst.org\/index.php?rest_route=\/wp\/v2\/posts\/25606\/revisions\/25608"}],"wp:attachment":[{"href":"https:\/\/cfdt-recherche-epst.org\/index.php?rest_route=%2Fwp%2Fv2%2Fmedia&parent=25606"}],"wp:term":[{"taxonomy":"category","embeddable":true,"href":"https:\/\/cfdt-recherche-epst.org\/index.php?rest_route=%2Fwp%2Fv2%2Fcategories&post=25606"},{"taxonomy":"post_tag","embeddable":true,"href":"https:\/\/cfdt-recherche-epst.org\/index.php?rest_route=%2Fwp%2Fv2%2Ftags&post=25606"}],"curies":[{"name":"wp","href":"https:\/\/api.w.org\/{rel}","templated":true}]}}