{"id":25779,"date":"2021-10-01T14:33:00","date_gmt":"2021-10-01T12:33:00","guid":{"rendered":"https:\/\/epst-sgen-cfdt.org\/?p=25779"},"modified":"2021-10-07T15:01:34","modified_gmt":"2021-10-07T13:01:34","slug":"guide-des-conges-bonifies-pour-les-agents-des-trois-versants-de-la-fonction-publique-dgafp","status":"publish","type":"post","link":"https:\/\/cfdt-recherche-epst.org\/?p=25779","title":{"rendered":"Guide des cong\u00e9s bonifi\u00e9s pour les agents des trois versants de la fonction publique (DGAFP)"},"content":{"rendered":"\n<p>Ce guide, r\u00e9alis\u00e9 par la DGAFP, vient pr\u00e9ciser les dispositions du d\u00e9cret du 2 juillet 2020. Il a pour ambition de constituer \u00e0 la fois une ressource juridique et une ressource d&rsquo;accompagnement pour les services RH et les agents (<a href=\"https:\/\/uffa.cfdt.fr\/portail\/uffa\/vie-au-travail-et-retraite\/conges-autorisations-speciales-d-absences-asa-\/conges-bonifies-guide-de-la-dgafp-srv2_1199264\">CFDT FP 6\/10\/2021)<\/a>. <\/p>\n\n\n\n<div data-wp-interactive=\"core\/file\" class=\"wp-block-file\"><object data-wp-bind--hidden=\"!state.hasPdfPreview\" hidden class=\"wp-block-file__embed\" data=\"https:\/\/cfdt-recherche-epst.org\/wp-content\/uploads\/2021\/10\/dgafp-guide-conges-bonifies-pap.pdf\" type=\"application\/pdf\" style=\"width:100%;height:600px\" aria-label=\"Contenu embarqu\u00e9 Contenu embarqu\u00e9 dgafp-guide-conges-bonifies-pap..\"><\/object><a href=\"https:\/\/cfdt-recherche-epst.org\/wp-content\/uploads\/2021\/10\/dgafp-guide-conges-bonifies-pap.pdf\" target=\"_blank\" rel=\"noreferrer noopener\">dgafp-guide-conges-bonifies-pap<\/a><a href=\"https:\/\/cfdt-recherche-epst.org\/wp-content\/uploads\/2021\/10\/dgafp-guide-conges-bonifies-pap.pdf\" class=\"wp-block-file__button\" download>T\u00e9l\u00e9charger<\/a><\/div>\n","protected":false},"excerpt":{"rendered":"<p>Ce guide, r\u00e9alis\u00e9 par la DGAFP, vient pr\u00e9ciser les dispositions du d\u00e9cret du 2 juillet 2020. Il a pour ambition de constituer \u00e0 la fois une ressource juridique et une ressource d&rsquo;accompagnement pour les services RH et les agents (CFDT FP 6\/10\/2021).<\/p>\n","protected":false},"author":19,"featured_media":0,"comment_status":"closed","ping_status":"open","sticky":false,"template":"","format":"standard","meta":{"footnotes":""},"categories":[443],"tags":[],"class_list":["post-25779","post","type-post","status-publish","format-standard","hentry","category-carriere","ct-col-2"],"amp_enabled":true,"_links":{"self":[{"href":"https:\/\/cfdt-recherche-epst.org\/index.php?rest_route=\/wp\/v2\/posts\/25779","targetHints":{"allow":["GET"]}}],"collection":[{"href":"https:\/\/cfdt-recherche-epst.org\/index.php?rest_route=\/wp\/v2\/posts"}],"about":[{"href":"https:\/\/cfdt-recherche-epst.org\/index.php?rest_route=\/wp\/v2\/types\/post"}],"author":[{"embeddable":true,"href":"https:\/\/cfdt-recherche-epst.org\/index.php?rest_route=\/wp\/v2\/users\/19"}],"replies":[{"embeddable":true,"href":"https:\/\/cfdt-recherche-epst.org\/index.php?rest_route=%2Fwp%2Fv2%2Fcomments&post=25779"}],"version-history":[{"count":1,"href":"https:\/\/cfdt-recherche-epst.org\/index.php?rest_route=\/wp\/v2\/posts\/25779\/revisions"}],"predecessor-version":[{"id":25781,"href":"https:\/\/cfdt-recherche-epst.org\/index.php?rest_route=\/wp\/v2\/posts\/25779\/revisions\/25781"}],"wp:attachment":[{"href":"https:\/\/cfdt-recherche-epst.org\/index.php?rest_route=%2Fwp%2Fv2%2Fmedia&parent=25779"}],"wp:term":[{"taxonomy":"category","embeddable":true,"href":"https:\/\/cfdt-recherche-epst.org\/index.php?rest_route=%2Fwp%2Fv2%2Fcategories&post=25779"},{"taxonomy":"post_tag","embeddable":true,"href":"https:\/\/cfdt-recherche-epst.org\/index.php?rest_route=%2Fwp%2Fv2%2Ftags&post=25779"}],"curies":[{"name":"wp","href":"https:\/\/api.w.org\/{rel}","templated":true}]}}