{"id":26566,"date":"2021-11-10T10:23:00","date_gmt":"2021-11-10T08:23:00","guid":{"rendered":"https:\/\/epst-sgen-cfdt.org\/?p=26566"},"modified":"2021-11-17T10:25:40","modified_gmt":"2021-11-17T08:25:40","slug":"la-cfdt-et-63-acteurs-de-la-societe-civile-interpellent-les-candidats-a-la-presidentielle-avec-le-pacte-du-pouvoir-de-vivre-cfdt","status":"publish","type":"post","link":"https:\/\/cfdt-recherche-epst.org\/?p=26566","title":{"rendered":"La CFDT et 63 acteurs de la soci\u00e9t\u00e9 civile interpellent les candidats \u00e0 la pr\u00e9sidentielle avec Le Pacte du pouvoir de vivre  (CFDT)"},"content":{"rendered":"\n<p><a href=\"https:\/\/www.cfdt.fr\/portail\/actualites\/le-pacte-du-pouvoir-du-vivre\/la-cfdt-et-63-acteurs-de-la-societe-civile-interpellent-les-candidats-a-la-presidentielle-avec-le-pacte-du-pouvoir-de-vivre-srv1_1204711\" target=\"_blank\" rel=\"noreferrer noopener\">Publi\u00e9 le 10\/11\/2021<\/a><\/p>\n\n\n\n<p><strong>La CFDT et 63 acteurs de la soci\u00e9t\u00e9 civile interpellent les candidats \u00e0 la pr\u00e9sidentielle avec Le Pacte du pouvoir de vivre&nbsp;: 90 propositions pour un nouveau mod\u00e8le de soci\u00e9t\u00e9 \u00e9cologique, social et d\u00e9mocratique.<\/strong><\/p>\n\n\n\n<figure class=\"wp-block-image\"><img decoding=\"async\" src=\"https:\/\/www.cfdt.fr\/upload\/docs\/image\/jpeg\/2021-11\/pacteprogramme.jpeg.associated\/th-670x670-pacteprogramme.jpeg.jpg\" alt=\"\"\/><\/figure>\n\n\n\n<p>Pour \u00e9viter que l\u2019\u00e9lection pr\u00e9sidentielle ne passe \u00e0 c\u00f4t\u00e9 des v\u00e9ritables enjeux li\u00e9s \u00e0 notre avenir collectif, le Pacte du pouvoir de vivre part en campagne. Tous ses acteurs de terrain ne souhaitent plus attendre que le politique mette en place les mesures d\u2019urgence et les mesures structurelles n\u00e9cessaires : \u00ab <em>les d\u00e9g\u00e2ts seront irr\u00e9m\u00e9diables si nous ne changeons pas le cours des choses maintenant<\/em> \u00bb. Cette alliance in\u00e9dite entend poser au c\u0153ur des d\u00e9bats les questions qui animent la soci\u00e9t\u00e9, ainsi la revalorisation des bas salaires et des minima sociaux arrivent en t\u00eate des revendications du Pacte du pouvoir de vivre.<\/p>\n\n\n\n<div data-wp-interactive=\"core\/file\" class=\"wp-block-file\"><object data-wp-bind--hidden=\"!state.hasPdfPreview\" hidden class=\"wp-block-file__embed\" data=\"https:\/\/cfdt-recherche-epst.org\/wp-content\/uploads\/2021\/11\/lpdpdv2021_finaleV3_web_alasuite.pdf\" type=\"application\/pdf\" style=\"width:100%;height:600px\" aria-label=\"Contenu embarqu\u00e9 Contenu embarqu\u00e9 lpdpdv2021_finaleV3_web_alasuite..\"><\/object><a href=\"https:\/\/cfdt-recherche-epst.org\/wp-content\/uploads\/2021\/11\/lpdpdv2021_finaleV3_web_alasuite.pdf\">lpdpdv2021_finaleV3_web_alasuite<\/a><a href=\"https:\/\/cfdt-recherche-epst.org\/wp-content\/uploads\/2021\/11\/lpdpdv2021_finaleV3_web_alasuite.pdf\" class=\"wp-block-file__button\" download>T\u00e9l\u00e9charger<\/a><\/div>\n","protected":false},"excerpt":{"rendered":"<p>Publi\u00e9 le 10\/11\/2021 La CFDT et 63 acteurs de la soci\u00e9t\u00e9 civile interpellent les candidats \u00e0 la pr\u00e9sidentielle avec Le Pacte du pouvoir de vivre&nbsp;: 90 propositions pour un nouveau mod\u00e8le de soci\u00e9t\u00e9 \u00e9cologique, social et d\u00e9mocratique. Pour \u00e9viter que l\u2019\u00e9lection pr\u00e9sidentielle ne passe \u00e0 c\u00f4t\u00e9 des v\u00e9ritables enjeux li\u00e9s<\/p>\n","protected":false},"author":19,"featured_media":0,"comment_status":"closed","ping_status":"open","sticky":false,"template":"","format":"standard","meta":{"footnotes":""},"categories":[5],"tags":[437],"class_list":["post-26566","post","type-post","status-publish","format-standard","hentry","category-epst","tag-pacte-pouvoir-de-vivre","ct-col-2"],"amp_enabled":true,"_links":{"self":[{"href":"https:\/\/cfdt-recherche-epst.org\/index.php?rest_route=\/wp\/v2\/posts\/26566","targetHints":{"allow":["GET"]}}],"collection":[{"href":"https:\/\/cfdt-recherche-epst.org\/index.php?rest_route=\/wp\/v2\/posts"}],"about":[{"href":"https:\/\/cfdt-recherche-epst.org\/index.php?rest_route=\/wp\/v2\/types\/post"}],"author":[{"embeddable":true,"href":"https:\/\/cfdt-recherche-epst.org\/index.php?rest_route=\/wp\/v2\/users\/19"}],"replies":[{"embeddable":true,"href":"https:\/\/cfdt-recherche-epst.org\/index.php?rest_route=%2Fwp%2Fv2%2Fcomments&post=26566"}],"version-history":[{"count":1,"href":"https:\/\/cfdt-recherche-epst.org\/index.php?rest_route=\/wp\/v2\/posts\/26566\/revisions"}],"predecessor-version":[{"id":26568,"href":"https:\/\/cfdt-recherche-epst.org\/index.php?rest_route=\/wp\/v2\/posts\/26566\/revisions\/26568"}],"wp:attachment":[{"href":"https:\/\/cfdt-recherche-epst.org\/index.php?rest_route=%2Fwp%2Fv2%2Fmedia&parent=26566"}],"wp:term":[{"taxonomy":"category","embeddable":true,"href":"https:\/\/cfdt-recherche-epst.org\/index.php?rest_route=%2Fwp%2Fv2%2Fcategories&post=26566"},{"taxonomy":"post_tag","embeddable":true,"href":"https:\/\/cfdt-recherche-epst.org\/index.php?rest_route=%2Fwp%2Fv2%2Ftags&post=26566"}],"curies":[{"name":"wp","href":"https:\/\/api.w.org\/{rel}","templated":true}]}}