{"id":26877,"date":"2021-11-29T13:56:00","date_gmt":"2021-11-29T12:56:00","guid":{"rendered":"https:\/\/epst-sgen-cfdt.org\/?p=26877"},"modified":"2021-12-01T14:01:50","modified_gmt":"2021-12-01T13:01:50","slug":"perspectives-salariales-la-cfdt-ecrit-a-la-ministre-de-la-fonction-publique-cfdt-fp","status":"publish","type":"post","link":"https:\/\/cfdt-recherche-epst.org\/?p=26877","title":{"rendered":"PERSPECTIVES SALARIALES : LA CFDT \u00c9CRIT \u00c0 LA MINISTRE DE LA FONCTION PUBLIQUE (CFDT FP)"},"content":{"rendered":"\n<p>P<a href=\"https:\/\/uffa.cfdt.fr\/portail\/uffa\/autres\/pouvoir-d-achat\/perspectives-salariales-la-cfdt-ecrit-a-la-ministre-de-la-fonction-publique-srv1_1206924\" target=\"_blank\" rel=\"noreferrer noopener\">ubli\u00e9 le&nbsp;29\/11\/2021 sur le site de CFDT <\/a><\/p>\n\n\n\n<h2 class=\"wp-block-heading\">La CFDT Fonction publique a \u00e9crit \u00e0 la ministre pour faire conna\u00eetre ses propositions pour l\u2019ensemble des agents publics fonctionnaires et contractuels en mati\u00e8re salariale.\u00a0<\/h2>\n\n\n\n<div class=\"wp-block-image\"><figure class=\"alignright size-full is-resized\"><img loading=\"lazy\" decoding=\"async\" src=\"https:\/\/cfdt-recherche-epst.org\/wp-content\/uploads\/2021\/12\/th-670x670-perspectives_salariales.jpg\" alt=\"\" class=\"wp-image-26881\" width=\"334\" height=\"223\" srcset=\"https:\/\/cfdt-recherche-epst.org\/wp-content\/uploads\/2021\/12\/th-670x670-perspectives_salariales.jpg 670w, https:\/\/cfdt-recherche-epst.org\/wp-content\/uploads\/2021\/12\/th-670x670-perspectives_salariales-300x200.jpg 300w, https:\/\/cfdt-recherche-epst.org\/wp-content\/uploads\/2021\/12\/th-670x670-perspectives_salariales-391x260.jpg 391w\" sizes=\"auto, (max-width: 334px) 100vw, 334px\" \/><\/figure><\/div>\n\n\n\n<p>Madame la Ministre,<\/p>\n\n\n\n<p>Nous avons pris bonne note de votre message du 18 novembre qui confirme la \u00ab&nbsp;revoyure&nbsp;\u00bb \u00e0 laquelle vous vous \u00e9tiez engag\u00e9e, pour tenir compte des impacts de l\u2019inflation sur la grille de r\u00e9mun\u00e9ration des agents publics, fonctionnaires et contractuels.<\/p>\n\n\n\n<p>La CFDT a appel\u00e9 l\u2019attention du Gouvernement sur la n\u00e9cessit\u00e9 de tenir compte de la hausse du Smic en indice d\u00e8s janvier 2020. Vous avez pris les mesures qui s\u2019imposaient au printemps 2021.<\/p>\n\n\n\n<p>La CFDT avait port\u00e9 une priorit\u00e9 sur les \u00ab&nbsp;bas salaires&nbsp;\u00bb lors du lancement de la conf\u00e9rence sur les perspectives salariales, et avait salu\u00e9 positivement vos annonces sur ce point (rel\u00e8vement du minimum de traitement, rel\u00e8vement de 8 points des premiers indices de recrutement en cat\u00e9gorie C, r\u00e9duction de la dur\u00e9e de la carri\u00e8re et attribution d\u2019une bonification exceptionnelle d\u2019une ann\u00e9e d\u2019anciennet\u00e9 \u00e0 l\u2019issue des op\u00e9rations de reclassements toujours pour les agents de cat\u00e9gorie C).<\/p>\n\n\n\n<p>Pour autant, le taux de l\u2019inflation a amen\u00e9 \u00e0 une hausse du Smic au 1<sup>er<\/sup>&nbsp;octobre dernier, et il convient d\u2019anticiper ce que seront les cons\u00e9quences de l\u2019inflation sur le Smic au 1<sup>er<\/sup>&nbsp;janvier 2022.<\/p>\n\n\n\n<p>D\u00e8s lors, et dans le seul cadre de cette \u00ab&nbsp;revoyure&nbsp;\u00bb que nous ne confondons pas avec la conf\u00e9rence sur les perspectives salariales sous la conduite de messieurs P\u00e9ny et Simonpoli, la CFDT tient \u00e0 rappeler ses attentes&nbsp;dans le cadre de l\u2019urgence li\u00e9e \u00e0 l\u2019inflation, pour l\u2019ensemble des agents publics, tous statuts et cat\u00e9gories confondues, quel que soit le versant auquel ils sont rattach\u00e9s&nbsp;:<\/p>\n\n\n\n<ul class=\"wp-block-list\"><li>Prise en compte de l\u2019inflation de mani\u00e8re p\u00e9renne en indice (et non sous forme d\u2019indemnit\u00e9 diff\u00e9rentielle) et rel\u00e8vement \u00e0 l\u2019identique du minimum de traitement avec application imm\u00e9diate pour l\u2019ensemble des agents contractuels.<\/li><li>Maintien d\u2019amplitudes de carri\u00e8re valorisantes (\u00e0 peine 1,4 aujourd\u2019hui en cat\u00e9gorie C), dans des dur\u00e9es acceptables. Quand la dur\u00e9e de carri\u00e8re pour parcourir la grille de cat\u00e9gorie C a \u00e9t\u00e9 ramen\u00e9e \u00e0 21 ans, celle de la cat\u00e9gorie B est \u00e0 31 ans.&nbsp; &nbsp; &nbsp; &nbsp; &nbsp; &nbsp; &nbsp; &nbsp; &nbsp; &nbsp; &nbsp; &nbsp; &nbsp; &nbsp; &nbsp; &nbsp; &nbsp; &nbsp; &nbsp; &nbsp; &nbsp; &nbsp; &nbsp; &nbsp; &nbsp; &nbsp; &nbsp; &nbsp; &nbsp; &nbsp; &nbsp; &nbsp; &nbsp; &nbsp;<\/li><li>Maintien de la reconnaissance des niveaux de qualifications exig\u00e9s lors des recrutements (seuls trois points s\u00e9parent aujourd\u2019hui le premier indice de la cat\u00e9gorie C de celui de la cat\u00e9gorie B), et valorisation des d\u00e9buts de carri\u00e8re. Pour m\u00e9moire, les agents de cat\u00e9gorie B sont les seuls \u00e0 subir une dur\u00e9e de deux ann\u00e9es dans le premier \u00e9chelon.<\/li><li><strong>Enfin, et nonobstant la mise en \u0153uvre d\u2019une \u00ab&nbsp;prime inflation&nbsp;\u00bb, la CFDT tient \u00e0 rappeler que l\u2019ensemble des agents subissent l\u2019inflation et que seule une mesure g\u00e9n\u00e9rale sera de nature \u00e0 revaloriser les r\u00e9mun\u00e9rations. \u00c0 ce stade, seule une hausse de la valeur du point est de nature \u00e0 r\u00e9pondre aux cons\u00e9quences de l\u2019inflation pour l\u2019ensemble des agents publics.<\/strong><\/li><\/ul>\n\n\n\n<p>La CFDT se tient pr\u00eate \u00e0 tout \u00e9change compl\u00e9mentaire sur l\u2019ensemble de ses propositions et des sujets qui feront l\u2019objet des discussions annonc\u00e9es pour ll 9 d\u00e9cembre prochain et portera, vous l\u2019aurez compris, une attention particuli\u00e8re \u00e0 chacune des avanc\u00e9es qui seront faites.<\/p>\n\n\n\n<p>Nous vous prions d\u2019agr\u00e9er, Madame la Ministre, l\u2019assurance de notre respectueuse consid\u00e9ration.<\/p>\n\n\n\n<p>Paris, le 26 novembre 2021<\/p>\n","protected":false},"excerpt":{"rendered":"<p>Publi\u00e9 le&nbsp;29\/11\/2021 sur le site de CFDT La CFDT Fonction publique a \u00e9crit \u00e0 la ministre pour faire conna\u00eetre ses propositions pour l\u2019ensemble des agents publics fonctionnaires et contractuels en mati\u00e8re salariale.\u00a0 Madame la Ministre, Nous avons pris bonne note de votre message du 18 novembre qui confirme la \u00ab&nbsp;revoyure&nbsp;\u00bb<\/p>\n","protected":false},"author":19,"featured_media":0,"comment_status":"closed","ping_status":"open","sticky":false,"template":"","format":"standard","meta":{"footnotes":""},"categories":[443],"tags":[412,496,100,34,515],"class_list":["post-26877","post","type-post","status-publish","format-standard","hentry","category-carriere","tag-cfdt-fp","tag-inflation","tag-point-indice","tag-remuneration","tag-revalorisation","ct-col-2"],"amp_enabled":true,"_links":{"self":[{"href":"https:\/\/cfdt-recherche-epst.org\/index.php?rest_route=\/wp\/v2\/posts\/26877","targetHints":{"allow":["GET"]}}],"collection":[{"href":"https:\/\/cfdt-recherche-epst.org\/index.php?rest_route=\/wp\/v2\/posts"}],"about":[{"href":"https:\/\/cfdt-recherche-epst.org\/index.php?rest_route=\/wp\/v2\/types\/post"}],"author":[{"embeddable":true,"href":"https:\/\/cfdt-recherche-epst.org\/index.php?rest_route=\/wp\/v2\/users\/19"}],"replies":[{"embeddable":true,"href":"https:\/\/cfdt-recherche-epst.org\/index.php?rest_route=%2Fwp%2Fv2%2Fcomments&post=26877"}],"version-history":[{"count":3,"href":"https:\/\/cfdt-recherche-epst.org\/index.php?rest_route=\/wp\/v2\/posts\/26877\/revisions"}],"predecessor-version":[{"id":26882,"href":"https:\/\/cfdt-recherche-epst.org\/index.php?rest_route=\/wp\/v2\/posts\/26877\/revisions\/26882"}],"wp:attachment":[{"href":"https:\/\/cfdt-recherche-epst.org\/index.php?rest_route=%2Fwp%2Fv2%2Fmedia&parent=26877"}],"wp:term":[{"taxonomy":"category","embeddable":true,"href":"https:\/\/cfdt-recherche-epst.org\/index.php?rest_route=%2Fwp%2Fv2%2Fcategories&post=26877"},{"taxonomy":"post_tag","embeddable":true,"href":"https:\/\/cfdt-recherche-epst.org\/index.php?rest_route=%2Fwp%2Fv2%2Ftags&post=26877"}],"curies":[{"name":"wp","href":"https:\/\/api.w.org\/{rel}","templated":true}]}}