{"id":2714,"date":"2018-06-01T18:34:39","date_gmt":"2018-06-01T16:34:39","guid":{"rendered":"https:\/\/epst-sgen-cfdt.org\/?p=2714"},"modified":"2022-04-27T09:49:58","modified_gmt":"2022-04-27T08:49:58","slug":"stop-aux-idees-recues-sur-la-fonction-publique","status":"publish","type":"post","link":"https:\/\/cfdt-recherche-epst.org\/?p=2714","title":{"rendered":"STOP AUX ID\u00c9ES RE\u00c7UES SUR LA FONCTION PUBLIQUE"},"content":{"rendered":"<h3 style=\"text-align: center;\">ALORS QUE LES ATTAQUES CONTRE LES FONCTIONNAIRES SE MULTIPLIENT,<br \/>\nLA CFDT CHOISIT DE RAPPELER QUELQUES FAITS POUR D\u00c9PASSER LES ST\u00c9R\u00c9OTYPES.<\/h3>\n<p>Il faut cesser de consid\u00e9rer les fonctionnaires, et les politiques publiques qu&rsquo;ils sont charg\u00e9s de mettre en \u0153uvre, comme un poids sur le budget de l&rsquo;\u00c9tat et des collectivit\u00e9s.Les uns comme les autres sont un investissement en termes, par exemple, de coh\u00e9sion sociale, de d\u00e9veloppement \u00e9conomique et de s\u00e9curit\u00e9.<\/p>\n<p>Quant au statut de\u00ab fonctionnaire\u00bb souvent remis en cause, il est avant tout protecteur de l&rsquo;\u00c9tat, des collectivit\u00e9s et des citoyens. En quelques mots, il est lemoyen de garantir la continuit\u00e9 del&rsquo;\u00c9tat et des services publics. Par les obligations faites aux fonctionnaires,le statut permet d&rsquo;assurer la neutralit\u00e9 et l&rsquo;impartialit\u00e9 des services publics ainsi que leur pr\u00e9sence sur le territoire, notamment dans les r\u00e9gions les moins attractives.<\/p>\n<p><strong>Les questions :<\/strong><\/p>\n<ul>\n<li>Il y a trop de fonctionnaires en France <span style=\"color: #ff0000;\">FAUX<\/span><\/li>\n<li>Les retraites des fonctionnaires ne sont pas align\u00e9es sur celles des salari\u00e9s du priv\u00e9 : <span style=\"color: #ff0000;\">FAUX<\/span><\/li>\n<li>Les pensions de retraite sont plus avantageuses\u00a0 : <span style=\"color: #008000;\">VRAI<\/span> ET <span style=\"color: #ff0000;\">FAUX<\/span><\/li>\n<li>Les fonctionnaires partent plus t\u00f4t en retraite\u00a0 : <span style=\"color: #ff0000;\">FAUX<\/span><\/li>\n<li>Les compl\u00e9mentaires sant\u00e9 ne sont pas prises en charge par les employeurs publics : <span style=\"color: #008000;\">VRAI<\/span><\/li>\n<li>Les fonctionnaires ont la garantie de l&#8217;emploi \u00e0 vie\u00a0 :\u00a0<span style=\"color: #008000;\">VRAI<\/span><\/li>\n<li>Le statut de fonctionnaire ne sert \u00e0 rien\u00a0 : <span style=\"color: #ff0000;\">FAUX<\/span><\/li>\n<li>Il existe des in\u00e9galit\u00e9s professionnelles entre les femmes et les hommes: <span style=\"color: #008000;\">VRAI<\/span><\/li>\n<li>La dur\u00e9e l\u00e9gale du travail est la m\u00eame pour le priv\u00e9 et pour le public\u00a0 : <span style=\"color: #008000;\">VRAI<\/span><\/li>\n<li>Les fonctionnaires sont plus souvent absents pour maladie: <span style=\"color: #008000;\">VRAI<\/span> ET <span style=\"color: #ff0000;\">FAUX<\/span><\/li>\n<li>La fonction publique co\u00fbte cher \u00e0 la Nation : <span style=\"color: #ff0000;\">FAUX<\/span><\/li>\n<\/ul>\n<p><strong>Les r\u00e9ponses :<\/strong><\/p>\n<p style=\"text-align: center;\"><a href=\"https:\/\/cfdt-recherche-epst.org\/wp-content\/uploads\/2018\/06\/CFDT-Stop-aux-id\u00e9es-re\u00e7us-sur-la-fonction-publique-Vrai-Faux.pdf\"><img loading=\"lazy\" decoding=\"async\" class=\"alignnone size-full wp-image-2722 aligncenter\" src=\"https:\/\/cfdt-recherche-epst.org\/wp-content\/uploads\/2018\/06\/vrai_faux-fonction_publique.jpg\" alt=\"\" width=\"397\" height=\"279\" srcset=\"https:\/\/cfdt-recherche-epst.org\/wp-content\/uploads\/2018\/06\/vrai_faux-fonction_publique.jpg 397w, https:\/\/cfdt-recherche-epst.org\/wp-content\/uploads\/2018\/06\/vrai_faux-fonction_publique-300x211.jpg 300w\" sizes=\"auto, (max-width: 397px) 100vw, 397px\" \/><br \/>\nCliquez sur l&rsquo;image pour l&rsquo;agrandir<br \/>\n<\/a><\/p>\n","protected":false},"excerpt":{"rendered":"<p>ALORS QUE LES ATTAQUES CONTRE LES FONCTIONNAIRES SE MULTIPLIENT, LA CFDT CHOISIT DE RAPPELER QUELQUES FAITS POUR D\u00c9PASSER LES ST\u00c9R\u00c9OTYPES. Il faut cesser de consid\u00e9rer les fonctionnaires, et les politiques publiques qu&rsquo;ils sont charg\u00e9s de mettre en \u0153uvre, comme un poids sur le budget de l&rsquo;\u00c9tat et des collectivit\u00e9s.Les uns<\/p>\n","protected":false},"author":1,"featured_media":0,"comment_status":"closed","ping_status":"open","sticky":false,"template":"","format":"standard","meta":{"footnotes":""},"categories":[5],"tags":[179],"class_list":["post-2714","post","type-post","status-publish","format-standard","hentry","category-epst","tag-fonction-publique","ct-col-2"],"amp_enabled":true,"_links":{"self":[{"href":"https:\/\/cfdt-recherche-epst.org\/index.php?rest_route=\/wp\/v2\/posts\/2714","targetHints":{"allow":["GET"]}}],"collection":[{"href":"https:\/\/cfdt-recherche-epst.org\/index.php?rest_route=\/wp\/v2\/posts"}],"about":[{"href":"https:\/\/cfdt-recherche-epst.org\/index.php?rest_route=\/wp\/v2\/types\/post"}],"author":[{"embeddable":true,"href":"https:\/\/cfdt-recherche-epst.org\/index.php?rest_route=\/wp\/v2\/users\/1"}],"replies":[{"embeddable":true,"href":"https:\/\/cfdt-recherche-epst.org\/index.php?rest_route=%2Fwp%2Fv2%2Fcomments&post=2714"}],"version-history":[{"count":5,"href":"https:\/\/cfdt-recherche-epst.org\/index.php?rest_route=\/wp\/v2\/posts\/2714\/revisions"}],"predecessor-version":[{"id":2727,"href":"https:\/\/cfdt-recherche-epst.org\/index.php?rest_route=\/wp\/v2\/posts\/2714\/revisions\/2727"}],"wp:attachment":[{"href":"https:\/\/cfdt-recherche-epst.org\/index.php?rest_route=%2Fwp%2Fv2%2Fmedia&parent=2714"}],"wp:term":[{"taxonomy":"category","embeddable":true,"href":"https:\/\/cfdt-recherche-epst.org\/index.php?rest_route=%2Fwp%2Fv2%2Fcategories&post=2714"},{"taxonomy":"post_tag","embeddable":true,"href":"https:\/\/cfdt-recherche-epst.org\/index.php?rest_route=%2Fwp%2Fv2%2Ftags&post=2714"}],"curies":[{"name":"wp","href":"https:\/\/api.w.org\/{rel}","templated":true}]}}