{"id":28723,"date":"2022-03-18T19:56:24","date_gmt":"2022-03-18T18:56:24","guid":{"rendered":"https:\/\/epst-sgen-cfdt.org\/?p=28723"},"modified":"2022-03-19T09:43:36","modified_gmt":"2022-03-19T08:43:36","slug":"resultats-election-cpar-inserm","status":"publish","type":"post","link":"https:\/\/cfdt-recherche-epst.org\/?p=28723","title":{"rendered":"R\u00e9sultats \u00e9lection CPAR Inserm"},"content":{"rendered":"\n<h2 class=\"has-text-align-center has-text-color wp-block-heading\" style=\"color:#e8591d\">REMERCIEMENTS DE NOS \u00c9LU.E.S A LA COMMISSION DE PILOTAGE ET D&rsquo;ACCOMPAGNEMENT DE LA RECHERCHE<br>CPAR Inserm<br>Mandature 2022-2027<\/h2>\n\n\n\n<p style=\"font-size:16px\">Nous remercions vivement les \u00e9lectrices et les \u00e9lecteurs qui se sont exprim\u00e9.e.s \u00e0 l&rsquo;occasion de ce vote et qui, par leur mobilisation, ont permis d&rsquo;installer le Sgen-CFDT Recherche<sup>EPST<\/sup> comme la premi\u00e8re organisation syndicale chez les personnels de l&rsquo;administration de l&rsquo;Inserm.<br>Au cours de notre mandat nous soutiendrons les chercheurs de l&rsquo;administration pour la reconnaissance et la valorisation des sp\u00e9cificit\u00e9s de leurs m\u00e9tiers et demanderons les moyens n\u00e9cessaires pour les accomplir. Nous demandons \u00e0 la direction de l&rsquo;Inserm que la nouvelle commission soit inform\u00e9e de l&rsquo;activit\u00e9 des services de l&rsquo;administration centrale et d\u00e9concentr\u00e9e et nous souhaitons que les personnels chercheurs, ing\u00e9nieurs et techniciens y soient associ\u00e9s.<br>Nous mesurons toute la responsabilit\u00e9 qui est la n\u00f4tre. Vous nous avez fait confiance, vous pouvez compter sur notre \u00e9coute et notre engagement.<br>C\u00e9cile CARON et Julio MARTINS<\/p>\n\n\n\n<h3 class=\"has-text-align-center has-text-color wp-block-heading\" style=\"color:#e8591d\">\u00c9lu.e.s Sgen-CFDT Recherche<sup>EPST<\/sup> \u00e0 la CPAR 2022-2027<\/h3>\n\n\n\n<figure class=\"wp-block-image size-large\"><img loading=\"lazy\" decoding=\"async\" width=\"1024\" height=\"316\" src=\"https:\/\/cfdt-recherche-epst.org\/wp-content\/uploads\/2022\/03\/Elues-1-1024x316.png\" alt=\"\" class=\"wp-image-28746\" srcset=\"https:\/\/cfdt-recherche-epst.org\/wp-content\/uploads\/2022\/03\/Elues-1-1024x316.png 1024w, https:\/\/cfdt-recherche-epst.org\/wp-content\/uploads\/2022\/03\/Elues-1-300x92.png 300w, https:\/\/cfdt-recherche-epst.org\/wp-content\/uploads\/2022\/03\/Elues-1-768x237.png 768w, https:\/\/cfdt-recherche-epst.org\/wp-content\/uploads\/2022\/03\/Elues-1-1320x407.png 1320w, https:\/\/cfdt-recherche-epst.org\/wp-content\/uploads\/2022\/03\/Elues-1.png 1444w\" sizes=\"auto, (max-width: 1024px) 100vw, 1024px\" \/><\/figure>\n\n\n\n<h3 class=\"has-text-align-center has-text-color wp-block-heading\" style=\"color:#e8591d\">R\u00e9sultats \u00e9lection CPAR<\/h3>\n\n\n\n<div class=\"wp-block-image\"><figure class=\"aligncenter size-full\"><img loading=\"lazy\" decoding=\"async\" width=\"568\" height=\"481\" src=\"https:\/\/cfdt-recherche-epst.org\/wp-content\/uploads\/2022\/03\/Tableau-resultats.jpg\" alt=\"\" class=\"wp-image-28743\" srcset=\"https:\/\/cfdt-recherche-epst.org\/wp-content\/uploads\/2022\/03\/Tableau-resultats.jpg 568w, https:\/\/cfdt-recherche-epst.org\/wp-content\/uploads\/2022\/03\/Tableau-resultats-300x254.jpg 300w\" sizes=\"auto, (max-width: 568px) 100vw, 568px\" \/><\/figure><\/div>\n\n\n\n<p class=\"has-text-align-center\" style=\"font-size:15px\">Relire <a href=\"https:\/\/cfdt-recherche-epst.org\/wp-content\/uploads\/2022\/02\/PF-C.-Carron-CPAR-2022_2027.pdf\">la profession de foi de C\u00e9cile Caron<\/a> et <a href=\"https:\/\/cfdt-recherche-epst.org\/wp-content\/uploads\/2022\/02\/CPAR_College-C_FC_Sgen-CFDT-Recherche-EPST.pdf\">la profession de foi du Sgen-CFDT pour le coll\u00e8ge C<\/a><\/p>\n\n\n\n<p class=\"has-text-align-center\" style=\"font-size:15px\">Voir <a href=\"https:\/\/cfdt-recherche-epst.org\/wp-content\/uploads\/2022\/03\/Election-CPAR-Proces-verbal.pdf\">les r\u00e9sultats dans tous les coll\u00e8ges<\/a>, vote direct ou indirect (\u00e9lecteurs CSS)<\/p>\n","protected":false},"excerpt":{"rendered":"<p>REMERCIEMENTS DE NOS \u00c9LU.E.S A LA COMMISSION DE PILOTAGE ET D&rsquo;ACCOMPAGNEMENT DE LA RECHERCHECPAR InsermMandature 2022-2027 Nous remercions vivement les \u00e9lectrices et les \u00e9lecteurs qui se sont exprim\u00e9.e.s \u00e0 l&rsquo;occasion de ce vote et qui, par leur mobilisation, ont permis d&rsquo;installer le Sgen-CFDT RechercheEPST comme la premi\u00e8re organisation syndicale chez<\/p>\n","protected":false},"author":19,"featured_media":0,"comment_status":"closed","ping_status":"open","sticky":false,"template":"","format":"standard","meta":{"footnotes":""},"categories":[5],"tags":[],"class_list":["post-28723","post","type-post","status-publish","format-standard","hentry","category-epst","ct-col-2"],"amp_enabled":true,"_links":{"self":[{"href":"https:\/\/cfdt-recherche-epst.org\/index.php?rest_route=\/wp\/v2\/posts\/28723","targetHints":{"allow":["GET"]}}],"collection":[{"href":"https:\/\/cfdt-recherche-epst.org\/index.php?rest_route=\/wp\/v2\/posts"}],"about":[{"href":"https:\/\/cfdt-recherche-epst.org\/index.php?rest_route=\/wp\/v2\/types\/post"}],"author":[{"embeddable":true,"href":"https:\/\/cfdt-recherche-epst.org\/index.php?rest_route=\/wp\/v2\/users\/19"}],"replies":[{"embeddable":true,"href":"https:\/\/cfdt-recherche-epst.org\/index.php?rest_route=%2Fwp%2Fv2%2Fcomments&post=28723"}],"version-history":[{"count":14,"href":"https:\/\/cfdt-recherche-epst.org\/index.php?rest_route=\/wp\/v2\/posts\/28723\/revisions"}],"predecessor-version":[{"id":28753,"href":"https:\/\/cfdt-recherche-epst.org\/index.php?rest_route=\/wp\/v2\/posts\/28723\/revisions\/28753"}],"wp:attachment":[{"href":"https:\/\/cfdt-recherche-epst.org\/index.php?rest_route=%2Fwp%2Fv2%2Fmedia&parent=28723"}],"wp:term":[{"taxonomy":"category","embeddable":true,"href":"https:\/\/cfdt-recherche-epst.org\/index.php?rest_route=%2Fwp%2Fv2%2Fcategories&post=28723"},{"taxonomy":"post_tag","embeddable":true,"href":"https:\/\/cfdt-recherche-epst.org\/index.php?rest_route=%2Fwp%2Fv2%2Ftags&post=28723"}],"curies":[{"name":"wp","href":"https:\/\/api.w.org\/{rel}","templated":true}]}}