{"id":29148,"date":"2022-04-12T08:40:00","date_gmt":"2022-04-12T07:40:00","guid":{"rendered":"https:\/\/epst-sgen-cfdt.org\/?p=29148"},"modified":"2022-04-19T08:43:01","modified_gmt":"2022-04-19T07:43:01","slug":"lextreme-droite-faible-avec-les-forts-forte-avec-les-faibles","status":"publish","type":"post","link":"https:\/\/cfdt-recherche-epst.org\/?p=29148","title":{"rendered":"L\u2019EXTR\u00caME DROITE : FAIBLE AVEC LES FORTS, FORTE AVEC LES FAIBLES"},"content":{"rendered":"\n<p><a href=\"https:\/\/uffa.cfdt.fr\/portail\/uffa\/autres\/action-revendicative\/l-extreme-droite-faible-avec-les-forts-forte-avec-les-faibles-srv1_1231003\" target=\"_blank\" rel=\"noreferrer noopener\">Publi\u00e9 le\u00a012\/04\/2022 Par CFDT-Fonction publique<\/a><\/p>\n\n\n\n<h2 class=\"wp-block-heading\">Notre engagement consiste \u00e0 d\u00e9fendre tous les travailleurs, toutes les travailleuses, sans discrimination, sans distinction.&nbsp;<\/h2>\n\n\n\n<h2 class=\"wp-block-heading\">Pour toutes ces raisons, et bien d\u2019autres encore, il nous semble indispensable de ne pas se tromper d\u2019ennemi&nbsp;: le 24 avril, le seul moyen de s\u2019opposer \u00e0 l\u2019extr\u00eame-droite, c\u2019est le bulletin Macron.<\/h2>\n\n\n\n<p>Les candidats extr\u00e9mistes ou populistes qui acc\u00e8dent au pouvoir n\u2019ont que rarement pr\u00e9serv\u00e9\u0301 les fondements d\u00e9mocratiques de leur pays (Poutine, Orban, Bolsonaro, Trump&#8230;). &nbsp;On peut en d\u00e9duire, sans proc\u00e8s d\u2019intention, que pour eux, l\u2019\u00c9tat de droit, la s\u00e9paration des pouvoirs, l\u2019ind\u00e9pendance de la justice, la libert\u00e9\u0301 d\u2019expression en g\u00e9n\u00e9ral et la libert\u00e9\u0301 de la presse en particulier, ou encore la libert\u00e9\u0301 syndicale, ne sont pas consid\u00e9r\u00e9s comme essentiels. Or, tous ces principes et ces droits sont consubstantiels d\u2019une d\u00e9mocratie. Ainsi, sur la protection des lanceurs d\u2019alerte, le Rassemblement national s\u2019est prononc\u00e9 contre une protection renforc\u00e9e. Le Rassemblement national s\u2019est \u00e9galement oppos\u00e9 \u00e0 l\u2019id\u00e9e de promouvoir la v\u00e9rification des faits par des&nbsp;<em>\u00ab&nbsp;organisations tierces certifi\u00e9es&nbsp;\u00bb<\/em>et de faire sanctionner par la Commission europ\u00e9enne les Etats qui enfreignent la libert\u00e9 et le pluralisme des m\u00e9dias. Facile, ensuite, de crier au loup sur le recours aux cabinets de consultants&nbsp;!<\/p>\n\n\n\n<p>Grand pourfendeur du dumping social, le Rassemblement national s\u2019est pourtant oppos\u00e9 \u00e0 la plupart des initiatives visant \u00e0 le combattre. Ses \u00e9lus se sont abstenus lors du vote au Parlement europ\u00e9en sur la r\u00e9vision de la directive sur le travail d\u00e9tach\u00e9 promue par Emmanuel Macron, jug\u00e9e insuffisante pour combattre un probl\u00e8me plus profond. Ils ont \u00e9galement rejet\u00e9 le socle europ\u00e9en des droits sociaux, qui encourage une harmonisation des r\u00e8gles du travail et de la protection sociale \u00e0 travers le continent.<\/p>\n\n\n\n<p>Le sujet obsessionnel de l\u2019extr\u00eame droite fait de l\u2019immigration l\u2019origine de tous les maux de notre pays, et fait un amalgame permanent entre immigration et s\u00e9curit\u00e9\u0301, un lien de cause \u00e0 effet entre immigration et ch\u00f4mage, immigration et obscurantisme religieux. Aucune \u00e9tude s\u00e9rieuse ne valide ces liens.&nbsp;<\/p>\n\n\n\n<p>La pr\u00e9f\u00e9rence nationale est le c\u0153ur id\u00e9ologique du Rassemblement national, quel que soit le contexte \u00e9conomique et politique. Concr\u00e8tement, il s\u2019agit de l\u2019attribution pr\u00e9f\u00e9rentielle aux Fran\u00e7ais des emplois, logements sociaux et allocations familiales. Elle est contraire \u00e0 la Constitution, mais aussi \u00e0 nos valeurs de syndicalistes. Notre engagement consiste \u00e0 d\u00e9fendre tous les travailleurs, toutes les travailleuses, sans discrimination, sans distinction.<\/p>\n\n\n\n<p>S\u2019il est un sujet o\u00f9 l\u2019extr\u00eame droite affiche voire revendique une doctrine r\u00e9actionnaire, c\u2019est bien celui des droits des femmes. Il suffit de regarder les votes des d\u00e9put\u00e9s RN au Parlement europ\u00e9ens pour avoir la preuve que rien n\u2019a vraiment chang\u00e9\u0301 au sein d\u2019un parti qui continue de consid\u00e9rer que, au fond, la place des femmes est au foyer. Pour expliquer leurs votes n\u00e9gatifs sur un meilleur acc\u00e8s \u00e0 l\u2019avortement et \u00e0 la contraception, par exemple, les \u00e9lus RN invoquent une suppos\u00e9e&nbsp;<em>\u00ab&nbsp;id\u00e9ologie de genre&nbsp;\u00bb<\/em>, destructrice pour la famille traditionnelle, qui contaminerait les trav\u00e9es du Parlement europ\u00e9en&nbsp;!<\/p>\n\n\n\n<p>L\u2019extr\u00eame droite d\u2019aujourd\u2019hui ne recourt pas seulement \u00e0 des mensonges historiques. Elle excelle aussi \u00e0 maquiller ses obsessions avec les mots et les sujets d\u2019actualit\u00e9. C\u2019\u00e9tait le cas dans les ann\u00e9es 80 avec le slogan \u00ab 3 millions de ch\u00f4meurs, c\u2019est 3 millions d\u2019immigr\u00e9s en trop \u00bb, jouant sur la peur du ch\u00f4mage pour s\u2019abstenir de toute justification et de toute logique. La pr\u00e9f\u00e9rence nationale est le c\u0153ur id\u00e9ologique du Front national, devenu Rassemblement national, quel que soit son dirigeant, quel que soit le contexte \u00e9conomique et politique. Concr\u00e8tement, il s\u2019agit de l\u2019attribution pr\u00e9f\u00e9rentielle aux Fran\u00e7ais des emplois, logements sociaux et allocations familiales. Autrement dit, c\u2019est l\u2019application d\u2019un principe de discrimination au sein de la population vivant sur le territoire national en fonction de son origine. La pr\u00e9f\u00e9rence nationale est contraire \u00e0 l\u2019article 1er de la Constitution, mais aussi \u00e0 nos valeurs de syndicalistes, nous qui repr\u00e9sentons des collectifs de travailleurs, solidaires quelle que soit leur origine, dans l\u2019entreprise ou l\u2019administration.<\/p>\n\n\n\n<p><strong>La CFDT pense qu\u2019aucune soci\u00e9t\u00e9 ne prosp\u00e8re durablement en laissant de c\u00f4t\u00e9 une partie de la population. L\u2019\u00e9galit\u00e9 d\u2019acc\u00e8s \u00e0 l\u2019\u00e9ducation, \u00e0 la culture, \u00e0 la sant\u00e9 est cr\u00e9atrice de richesses et contribue au progr\u00e8s social pour chacun et pour tous.<\/strong><\/p>\n\n\n\n<p><strong>Pour toutes ces raisons, et bien d\u2019autres encore, il nous semble indispensable de ne pas se tromper d\u2019ennemi&nbsp;: le 24 avril, le seul moyen de s\u2019opposer \u00e0 l\u2019extr\u00eame-droite, c\u2019est le bulletin Macron.<\/strong><\/p>\n\n\n\n<p><strong>Cet appel ne vaut ni approbation du bilan du pr\u00e9sident sortant ni adh\u00e9sion \u00e0 son programme.<\/strong><\/p>\n","protected":false},"excerpt":{"rendered":"<p>Publi\u00e9 le\u00a012\/04\/2022 Par CFDT-Fonction publique Notre engagement consiste \u00e0 d\u00e9fendre tous les travailleurs, toutes les travailleuses, sans discrimination, sans distinction.&nbsp; Pour toutes ces raisons, et bien d\u2019autres encore, il nous semble indispensable de ne pas se tromper d\u2019ennemi&nbsp;: le 24 avril, le seul moyen de s\u2019opposer \u00e0 l\u2019extr\u00eame-droite, c\u2019est le<\/p>\n","protected":false},"author":19,"featured_media":0,"comment_status":"closed","ping_status":"open","sticky":false,"template":"","format":"standard","meta":{"footnotes":""},"categories":[5],"tags":[],"class_list":["post-29148","post","type-post","status-publish","format-standard","hentry","category-epst","ct-col-2"],"amp_enabled":true,"_links":{"self":[{"href":"https:\/\/cfdt-recherche-epst.org\/index.php?rest_route=\/wp\/v2\/posts\/29148","targetHints":{"allow":["GET"]}}],"collection":[{"href":"https:\/\/cfdt-recherche-epst.org\/index.php?rest_route=\/wp\/v2\/posts"}],"about":[{"href":"https:\/\/cfdt-recherche-epst.org\/index.php?rest_route=\/wp\/v2\/types\/post"}],"author":[{"embeddable":true,"href":"https:\/\/cfdt-recherche-epst.org\/index.php?rest_route=\/wp\/v2\/users\/19"}],"replies":[{"embeddable":true,"href":"https:\/\/cfdt-recherche-epst.org\/index.php?rest_route=%2Fwp%2Fv2%2Fcomments&post=29148"}],"version-history":[{"count":1,"href":"https:\/\/cfdt-recherche-epst.org\/index.php?rest_route=\/wp\/v2\/posts\/29148\/revisions"}],"predecessor-version":[{"id":29149,"href":"https:\/\/cfdt-recherche-epst.org\/index.php?rest_route=\/wp\/v2\/posts\/29148\/revisions\/29149"}],"wp:attachment":[{"href":"https:\/\/cfdt-recherche-epst.org\/index.php?rest_route=%2Fwp%2Fv2%2Fmedia&parent=29148"}],"wp:term":[{"taxonomy":"category","embeddable":true,"href":"https:\/\/cfdt-recherche-epst.org\/index.php?rest_route=%2Fwp%2Fv2%2Fcategories&post=29148"},{"taxonomy":"post_tag","embeddable":true,"href":"https:\/\/cfdt-recherche-epst.org\/index.php?rest_route=%2Fwp%2Fv2%2Ftags&post=29148"}],"curies":[{"name":"wp","href":"https:\/\/api.w.org\/{rel}","templated":true}]}}