{"id":29338,"date":"2022-04-25T14:24:00","date_gmt":"2022-04-25T13:24:00","guid":{"rendered":"https:\/\/epst-sgen-cfdt.org\/?p=29338"},"modified":"2022-04-29T14:26:04","modified_gmt":"2022-04-29T13:26:04","slug":"protection-sociale-complementaire-psc-deux-volets-pour-les-agents-de-letat-sante-et-prevoyance","status":"publish","type":"post","link":"https:\/\/cfdt-recherche-epst.org\/?p=29338","title":{"rendered":"PROTECTION SOCIALE COMPL\u00c9MENTAIRE (PSC) : DEUX VOLETS POUR LES AGENTS DE L\u2019\u00c9TAT, SANT\u00c9 ET PR\u00c9VOYANCE."},"content":{"rendered":"\n<p><a href=\"https:\/\/uffa.cfdt.fr\/portail\/uffa\/protection-sociale-complementaire\/protection-sociale-complementaire-psc-deux-volets-pour-les-agents-de-l-etat-sante-et-prevoyance-srv2_1232553\" target=\"_blank\" rel=\"noreferrer noopener\">CFDP FP 25 avril 2022<\/a><\/p>\n\n\n\n<p>Apr\u00e8s des \u00e9changes nourris entre le minist\u00e8re de la Transformation et de la Fonction Publiques et le Conseil d\u2019\u00c9tat, le d\u00e9cret qui traduit&nbsp;<a>l\u2019accord interminist\u00e9riel du 26 janvier 2022<\/a>&nbsp;est enfin paru le&nbsp;<a href=\"https:\/\/www.legifrance.gouv.fr\/jorf\/id\/JORFTEXT000045641233\">22 avril 2022 sous le num\u00e9ro 2022-633<\/a>.<\/p>\n\n\n\n<p>Mais le volet sant\u00e9 n\u2019est que la premi\u00e8re partie de la PSC. En effet, un accord de m\u00e9thode sur la pr\u00e9voyance a \u00e9t\u00e9 sign\u00e9 entre le minist\u00e8re et les organisations syndicales de l\u2019\u00c9tat, \u00e0 l\u2019exception de FO, le 4 avril 2022. Les n\u00e9gociations sur le volet de la pr\u00e9voyance vont pouvoir d\u00e9buter.<\/p>\n\n\n\n<figure class=\"wp-block-image is-style-default\"><img decoding=\"async\" src=\"https:\/\/uffa.cfdt.fr\/upload\/docs\/image\/png\/2021-06\/protection_sociale_complementaire.png.associated\/th-670x670-protection_sociale_complementaire.png.png\" alt=\"\"\/><\/figure>\n\n\n\n<p><a href=\"https:\/\/cfdt-recherche-epst.org\/?p=29242&amp;utm_source=LE2022&amp;utm_campaign=LE2022_18&amp;utm_medium=meladh\">D\u00e9cret n\u00b0 2022-633 du 22 avril 2022 relatif \u00e0 la protection sociale compl\u00e9mentaire en mati\u00e8re de couverture des frais occasionn\u00e9s par une maternit\u00e9, une maladie ou un accident dans la fonction publique de l\u2019Etat\u00a0<\/a>25 avril 2022<\/p>\n","protected":false},"excerpt":{"rendered":"<p>CFDP FP 25 avril 2022 Apr\u00e8s des \u00e9changes nourris entre le minist\u00e8re de la Transformation et de la Fonction Publiques et le Conseil d\u2019\u00c9tat, le d\u00e9cret qui traduit&nbsp;l\u2019accord interminist\u00e9riel du 26 janvier 2022&nbsp;est enfin paru le&nbsp;22 avril 2022 sous le num\u00e9ro 2022-633. Mais le volet sant\u00e9 n\u2019est que la premi\u00e8re<\/p>\n","protected":false},"author":19,"featured_media":0,"comment_status":"closed","ping_status":"open","sticky":false,"template":"","format":"standard","meta":{"footnotes":""},"categories":[443,10],"tags":[270,317],"class_list":["post-29338","post","type-post","status-publish","format-standard","hentry","category-carriere","category-remuneration","tag-complementaire-sante","tag-fpe","ct-col-2"],"amp_enabled":true,"_links":{"self":[{"href":"https:\/\/cfdt-recherche-epst.org\/index.php?rest_route=\/wp\/v2\/posts\/29338","targetHints":{"allow":["GET"]}}],"collection":[{"href":"https:\/\/cfdt-recherche-epst.org\/index.php?rest_route=\/wp\/v2\/posts"}],"about":[{"href":"https:\/\/cfdt-recherche-epst.org\/index.php?rest_route=\/wp\/v2\/types\/post"}],"author":[{"embeddable":true,"href":"https:\/\/cfdt-recherche-epst.org\/index.php?rest_route=\/wp\/v2\/users\/19"}],"replies":[{"embeddable":true,"href":"https:\/\/cfdt-recherche-epst.org\/index.php?rest_route=%2Fwp%2Fv2%2Fcomments&post=29338"}],"version-history":[{"count":1,"href":"https:\/\/cfdt-recherche-epst.org\/index.php?rest_route=\/wp\/v2\/posts\/29338\/revisions"}],"predecessor-version":[{"id":29339,"href":"https:\/\/cfdt-recherche-epst.org\/index.php?rest_route=\/wp\/v2\/posts\/29338\/revisions\/29339"}],"wp:attachment":[{"href":"https:\/\/cfdt-recherche-epst.org\/index.php?rest_route=%2Fwp%2Fv2%2Fmedia&parent=29338"}],"wp:term":[{"taxonomy":"category","embeddable":true,"href":"https:\/\/cfdt-recherche-epst.org\/index.php?rest_route=%2Fwp%2Fv2%2Fcategories&post=29338"},{"taxonomy":"post_tag","embeddable":true,"href":"https:\/\/cfdt-recherche-epst.org\/index.php?rest_route=%2Fwp%2Fv2%2Ftags&post=29338"}],"curies":[{"name":"wp","href":"https:\/\/api.w.org\/{rel}","templated":true}]}}