{"id":30044,"date":"2022-06-24T09:12:00","date_gmt":"2022-06-24T08:12:00","guid":{"rendered":"https:\/\/epst-sgen-cfdt.org\/?p=30044"},"modified":"2022-07-11T09:50:14","modified_gmt":"2022-07-11T08:50:14","slug":"lintersyndicale-de-la-fonction-publique-arrache-une-conference-sur-le-pouvoir-dachat-cfdt","status":"publish","type":"post","link":"https:\/\/cfdt-recherche-epst.org\/?p=30044","title":{"rendered":"L\u2019intersyndicale de la fonction publique arrache une conf\u00e9rence sur le pouvoir d\u2019achat (CFDT)"},"content":{"rendered":"\n<p><a href=\"https:\/\/www.syndicalismehebdo.fr\/article\/lintersyndicale-de-la-fonction-publique-arrache-une-conference-sur-le-pouvoir-dachat\" target=\"_blank\" rel=\"noreferrer noopener\">Par&nbsp;Guillaume Lef\u00e8vre\u2014 Publi\u00e9 le 24\/06\/2022 \u00e0 11h45<\/a><\/p>\n\n\n\n<h2 class=\"wp-block-heading\">Le 23 juin, les neuf organisations repr\u00e9sentatives de la fonction publique pressaient le gouvernement de tenir le rendez-vous salarial annonc\u00e9 depuis mars, afin que les mesures d\u2019urgence relatives au pouvoir d\u2019achat des agents publics soient discut\u00e9es et mises en \u0153uvre avant le 1er juillet. Ledit rendez-vous se tiendra le 28 juin au minist\u00e8re.<\/h2>\n\n\n\n<p>Enfin ! Alors que des mesures d\u2019urgence sont annonc\u00e9es depuis mars par l\u2019ex\u00e9cutif, les 5,7 millions d\u2019agents et leurs repr\u00e9sentants ne voyaient toujours rien venir. \u00ab&nbsp;<em>Depuis des mois, le haut niveau d\u2019inflation se conjugue au gel de la valeur du point d\u2019indice et fait chuter le pouvoir d\u2019achat des agents publics<\/em>&nbsp;\u00bb, \u00e9crivent les neuf syndicats de la fonction publique<sup><a href=\"https:\/\/www.syndicalismehebdo.fr\/article\/lintersyndicale-de-la-fonction-publique-arrache-une-conference-sur-le-pouvoir-dachat#note-1\">1<\/a><\/sup>&nbsp;dans une&nbsp;<a href=\"https:\/\/uffa.cfdt.fr\/portail\/uffa\/autres\/pouvoir-d-achat\/pouvoir-d-achat-des-agents-publics-il-y-a-urgence-srv1_1240997\" target=\"_blank\" rel=\"noreferrer noopener\">d\u00e9claration commune<\/a>. Le minist\u00e8re vient de leur r\u00e9pondre, en annon\u00e7ant la tenue d\u2019une conf\u00e9rence salariale le 28 juin.<\/p>\n\n\n\n<p>L\u2019attente n\u2019avait que trop dur\u00e9. \u00ab&nbsp;<em>Il est inenvisageable que rien ne soit fait sur la valeur du point !<\/em>&nbsp;\u00bb, s\u2019emportait Myl\u00e8ne Jacquot, la secr\u00e9taire g\u00e9n\u00e9rale de la CFDT-Fonctions publiques, estimant qu\u2019\u00ab&nbsp;<em>une revalorisation cons\u00e9quente et visible du point d\u2019indice [gel\u00e9 depuis dix ans] est n\u00e9cessaire<\/em>&nbsp;\u00bb. En outre, les syndicats demandent la mise en place de mesures d\u2019urgence concernant les grilles de r\u00e9mun\u00e9ration afin d\u2019acc\u00e9l\u00e9rer l\u2019\u00e9galit\u00e9 professionnelle entre les hommes et les femmes.<\/p>\n\n\n\n<h2 class=\"wp-block-heading\">800 000 agents percut\u00e9s par les hausses cons\u00e9cutives du Smic<\/h2>\n\n\n\n<p>Troisi\u00e8me exigence \u00e9nonc\u00e9e par l\u2019intersyndicale : la prise en compte de l\u2019inflation, qui p\u00e8se sur les bas salaires et nuit \u00e0 l\u2019attractivit\u00e9 des trois versants de la fonction publique (\u00c9tat, territoriale et hospitali\u00e8re). \u00ab&nbsp;<em>Le gouvernement doit prendre l\u2019engagement de revoir les organisations syndicales aussi souvent que n\u00e9cessaire dans les mois \u00e0 venir afin de construire un dispositif de prise en compte de l\u2019inflation, attendu par les agents, de plus en plus nombreux \u00e0 \u00eatre concern\u00e9s par les hausses successives du Smic : 400 000 il y a deux ans, plus de 800 000 aujourd\u2019hui. Combien demain si rien n\u2019est fait ?<\/em>&nbsp;\u00bb Par ailleurs, la CFDT-Fonctions publiques a pes\u00e9 pour que soit mentionn\u00e9 dans le texte un objectif de justice sociale, \u00ab&nbsp;<em>car n\u2019agir que sur la valeur du point est \u00e0 l\u2019avantage des r\u00e9mun\u00e9rations les plus \u00e9lev\u00e9es<\/em>&nbsp;\u00bb.<\/p>\n\n\n\n<p>\u00c0 PROPOS DE L&rsquo;AUTEUR<strong><a href=\"https:\/\/www.syndicalismehebdo.fr\/auteur\/guillaume-lefevre\">Guillaume Lef\u00e8vre<\/a><\/strong><\/p>\n\n\n\n<p>Journaliste<\/p>\n","protected":false},"excerpt":{"rendered":"<p>Par&nbsp;Guillaume Lef\u00e8vre\u2014 Publi\u00e9 le 24\/06\/2022 \u00e0 11h45 Le 23 juin, les neuf organisations repr\u00e9sentatives de la fonction publique pressaient le gouvernement de tenir le rendez-vous salarial annonc\u00e9 depuis mars, afin que les mesures d\u2019urgence relatives au pouvoir d\u2019achat des agents publics soient discut\u00e9es et mises en \u0153uvre avant le 1er<\/p>\n","protected":false},"author":19,"featured_media":0,"comment_status":"closed","ping_status":"open","sticky":false,"template":"","format":"standard","meta":{"footnotes":""},"categories":[5],"tags":[],"class_list":["post-30044","post","type-post","status-publish","format-standard","hentry","category-epst","ct-col-2"],"amp_enabled":true,"_links":{"self":[{"href":"https:\/\/cfdt-recherche-epst.org\/index.php?rest_route=\/wp\/v2\/posts\/30044","targetHints":{"allow":["GET"]}}],"collection":[{"href":"https:\/\/cfdt-recherche-epst.org\/index.php?rest_route=\/wp\/v2\/posts"}],"about":[{"href":"https:\/\/cfdt-recherche-epst.org\/index.php?rest_route=\/wp\/v2\/types\/post"}],"author":[{"embeddable":true,"href":"https:\/\/cfdt-recherche-epst.org\/index.php?rest_route=\/wp\/v2\/users\/19"}],"replies":[{"embeddable":true,"href":"https:\/\/cfdt-recherche-epst.org\/index.php?rest_route=%2Fwp%2Fv2%2Fcomments&post=30044"}],"version-history":[{"count":3,"href":"https:\/\/cfdt-recherche-epst.org\/index.php?rest_route=\/wp\/v2\/posts\/30044\/revisions"}],"predecessor-version":[{"id":30142,"href":"https:\/\/cfdt-recherche-epst.org\/index.php?rest_route=\/wp\/v2\/posts\/30044\/revisions\/30142"}],"wp:attachment":[{"href":"https:\/\/cfdt-recherche-epst.org\/index.php?rest_route=%2Fwp%2Fv2%2Fmedia&parent=30044"}],"wp:term":[{"taxonomy":"category","embeddable":true,"href":"https:\/\/cfdt-recherche-epst.org\/index.php?rest_route=%2Fwp%2Fv2%2Fcategories&post=30044"},{"taxonomy":"post_tag","embeddable":true,"href":"https:\/\/cfdt-recherche-epst.org\/index.php?rest_route=%2Fwp%2Fv2%2Ftags&post=30044"}],"curies":[{"name":"wp","href":"https:\/\/api.w.org\/{rel}","templated":true}]}}