{"id":30832,"date":"2022-09-12T13:22:00","date_gmt":"2022-09-12T12:22:00","guid":{"rendered":"https:\/\/epst-sgen-cfdt.org\/?p=30832"},"modified":"2022-10-07T13:28:22","modified_gmt":"2022-10-07T12:28:22","slug":"grace-a-laction-de-la-cfdt-les-fonctionnaires-retraites-au-1er-juillet-ne-sont-pas-penalises","status":"publish","type":"post","link":"https:\/\/cfdt-recherche-epst.org\/?p=30832","title":{"rendered":"Gr\u00e2ce \u00e0 l\u2019action de la CFDT, les fonctionnaires retrait\u00e9s au 1er juillet ne sont pas p\u00e9nalis\u00e9s"},"content":{"rendered":"\n<p>En raison des revalorisations au 1er juillet 2022 du point d\u2019indice de la Fonction publique et des retraites, les fonctionnaires partant \u00e0 la retraite au m\u00eame moment pourraient ne b\u00e9n\u00e9ficier d\u2019aucune de ces revalorisations. La CFDT a interpell\u00e9 le ministre et a re\u00e7u une r\u00e9ponse favorable.<\/p>\n\n\n\n<p><strong>Le ministre de la Fonction publique a r\u00e9pondu \u00e0 la CFDT Fonction publique&nbsp;: les fonctionnaires radi\u00e9s des cadres le 1er juillet 2022 (dernier jour de travail le 30 juin) et ayant la jouissance de leur pension \u00e0 cette date, b\u00e9n\u00e9ficient de la revalorisation de leur pension de 4%. Cette augmentation interviendra sur la pension vers\u00e9e en septembre ainsi que les rappels sur juillet et ao\u00fbt.<br>Les fonctionnaires radi\u00e9s des cadres le 2 juillet 2022 (dernier jour de travail le 1er juillet) b\u00e9n\u00e9ficie quant \u00e0 eux de la revalorisation de la valeur du point d\u2019indice Fonction publique au 1er juillet. Leur pension sera calcul\u00e9e sur la base d\u2019une valeur du point Fonction publique revaloris\u00e9e de 3.5&nbsp;%.<br>Comme le souhaitait la CFDT, les agents fonctionnaires retrait\u00e9s au 1er juillet ne sont pas p\u00e9nalis\u00e9s.<\/strong><\/p>\n\n\n\n<p>voir article sur CFDT RETRAITES <a href=\"https:\/\/www.cfdt-retrait\u00e9s.fr\/Grace-a-l-action-de-la-CFDT-les-fonctionnaires-retraites-au-1er-juillet-ne-sont-pas-penalises\" target=\"_blank\" rel=\"noreferrer noopener\">ICI<\/a><\/p>\n","protected":false},"excerpt":{"rendered":"<p>En raison des revalorisations au 1er juillet 2022 du point d\u2019indice de la Fonction publique et des retraites, les fonctionnaires partant \u00e0 la retraite au m\u00eame moment pourraient ne b\u00e9n\u00e9ficier d\u2019aucune de ces revalorisations. La CFDT a interpell\u00e9 le ministre et a re\u00e7u une r\u00e9ponse favorable. Le ministre de la<\/p>\n","protected":false},"author":19,"featured_media":0,"comment_status":"closed","ping_status":"open","sticky":false,"template":"","format":"standard","meta":{"footnotes":""},"categories":[5],"tags":[],"class_list":["post-30832","post","type-post","status-publish","format-standard","hentry","category-epst","ct-col-2"],"amp_enabled":true,"_links":{"self":[{"href":"https:\/\/cfdt-recherche-epst.org\/index.php?rest_route=\/wp\/v2\/posts\/30832","targetHints":{"allow":["GET"]}}],"collection":[{"href":"https:\/\/cfdt-recherche-epst.org\/index.php?rest_route=\/wp\/v2\/posts"}],"about":[{"href":"https:\/\/cfdt-recherche-epst.org\/index.php?rest_route=\/wp\/v2\/types\/post"}],"author":[{"embeddable":true,"href":"https:\/\/cfdt-recherche-epst.org\/index.php?rest_route=\/wp\/v2\/users\/19"}],"replies":[{"embeddable":true,"href":"https:\/\/cfdt-recherche-epst.org\/index.php?rest_route=%2Fwp%2Fv2%2Fcomments&post=30832"}],"version-history":[{"count":2,"href":"https:\/\/cfdt-recherche-epst.org\/index.php?rest_route=\/wp\/v2\/posts\/30832\/revisions"}],"predecessor-version":[{"id":30834,"href":"https:\/\/cfdt-recherche-epst.org\/index.php?rest_route=\/wp\/v2\/posts\/30832\/revisions\/30834"}],"wp:attachment":[{"href":"https:\/\/cfdt-recherche-epst.org\/index.php?rest_route=%2Fwp%2Fv2%2Fmedia&parent=30832"}],"wp:term":[{"taxonomy":"category","embeddable":true,"href":"https:\/\/cfdt-recherche-epst.org\/index.php?rest_route=%2Fwp%2Fv2%2Fcategories&post=30832"},{"taxonomy":"post_tag","embeddable":true,"href":"https:\/\/cfdt-recherche-epst.org\/index.php?rest_route=%2Fwp%2Fv2%2Ftags&post=30832"}],"curies":[{"name":"wp","href":"https:\/\/api.w.org\/{rel}","templated":true}]}}