{"id":310,"date":"2024-04-23T13:49:56","date_gmt":"2024-04-23T12:49:56","guid":{"rendered":"http:\/\/www.ibdpv.fr\/wordpress\/?p=310"},"modified":"2026-01-06T11:01:43","modified_gmt":"2026-01-06T10:01:43","slug":"sections-regionales-du-syndicat","status":"publish","type":"post","link":"https:\/\/cfdt-recherche-epst.org\/?p=310","title":{"rendered":"Sections r\u00e9gionales du Syndicat CFDT Recherche EPST"},"content":{"rendered":"<table style=\"height: 1580px;\" width=\"914\">\n<tbody>\n<tr>\n<td width=\"274\"><strong>D\u00c9L\u00c9GATIONS<br \/><span style=\"color: #0000ff;\">CNRS<\/span> \/ <span style=\"color: #ff0000;\">Inserm<\/span> \/ <span style=\"color: #339966;\">Centres Inria<\/span><br \/><\/strong><\/td>\n<td width=\"383\"><strong>SECTIONS ET PERIMETRES<\/strong><\/td>\n<td width=\"161\"><strong>SECRETAIRES<\/strong><\/td>\n<\/tr>\n<tr>\n<td>\n<p><span style=\"color: #0000ff;\">DR 1 &#8211; DR 2 &#8211; DR16\u00a0<\/span><\/p>\n<p><span style=\"color: #ff0000;\">DR Paris IDF Centre Nord (ex DR 5\/7)<\/span><\/p>\n<p><span style=\"color: #ff0000;\">DR Paris IDF Centre Est (ex DR 6\/12)<\/span><\/p>\n<p><span style=\"color: #ff0000;\">DR Paris-IDF Sud (ex DR 11)<\/span><\/p>\n<p><span style=\"color: #ff0000;\">ADS (Si\u00e8ge + Biopark)<\/span><\/p>\n<\/td>\n<td width=\"383\">\n<p><strong>IDF EST PARIS<\/strong><\/p>\n<p>Paris-Villejuif : Thiais\/Ivry\/Kremlin-Bic\u00eatre\/Cachan\/Villejuif<\/p>\n<p>Paris-Bastille : Jussieu\/St.Antoine\/Piti\u00e9-Salp\u00eatri\u00e8re<\/p>\n<p>Paris-Panth\u00e9on : Tolbiac\/Lariboisi\u00e8re\/Mont. St. Genevi\u00e8ve<\/p>\n<p>Paris-Sud Ouest : Necker\/Cochin\/Pasteur\/Pouchet<\/p>\n<\/td>\n<td width=\"161\">\n<p>Jean-Luc CARRIER<\/p>\n<p>Isabelle COHEN<\/p>\n<p>Pierre Yves CANTO<\/p>\n<\/td>\n<\/tr>\n<tr>\n<td>\n<p><span style=\"color: #0000ff;\">DR4\u00a0<\/span><\/p>\n<p><span style=\"color: #ff0000;\">DR Paris IDF Centre Est (ex DR 6\/12)<\/span><\/p>\n<p><span style=\"color: #ff0000;\">DR Paris-IDF Sud (ex DR 11)<\/span><\/p>\n<\/td>\n<td width=\"383\">\n<p><strong>IDF Sud<\/strong><\/p>\n<p>Gif, Saclay, Palaiseau, Orsay, Clamart<\/p>\n<\/td>\n<td>Luc PERROT<\/td>\n<\/tr>\n<tr>\n<td>\n<p><span style=\"color: #0000ff;\">DR 5<\/span><\/p>\n<p><span style=\"color: #ff0000;\">DR Paris-IDF Sud (ex DR 11)<\/span><\/p>\n<\/td>\n<td width=\"383\">\n<p><strong>IDF Ouest et Nord<\/strong><\/p>\n<p>Versailles \/ St. Quentin en Y. \/ Meudon \/ Vaucresson \/ Nanterre \/ Cergy \/ V\u00e9lizy \/ Le V\u00e9sinet<\/p>\n<\/td>\n<td>Esther MAGNIERE<\/td>\n<\/tr>\n<tr>\n<td><span style=\"color: #0000ff;\">DR 6<\/span> \/ <span style=\"color: #ff0000;\">DR Est<\/span><\/td>\n<td width=\"383\"><strong>Nord Est<\/strong><\/td>\n<td>Sebastien HUPONT<\/td>\n<\/tr>\n<tr>\n<td><span style=\"color: #0000ff;\">DR 7<\/span> \/ <span style=\"color: #ff0000;\">DR Auvergne Rh\u00f4ne Alpes<\/span><\/td>\n<td width=\"383\"><b>Rh\u00f4ne Auvergne<\/b><\/td>\n<td>Gilles BERHAULT\u00a0 Franck LAVENNE (adjoint)<\/td>\n<\/tr>\n<tr>\n<td><span style=\"color: #0000ff;\">DR 8<\/span> \/<span style=\"color: #ff0000;\"> DR Grand Ouest + N Aquitaine<\/span><\/td>\n<td width=\"383\"><strong>Centre Limousin Poitou-Charentes<\/strong><\/td>\n<td>\n<p>Maryl\u00e8ne BERTRAND<br \/>Patricia BLANCHARD (adjointe)<\/p>\n<\/td>\n<\/tr>\n<tr>\n<td><span style=\"color: #0000ff;\">DR 10<\/span> \/<span style=\"color: #ff0000;\"> DR Est<\/span><\/td>\n<td width=\"383\"><strong>Alsace<\/strong><\/td>\n<td>St\u00e9phanie BAUDREY<br \/>Agn\u00e8s GAUDRY<br \/>G\u00e9raldine KOENIG<br \/>Alexandre LECOINTRE<br \/>Pascal MICHEL<\/td>\n<\/tr>\n<tr>\n<td><span style=\"color: #0000ff;\">DR 12-DR 20<\/span> \/ <span style=\"color: #ff0000;\">DR PACA &amp; Corse<\/span><\/td>\n<td width=\"383\"><strong>Provence Alpes C\u00f4te d&rsquo;Azur &amp; Corse<\/strong><\/td>\n<td>\n<p>Emmanuel BERAUDO Keltouma ALI NEHARI (adjointe)<\/p>\n<\/td>\n<\/tr>\n<tr>\n<td><span style=\"color: #0000ff;\">DR 13<\/span> \/ <span style=\"color: #ff0000;\">DR Occitanie M\u00e9diterran\u00e9e<\/span><\/td>\n<td width=\"383\"><strong>Occitanie Est &#8211; Languedoc Roussillon<\/strong><\/td>\n<td>\n<p>Christophe SALMERON (banyuls)<\/p>\n<\/td>\n<\/tr>\n<tr>\n<td><span style=\"color: #0000ff;\">DR 14<\/span> \/ <span style=\"color: #ff0000;\">DR Occitanie Pyr\u00e9n\u00e9es<\/span><\/td>\n<td width=\"383\"><strong>Occitanie Ouest &#8211; Midi-Pyr\u00e9n\u00e9es<\/strong><\/td>\n<td>Philippe BLANC<\/td>\n<\/tr>\n<tr>\n<td><span style=\"color: #0000ff;\">DR 15<\/span> \/ <span style=\"color: #ff0000;\">DR Nouvelle Aquitaine<\/span><\/td>\n<td width=\"383\"><strong>Aquitaine<\/strong><\/td>\n<td>\n<p>Martine PANO Vanessa CHARRIER (adjointe)<\/p>\n<\/td>\n<\/tr>\n<tr>\n<td><span style=\"color: #0000ff;\">DR 17<\/span> \/ <span style=\"color: #ff0000;\">DR Grand Ouest<\/span><\/td>\n<td width=\"383\"><strong>Bretagne &#8211; Pays de la Loire<\/strong><\/td>\n<td>Dominique Simon<\/td>\n<\/tr>\n<tr>\n<td><span style=\"color: #0000ff;\">DR 18<\/span> \/ <span style=\"color: #ff0000;\">DR Nord Ouest<\/span><\/td>\n<td width=\"383\"><strong>Hauts de France<\/strong><\/td>\n<td>\n<p>Dave TRINEL\u00a0 \u00a0G\u00e9rald CONREUR (adjoint)<\/p>\n<\/td>\n<\/tr>\n<tr>\n<td><span style=\"color: #0000ff;\">DR 19<\/span> \/ <span style=\"color: #ff0000;\">DR Nord Ouest<\/span><\/td>\n<td width=\"383\"><strong>Normandie<\/strong><\/td>\n<td width=\"161\">Maria BLAIZOT<\/td>\n<\/tr>\n<\/tbody>\n<\/table>\n<blockquote>\n<p><span style=\"color: #ff6600;\">Vous pouvez les contacter par email\u00a0: contact@cfdt-recherche-epst.org<\/span><\/p>\n<p><span style=\"color: #ff6600;\">Retrouvez les autres \u00e9lus ou repr\u00e9sentants <a style=\"color: #ff6600;\" href=\"?page_id=1555\">sur cette page<\/a>\u00a0.<\/span><\/p>\n<\/blockquote>\n\n\n<p><\/p>\n","protected":false},"excerpt":{"rendered":"<p>D\u00c9L\u00c9GATIONSCNRS \/ Inserm \/ Centres Inria SECTIONS ET PERIMETRES SECRETAIRES DR 1 &#8211; DR 2 &#8211; DR16\u00a0 DR Paris IDF Centre Nord (ex DR 5\/7) DR Paris IDF Centre Est (ex DR 6\/12) DR Paris-IDF Sud (ex DR 11) ADS (Si\u00e8ge + Biopark) IDF EST PARIS Paris-Villejuif : Thiais\/Ivry\/Kremlin-Bic\u00eatre\/Cachan\/Villejuif Paris-Bastille<\/p>\n","protected":false},"author":19,"featured_media":0,"comment_status":"closed","ping_status":"open","sticky":false,"template":"","format":"standard","meta":{"footnotes":""},"categories":[5],"tags":[],"class_list":["post-310","post","type-post","status-publish","format-standard","hentry","category-epst","ct-col-2"],"amp_enabled":true,"_links":{"self":[{"href":"https:\/\/cfdt-recherche-epst.org\/index.php?rest_route=\/wp\/v2\/posts\/310","targetHints":{"allow":["GET"]}}],"collection":[{"href":"https:\/\/cfdt-recherche-epst.org\/index.php?rest_route=\/wp\/v2\/posts"}],"about":[{"href":"https:\/\/cfdt-recherche-epst.org\/index.php?rest_route=\/wp\/v2\/types\/post"}],"author":[{"embeddable":true,"href":"https:\/\/cfdt-recherche-epst.org\/index.php?rest_route=\/wp\/v2\/users\/19"}],"replies":[{"embeddable":true,"href":"https:\/\/cfdt-recherche-epst.org\/index.php?rest_route=%2Fwp%2Fv2%2Fcomments&post=310"}],"version-history":[{"count":55,"href":"https:\/\/cfdt-recherche-epst.org\/index.php?rest_route=\/wp\/v2\/posts\/310\/revisions"}],"predecessor-version":[{"id":40463,"href":"https:\/\/cfdt-recherche-epst.org\/index.php?rest_route=\/wp\/v2\/posts\/310\/revisions\/40463"}],"wp:attachment":[{"href":"https:\/\/cfdt-recherche-epst.org\/index.php?rest_route=%2Fwp%2Fv2%2Fmedia&parent=310"}],"wp:term":[{"taxonomy":"category","embeddable":true,"href":"https:\/\/cfdt-recherche-epst.org\/index.php?rest_route=%2Fwp%2Fv2%2Fcategories&post=310"},{"taxonomy":"post_tag","embeddable":true,"href":"https:\/\/cfdt-recherche-epst.org\/index.php?rest_route=%2Fwp%2Fv2%2Ftags&post=310"}],"curies":[{"name":"wp","href":"https:\/\/api.w.org\/{rel}","templated":true}]}}