{"id":31701,"date":"2022-11-29T10:27:28","date_gmt":"2022-11-29T09:27:28","guid":{"rendered":"https:\/\/epst-sgen-cfdt.org\/?p=31701"},"modified":"2022-11-30T10:29:14","modified_gmt":"2022-11-30T09:29:14","slug":"la-mobilisation-cest-maintenant","status":"publish","type":"post","link":"https:\/\/cfdt-recherche-epst.org\/?p=31701","title":{"rendered":"La mobilisation, c\u2019est maintenant !"},"content":{"rendered":"\n<h2 class=\"wp-block-heading\">Du 1<sup>er<\/sup>\u00a0au 8\u00a0d\u00e9cembre, les\u00a05,6\u00a0millions d\u2019agents publics vont \u00e9lire leurs\u00a0repr\u00e9sentants dans les\u00a0diff\u00e9rentes instances du\u00a0dialogue social. Un\u00a0rendez-vous que la\u00a0CFDT attendait avec impatience. Avec l\u2019ambition d\u2019am\u00e9liorer le\u00a0quotidien des\u00a0agents et la\u00a0qualit\u00e9 des\u00a0services rendus aux\u00a0usagers.<\/h2>\n\n\n\n<figure class=\"wp-block-image is-resized\"><img loading=\"lazy\" decoding=\"async\" src=\"https:\/\/api.www.syndicalismehebdo.fr\/media\/cache\/article_thumb_big\/uploads\/media\/2022\/11\/3851-actu-eve-fp-elections-637cf0bbaff30504753154.png\" alt=\"image\" width=\"758\" height=\"471\"\/><\/figure>\n\n\n\n<p>Et maintenant, place aux urnes\u2026 et au vote \u00e9lectronique&nbsp;! D\u00e8s le 1<sup>er<\/sup>&nbsp;d\u00e9cembre, les agents publics (fonctionnaires et contractuels) qui en ont la possibilit\u00e9 pourront se prononcer en votant \u00ab&nbsp;\u00e9lectroniquement&nbsp;\u00bb. Les autres, celles et ceux qui feront le d\u00e9placement jusqu\u2019\u00e0 leur bureau de vote, devront attendre le 8&nbsp;d\u00e9cembre. Mais quel que soit le mode de scrutin choisi, l\u2019enjeu va bien au-del\u00e0 de l\u2019\u00e9lection d\u2019un repr\u00e9sentant. Par leur vote, les agents publics d\u00e9cideront de la tonalit\u00e9 qu\u2019ils entendent donner au dialogue social dans les \u00e9tablissements et les administrations.<\/p>\n\n\n\n<p>\u00ab&nbsp;<em>Les agents ont l\u2019occasion de voter CFDT, un syndicat qui propose, s\u2019engage et obtient des avanc\u00e9es concr\u00e8tes pour tous et toutes<\/em>&nbsp;\u00bb, r\u00e9sume Myl\u00e8ne Jacquot, secr\u00e9taire g\u00e9n\u00e9rale de la&nbsp;<a href=\"https:\/\/uffa.cfdt.fr\/portail\/uffa-recette_7145\" target=\"_blank\" rel=\"noreferrer noopener\">CFDT-Fonctions publiques<\/a>. On ne le dira jamais assez, le syndicalisme CFDT ne se contente pas de formules incantatoires. Il est tangible, il touche au quotidien des agents. \u00ab&nbsp;<em>Dans les administrations, les \u00e9tablissements ou les minist\u00e8res, la CFDT est totalement mobilis\u00e9e et n\u2019a qu\u2019une boussole ces quatre derni\u00e8res ann\u00e9es&nbsp;: l\u2019int\u00e9r\u00eat des agents&nbsp;!<\/em>&nbsp;\u00bb<\/p>\n\n\n\n<h2 class=\"wp-block-heading\">Des r\u00e9sultats concrets<\/h2>\n\n\n\n<p>Dans la sant\u00e9, \u00ab&nbsp;<em>elle s\u2019est investie dans l\u2019accord du S\u00e9gur de la sant\u00e9, a obtenu une augmentation de salaire de 183&nbsp;euros pour tous les agents de l\u2019h\u00f4pital \u2013&nbsp;revaloris\u00e9e chaque fois que le point d\u2019indice augmente&nbsp;\u2013, a d\u00e9croch\u00e9 la revalorisation des grilles de salaires de nombreux m\u00e9tiers&nbsp;: infirmi\u00e8res, personnels de r\u00e9\u00e9ducation, personnels m\u00e9dico-techniques<\/em>&nbsp;\u00bb, \u00e9num\u00e8re Karine Bouchet, secr\u00e9taire nationale de la&nbsp;<a href=\"https:\/\/sante-sociaux.cfdt.fr\/portail\/sante-sociaux-recette_10420\" target=\"_blank\" rel=\"noreferrer noopener\">CFDT-Sant\u00e9-Sociaux<\/a>. Au sein des collectivit\u00e9s,&nbsp;<em>\u00ab&nbsp;<\/em><em>la participation obligatoire \u00e0 la protection sociale compl\u00e9mentaire, \u00e0 la mutuelle sant\u00e9, c\u2019est la CFDT&nbsp;! L\u2019augmentation des r\u00e9mun\u00e9rations des m\u00e9dico-sociaux, des 183&nbsp;euros pour la territoriale, c\u2019est aussi la CFDT&nbsp;! Le passage en cat\u00e9gorie&nbsp;B ou A de certains agents, c\u2019est encore la CFDT&nbsp;!<\/em><em>&nbsp;\u00bb<\/em>, rappelle Marie Mennella, secr\u00e9taire nationale d\u2019<a href=\"https:\/\/interco.cfdt.fr\/\" target=\"_blank\" rel=\"noreferrer noopener\">Interco-CFDT<\/a>.<\/p>\n\n\n\n<p>Dans l\u2019enseignement sup\u00e9rieur et la recherche, la signature d\u2019un protocole social \u00ab&nbsp;carri\u00e8res et r\u00e9mun\u00e9rations&nbsp;\u00bb aura permis d\u2019orienter 650&nbsp;millions d\u2019euros des cr\u00e9dits de la loi de programmation vers le pouvoir d\u2019achat des agents. \u00ab&nbsp;<em>En 2026, pour les chercheurs et enseignants-chercheurs, ce sera 6&nbsp;000&nbsp;euros de plus par an&nbsp;!<\/em>&nbsp;\u00bb, r\u00e9sume Christophe Bonnet, secr\u00e9taire national du&nbsp;<a href=\"https:\/\/www.sgen-cfdt.fr\/\" target=\"_blank\" rel=\"noreferrer noopener\">Sgen-CFDT<\/a>.<\/p>\n\n\n\n<h2 class=\"wp-block-heading\">Transformer l\u2019essai<\/h2>\n\n\n\n<p>Les quatre ann\u00e9es \u00e0 venir s\u2019annoncent tout aussi charg\u00e9es sur le champ revendicatif, que ce soit en mati\u00e8re d\u2019attractivit\u00e9, de r\u00e9mun\u00e9ration, de conditions de travail ou d\u2019\u00e9volution de carri\u00e8re. \u00ab&nbsp;<em>Les agents peuvent compter sur notre d\u00e9termination<\/em>&nbsp;\u00bb, clame Myl\u00e8ne Jacquot. D\u00e8s le mois de janvier devrait d\u2019ailleurs s\u2019ouvrir le chantier des carri\u00e8res et des r\u00e9mun\u00e9rations, alors que le rapport annuel sur l\u2019\u00e9tat de la fonction publique, publi\u00e9 le 8&nbsp;novembre, rappelle qu\u2019un quart des agents publics sont \u00e0 temps partiel et que les contractuels repr\u00e9sentent 21&nbsp;% des agents publics (contre 17&nbsp;% il y a dix ans). Plus la CFDT obtiendra de voix, plus elle pourra peser dans les d\u00e9bats. \u00ab&nbsp;<em>Notre pr\u00e9sence dans les comit\u00e9s sociaux d\u00e9terminera notre capacit\u00e9 \u00e0 pouvoir participer aux n\u00e9gociations.<\/em>&nbsp;\u00bb Bien entendu, avant cela, il faut attaquer la derni\u00e8re ligne droite. \u00ab&nbsp;<em>Les quelques jours qui sont devant nous sont donc cruciaux. Nous devons rester mobilis\u00e9s jusqu\u2019\u00e0 la derni\u00e8re minute du scrutin<\/em>&nbsp;\u00bb, r\u00e9sume Myl\u00e8ne Jacquot.<\/p>\n\n\n\n<p>Plus globalement, \u00ab&nbsp;<em>c\u2019est toute la CFDT qui doit donner un dernier coup de collier,<\/em>&nbsp;lan\u00e7ait Laurent Berger devant les militants de la&nbsp;<a href=\"https:\/\/grandest.cfdt.fr\/portail\/actualites-syndicales-cfdt-de-la-region-grand-est-alsace-champagne-ardenne-lorraine-recette_7931\" target=\"_blank\" rel=\"noreferrer noopener\">CFDT-Grand Est<\/a>.&nbsp;<em>Multiplions les actions de visibilit\u00e9, les tourn\u00e9es de services. Sortons des locaux syndicaux pour aller proposer aux travailleurs de voter CFDT, et en premier lieu aux adh\u00e9rents<\/em>&nbsp;\u00bb. Un message re\u00e7u cinq sur cinq \u00e0 tous les niveaux de l\u2019organisation. \u00c0 Metz, Strasbourg et Ch\u00e2lons-en-Champagne, la&nbsp;<a href=\"https:\/\/f3c.cfdt.fr\/portail\/f3c-recette_10027\" target=\"_blank\" rel=\"noreferrer noopener\">F\u00e9d\u00e9ration Communication, Conseil, Culture (F3C-CFDT)<\/a>&nbsp;et la Conf\u00e9d\u00e9ration sont all\u00e9es au-devant des agents de la direction r\u00e9gionale des affaires culturelles du Grand Est (le 23&nbsp;novembre). En Savoie, \u00e0 Thonon-les-Bains (le 22&nbsp;novembre) ou \u00e0 Paris (le m\u00eame jour), les militants de la CFDT-Sant\u00e9-Sociaux ont rencontr\u00e9 les agents de la fonction publique hospitali\u00e8re.<\/p>\n\n\n\n<h2 class=\"wp-block-heading\">\u00catre visible partout, avant, pendant et apr\u00e8s<\/h2>\n\n\n\n<p>La mobilisation CFDT, ce sont aussi des rassemblements dans les territoires \u2013&nbsp;par exemple en Normandie, o\u00f9 140&nbsp;militants du Sgen-CFDT se sont r\u00e9unis le 10&nbsp;novembre&nbsp;\u2013 ou la poursuite des tourn\u00e9es des \u00e9tablissements scolaires avec le Sgen-Limousin et le Sgen-Alsace. L\u2019<a href=\"https:\/\/occitanie.cfdt.fr\/portail\/occitanie-recette_7800\" target=\"_blank\" rel=\"noreferrer noopener\">Union r\u00e9gionale interprofessionnelle (URI) Occitanie<\/a>, l\u2019Union d\u00e9partementale du Tarn et la CFDT-Fonctions publiques ont rencontr\u00e9 plus de 500&nbsp;agents des trois versants \u00e0 Albi \u00e0 la mi-novembre. La F3C-CFDT a particip\u00e9 \u00e0 une campagne SMS \u00e0 destination des adh\u00e9rents. \u00ab&nbsp;<em>C\u2019est aussi une pr\u00e9sence sur les r\u00e9seaux sociaux<\/em>&nbsp;\u00bb, insiste Myl\u00e8ne Jacquot.<\/p>\n\n\n\n<p>Pour r\u00e9capituler, l\u2019id\u00e9e, c\u2019est d\u2019\u00eatre visible partout, d\u2019occuper tous les terrains, d\u2019\u00eatre aux c\u00f4t\u00e9s des coll\u00e8gues avant, pendant et apr\u00e8s le jour&nbsp;J. Bref, cette derni\u00e8re ligne droite ne tranche pas fonci\u00e8rement avec le quotidien des militants de la CFDT. \u00ab&nbsp;<em>Adh\u00e9rents du public, adh\u00e9rents du priv\u00e9, chacun \u00e0 un r\u00f4le \u00e0 jouer,<\/em>&nbsp;insiste Laurent Berger.&nbsp;<em>Chacun conna\u00eet un agent public. Faites-le voter CFDT. Chaque voix comptera.<\/em>&nbsp;\u00bb<\/p>\n\n\n\n<p><a rel=\"noreferrer noopener\" href=\"https:\/\/www.syndicalismehebdo.fr\/article\/la-mobilisation-cest-maintenant\" target=\"_blank\">Par&nbsp;Guillaume Lef\u00e8vre\u2014 Publi\u00e9 le 29\/11\/2022 \u00e0 14h03<\/a><\/p>\n\n\n\n<p>\u00c0 PROPOS DE L&rsquo;AUTEUR <strong><a href=\"https:\/\/www.syndicalismehebdo.fr\/auteur\/guillaume-lefevre\">Guillaume Lef\u00e8vre<\/a><\/strong><\/p>\n\n\n\n<p>Journaliste<\/p>\n","protected":false},"excerpt":{"rendered":"<p>Du 1er\u00a0au 8\u00a0d\u00e9cembre, les\u00a05,6\u00a0millions d\u2019agents publics vont \u00e9lire leurs\u00a0repr\u00e9sentants dans les\u00a0diff\u00e9rentes instances du\u00a0dialogue social. Un\u00a0rendez-vous que la\u00a0CFDT attendait avec impatience. Avec l\u2019ambition d\u2019am\u00e9liorer le\u00a0quotidien des\u00a0agents et la\u00a0qualit\u00e9 des\u00a0services rendus aux\u00a0usagers. Et maintenant, place aux urnes\u2026 et au vote \u00e9lectronique&nbsp;! D\u00e8s le 1er&nbsp;d\u00e9cembre, les agents publics (fonctionnaires et contractuels) qui en<\/p>\n","protected":false},"author":19,"featured_media":0,"comment_status":"closed","ping_status":"open","sticky":false,"template":"","format":"standard","meta":{"footnotes":""},"categories":[5],"tags":[],"class_list":["post-31701","post","type-post","status-publish","format-standard","hentry","category-epst","ct-col-2"],"amp_enabled":true,"_links":{"self":[{"href":"https:\/\/cfdt-recherche-epst.org\/index.php?rest_route=\/wp\/v2\/posts\/31701","targetHints":{"allow":["GET"]}}],"collection":[{"href":"https:\/\/cfdt-recherche-epst.org\/index.php?rest_route=\/wp\/v2\/posts"}],"about":[{"href":"https:\/\/cfdt-recherche-epst.org\/index.php?rest_route=\/wp\/v2\/types\/post"}],"author":[{"embeddable":true,"href":"https:\/\/cfdt-recherche-epst.org\/index.php?rest_route=\/wp\/v2\/users\/19"}],"replies":[{"embeddable":true,"href":"https:\/\/cfdt-recherche-epst.org\/index.php?rest_route=%2Fwp%2Fv2%2Fcomments&post=31701"}],"version-history":[{"count":3,"href":"https:\/\/cfdt-recherche-epst.org\/index.php?rest_route=\/wp\/v2\/posts\/31701\/revisions"}],"predecessor-version":[{"id":31704,"href":"https:\/\/cfdt-recherche-epst.org\/index.php?rest_route=\/wp\/v2\/posts\/31701\/revisions\/31704"}],"wp:attachment":[{"href":"https:\/\/cfdt-recherche-epst.org\/index.php?rest_route=%2Fwp%2Fv2%2Fmedia&parent=31701"}],"wp:term":[{"taxonomy":"category","embeddable":true,"href":"https:\/\/cfdt-recherche-epst.org\/index.php?rest_route=%2Fwp%2Fv2%2Fcategories&post=31701"},{"taxonomy":"post_tag","embeddable":true,"href":"https:\/\/cfdt-recherche-epst.org\/index.php?rest_route=%2Fwp%2Fv2%2Ftags&post=31701"}],"curies":[{"name":"wp","href":"https:\/\/api.w.org\/{rel}","templated":true}]}}