{"id":33109,"date":"2023-02-08T17:32:40","date_gmt":"2023-02-08T16:32:40","guid":{"rendered":"https:\/\/epst-sgen-cfdt.org\/?p=33109"},"modified":"2023-02-08T17:32:40","modified_gmt":"2023-02-08T16:32:40","slug":"reforme-des-retraites-la-cinquieme-journee-de-mobilisation-nationale-aura-lieu-jeudi-16-fevrier-annonce-lintersyndicale-le-monde-8-2-2023-17h27","status":"publish","type":"post","link":"https:\/\/cfdt-recherche-epst.org\/?p=33109","title":{"rendered":"R\u00e9forme des retraites\u00a0: la cinqui\u00e8me journ\u00e9e de mobilisation nationale aura lieu jeudi 16\u00a0f\u00e9vrier, annonce l\u2019intersyndicale (Le Monde 8 2 2023 17h27)"},"content":{"rendered":"\n<h2 class=\"wp-block-heading\">La troisi\u00e8me journ\u00e9e de mobilisation, mardi, a r\u00e9uni 757\u00a0000\u00a0personnes selon le minist\u00e8re de l\u2019int\u00e9rieur, pr\u00e8s de 2\u00a0millions\u00a0selon les organisateurs, des chiffres en de\u00e7\u00e0 de ceux des pr\u00e9c\u00e9dentes journ\u00e9es d\u2019action, les 19\u00a0et 31\u00a0janvier.<\/h2>\n\n\n\n<p>Les huit principaux syndicats se sont accord\u00e9s, mercredi 8\u00a0f\u00e9vrier, sur une nouvelle journ\u00e9e de gr\u00e8ve et de manifestations contre la r\u00e9forme des retraites\u00a0: <strong>le 16\u00a0f\u00e9vrier a \u00e9t\u00e9 retenu comme cinqui\u00e8me date de mobilisation nationale, <\/strong>a annonc\u00e9 \u00e0 l\u2019Agence France-Presse Dominique Corona, secr\u00e9taire g\u00e9n\u00e9ral adjoint de l\u2019UNSA, au nom de l\u2019intersyndicale.<\/p>\n\n\n\n<p><a href=\"https:\/\/www.lemonde.fr\/politique\/live\/2023\/02\/07\/greve-du-7-fevrier-contre-la-reforme-des-retraites-en-direct-faire-travailler-les-gens-plus-longtemps-c-est-une-regression-sans-precedent_6160804_823448.html\">La troisi\u00e8me journ\u00e9e de mobilisation<\/a>, mardi, a r\u00e9uni 757&nbsp;000&nbsp;personnes selon le minist\u00e8re de l\u2019int\u00e9rieur,&nbsp;<em>\u00ab&nbsp;pr\u00e8s de 2&nbsp;millions&nbsp;\u00bb<\/em>&nbsp;selon les organisateurs, des chiffres en de\u00e7\u00e0 de ceux des pr\u00e9c\u00e9dentes journ\u00e9es d\u2019action.&nbsp;<a href=\"https:\/\/www.lemonde.fr\/les-decodeurs\/article\/2023\/01\/31\/reforme-des-retraites-la-carte-des-manifestations-du-31-janvier-en-france_6159964_4355770.html\">Le 31&nbsp;janvier<\/a>, l\u2019intersyndicale avait annonc\u00e9 plus de 2,5&nbsp;millions de participants, la CGT 2,8&nbsp;millions et les autorit\u00e9s 1,27&nbsp;million.&nbsp;<a href=\"https:\/\/www.lemonde.fr\/les-decodeurs\/article\/2023\/01\/19\/reforme-des-retraites-la-carte-de-france-des-manifestations_6158485_4355770.html\">Le 19&nbsp;janvier<\/a>, la CGT avait annonc\u00e9 plus de 2&nbsp;millions de participants, et le minist\u00e8re 1,12&nbsp;million. A la SNCF, \u00e0 la RATP, \u00e0 EDF et parmi le corps enseignant, les gr\u00e9vistes ont aussi \u00e9t\u00e9 moins nombreux \u00e0 se mobiliser.<\/p>\n\n\n\n<p>L\u2019intersyndicale a appel\u00e9 dans un communiqu\u00e9\u00a0<em>\u00ab\u00a0\u00e0 manifester encore plus massivement\u00a0\u00bb<\/em>\u00a0lors de la quatri\u00e8me journ\u00e9e de mobilisation nationale, pr\u00e9vue pour samedi 11\u00a0f\u00e9vrier.<\/p>\n\n\n\n<p>Le secr\u00e9taire g\u00e9n\u00e9ral de la CFDT, Laurent Berger, a reconnu mardi\u00a0<em>\u00ab\u00a0un petit handicap avec les vacances\u00a0\u00bb<\/em>\u00a0qui ont commenc\u00e9 pour la zone\u00a0A, handicap temporaire, donc, \u00e0 ses yeux. Ce serait\u00a0<em>\u00ab\u00a0une folie d\u00e9mocratique de rester sourd\u00a0\u00bb<\/em>\u00a0\u00e0 la contestation de la r\u00e9forme, selon lui.\u00a0<em>\u00ab\u00a0Le bilan de la semaine, on le fera samedi soir\u00a0\u00bb<\/em>, a \u00e9galement temporis\u00e9 Simon Duteil, cod\u00e9l\u00e9gu\u00e9 g\u00e9n\u00e9ral de l\u2019Union syndicale Solidaires.\u00a0<em>\u00ab\u00a0Le d\u00e9bat parlementaire, c\u2019est jusqu\u2019\u00e0 fin mars.\u00a0<\/em>(\u2026)<em>\u00a0On ne va pas cramer toutes nos cartouches maintenant\u00a0\u00bb<\/em>, a encore soulign\u00e9 M.\u00a0Berger.<\/p>\n\n\n\n<p>Le dirigeant de la CGT, Philippe Martinez, a appel\u00e9 \u00e0 des gr\u00e8ves\u00a0<em>\u00ab\u00a0plus dures, plus massives, plus nombreuses\u00a0\u00bb<\/em>,\u00a0<em>\u00ab\u00a0si le gouvernement persiste \u00e0 ne pas \u00e9couter\u00a0\u00bb<\/em>.\u00a0<em>\u00ab\u00a0Le premier responsable, c\u2019est le pr\u00e9sident de la R\u00e9publique parce qu\u2019il en fait une affaire personnelle. Quand il d\u00e9cide quelque chose, il va jusqu\u2019au bout, c\u2019est dangereux\u00a0\u00bb<\/em>, a-t-il averti sur BFM-TV.<\/p>\n\n\n\n<p><\/p>\n","protected":false},"excerpt":{"rendered":"<p>La troisi\u00e8me journ\u00e9e de mobilisation, mardi, a r\u00e9uni 757\u00a0000\u00a0personnes selon le minist\u00e8re de l\u2019int\u00e9rieur, pr\u00e8s de 2\u00a0millions\u00a0selon les organisateurs, des chiffres en de\u00e7\u00e0 de ceux des pr\u00e9c\u00e9dentes journ\u00e9es d\u2019action, les 19\u00a0et 31\u00a0janvier. Les huit principaux syndicats se sont accord\u00e9s, mercredi 8\u00a0f\u00e9vrier, sur une nouvelle journ\u00e9e de gr\u00e8ve et de manifestations<\/p>\n","protected":false},"author":19,"featured_media":0,"comment_status":"closed","ping_status":"open","sticky":false,"template":"","format":"standard","meta":{"footnotes":""},"categories":[248],"tags":[],"class_list":["post-33109","post","type-post","status-publish","format-standard","hentry","category-revue-de-presse","ct-col-2"],"amp_enabled":true,"_links":{"self":[{"href":"https:\/\/cfdt-recherche-epst.org\/index.php?rest_route=\/wp\/v2\/posts\/33109","targetHints":{"allow":["GET"]}}],"collection":[{"href":"https:\/\/cfdt-recherche-epst.org\/index.php?rest_route=\/wp\/v2\/posts"}],"about":[{"href":"https:\/\/cfdt-recherche-epst.org\/index.php?rest_route=\/wp\/v2\/types\/post"}],"author":[{"embeddable":true,"href":"https:\/\/cfdt-recherche-epst.org\/index.php?rest_route=\/wp\/v2\/users\/19"}],"replies":[{"embeddable":true,"href":"https:\/\/cfdt-recherche-epst.org\/index.php?rest_route=%2Fwp%2Fv2%2Fcomments&post=33109"}],"version-history":[{"count":1,"href":"https:\/\/cfdt-recherche-epst.org\/index.php?rest_route=\/wp\/v2\/posts\/33109\/revisions"}],"predecessor-version":[{"id":33110,"href":"https:\/\/cfdt-recherche-epst.org\/index.php?rest_route=\/wp\/v2\/posts\/33109\/revisions\/33110"}],"wp:attachment":[{"href":"https:\/\/cfdt-recherche-epst.org\/index.php?rest_route=%2Fwp%2Fv2%2Fmedia&parent=33109"}],"wp:term":[{"taxonomy":"category","embeddable":true,"href":"https:\/\/cfdt-recherche-epst.org\/index.php?rest_route=%2Fwp%2Fv2%2Fcategories&post=33109"},{"taxonomy":"post_tag","embeddable":true,"href":"https:\/\/cfdt-recherche-epst.org\/index.php?rest_route=%2Fwp%2Fv2%2Ftags&post=33109"}],"curies":[{"name":"wp","href":"https:\/\/api.w.org\/{rel}","templated":true}]}}