{"id":33754,"date":"2023-03-07T11:03:22","date_gmt":"2023-03-07T10:03:22","guid":{"rendered":"https:\/\/epst-sgen-cfdt.org\/?p=33754"},"modified":"2023-03-16T17:52:22","modified_gmt":"2023-03-16T16:52:22","slug":"le-gouvernement-doit-des-maintenant-retirer-son-projet","status":"publish","type":"post","link":"https:\/\/cfdt-recherche-epst.org\/?p=33754","title":{"rendered":"Le gouvernement doit d\u00e8s maintenant retirer son projet !"},"content":{"rendered":"\n<p>Depuis le 19 janvier, la population se mobilise massivement contre la r\u00e9forme des retraites. Les diff\u00e9rentes journ\u00e9es \u00e0 l\u2019appel de toutes les organisations syndicales et de jeunesse ont rassembl\u00e9 des millions de travailleurs et travailleuses, jeunes et&nbsp;retrait\u00e9.e.s.<\/p>\n\n\n\n<p>&nbsp;Le 16 f\u00e9vrier, face \u00e0 l&rsquo;absence de r\u00e9ponse du gouvernement et du pr\u00e9sident de la R\u00e9publique, l\u2019intersyndicale a appel\u00e9 \u00e0 mettre la France \u00e0 l\u2019arr\u00eat le 7 mars. Elle est forte du soutien des 3\/4 de la population et de 94% des actifs qui refusent le recul de l\u2019\u00e2ge l\u00e9gal de d\u00e9part \u00e0 64 ans et l\u2019allongement de la dur\u00e9e de&nbsp;cotisations.<\/p>\n\n\n\n<p>&nbsp;Aujourd\u2019hui encore, ce sont plus de 3 millions de travailleurs et travailleuses, du public comme du priv\u00e9, jeunes et retrait\u00e9.e.s, qui se sont mobilis\u00e9s, par la gr\u00e8ve et\/ou la&nbsp;manifestation.<\/p>\n\n\n\n<p>&nbsp;C\u2019est une journ\u00e9e historique par l\u2019ampleur de ces gr\u00e8ves et de ces mobilisations. Des milliers d\u2019\u00e9coles et de lieux d\u2019\u00e9tudes ferm\u00e9s, des entreprises priv\u00e9es, des administrations, et des villes \u00e0 l\u2019arr\u00eat. Plusieurs centaines de manifestations et d\u2019actions sur l\u2019ensemble du territoire pour demander le retrait du projet de loi&nbsp;retraites.<\/p>\n\n\n\n<p>&nbsp;A ce jour, ces mobilisations \u00e9normes conduites par une intersyndicale unie n\u2019ont re\u00e7u aucune r\u00e9ponse de la part du gouvernement. Cela ne peut plus durer. Le silence du pr\u00e9sident de la R\u00e9publique constitue un grave probl\u00e8me d\u00e9mocratique qui conduit immanquablement \u00e0 une situation qui pourrait devenir explosive. En responsabilit\u00e9, l\u2019intersyndicale adressera un courrier lui demandant \u00e0 \u00eatre re\u00e7ue en urgence pour qu\u2019il retire sa&nbsp;r\u00e9forme.<\/p>\n\n\n\n<p>&nbsp;C\u2019est forte de cette d\u00e9termination exprim\u00e9e aujourd\u2019hui que l\u2019intersyndicale soutient et encourage tous les secteurs professionnels \u00e0 poursuivre et amplifier le&nbsp;mouvement.<\/p>\n\n\n\n<p>&nbsp;L&rsquo;intersyndicale appelle \u00e0 se saisir du 8 mars pour pointer la d\u00e9t\u00e9rioration particuli\u00e8re de la situation des femmes avec ce projet de r\u00e9forme. L&rsquo;intersyndicale soutient l&rsquo;appel sp\u00e9cifique des organisations de jeunesse \u00e0 se mobiliser jeudi 9 mars et appelle \u00e0 rejoindre les rassemblements et manifestations, notamment \u00e0 Paris, place de la&nbsp;R\u00e9publique.<\/p>\n\n\n\n<p>&nbsp;L\u2019intersyndicale appelle \u00e0 une nouvelle mobilisation interprofessionnelle ce samedi 11 mars puis d\u00e8s la semaine prochaine, \u00e0 une journ\u00e9e de manifestations et de gr\u00e8ve, le jour de la commission mixte paritaire, moment important du calendrier parlementaire. Elle appelle toute la population \u00e0 continuer la mobilisation et les actions, encore plus massivement pour dire non \u00e0 cette r\u00e9forme injuste et&nbsp;brutale.<\/p>\n\n\n\n<p>&nbsp;Paris, le 7 mars 2023<\/p>\n\n\n\n<div class=\"wp-block-file\"><a id=\"wp-block-file--media-1a5bd227-efd7-4602-9e6f-42d67de9010f\" href=\"https:\/\/cfdt-recherche-epst.org\/wp-content\/uploads\/2023\/03\/20230307_cp_intersyndical_7_mars-scaled.jpg\">20230307_cp_intersyndical_7_mars<\/a><a href=\"https:\/\/cfdt-recherche-epst.org\/wp-content\/uploads\/2023\/03\/20230307_cp_intersyndical_7_mars-scaled.jpg\" class=\"wp-block-file__button wp-element-button\" download aria-describedby=\"wp-block-file--media-1a5bd227-efd7-4602-9e6f-42d67de9010f\">T\u00e9l\u00e9charger<\/a><\/div>\n","protected":false},"excerpt":{"rendered":"<p>Depuis le 19 janvier, la population se mobilise massivement contre la r\u00e9forme des retraites. Les diff\u00e9rentes journ\u00e9es \u00e0 l\u2019appel de toutes les organisations syndicales et de jeunesse ont rassembl\u00e9 des millions de travailleurs et travailleuses, jeunes et&nbsp;retrait\u00e9.e.s. &nbsp;Le 16 f\u00e9vrier, face \u00e0 l&rsquo;absence de r\u00e9ponse du gouvernement et du pr\u00e9sident<\/p>\n","protected":false},"author":19,"featured_media":33764,"comment_status":"closed","ping_status":"open","sticky":false,"template":"","format":"standard","meta":{"footnotes":""},"categories":[5],"tags":[],"class_list":["post-33754","post","type-post","status-publish","format-standard","has-post-thumbnail","hentry","category-epst","ct-col-2"],"amp_enabled":true,"_links":{"self":[{"href":"https:\/\/cfdt-recherche-epst.org\/index.php?rest_route=\/wp\/v2\/posts\/33754","targetHints":{"allow":["GET"]}}],"collection":[{"href":"https:\/\/cfdt-recherche-epst.org\/index.php?rest_route=\/wp\/v2\/posts"}],"about":[{"href":"https:\/\/cfdt-recherche-epst.org\/index.php?rest_route=\/wp\/v2\/types\/post"}],"author":[{"embeddable":true,"href":"https:\/\/cfdt-recherche-epst.org\/index.php?rest_route=\/wp\/v2\/users\/19"}],"replies":[{"embeddable":true,"href":"https:\/\/cfdt-recherche-epst.org\/index.php?rest_route=%2Fwp%2Fv2%2Fcomments&post=33754"}],"version-history":[{"count":4,"href":"https:\/\/cfdt-recherche-epst.org\/index.php?rest_route=\/wp\/v2\/posts\/33754\/revisions"}],"predecessor-version":[{"id":33765,"href":"https:\/\/cfdt-recherche-epst.org\/index.php?rest_route=\/wp\/v2\/posts\/33754\/revisions\/33765"}],"wp:featuredmedia":[{"embeddable":true,"href":"https:\/\/cfdt-recherche-epst.org\/index.php?rest_route=\/wp\/v2\/media\/33764"}],"wp:attachment":[{"href":"https:\/\/cfdt-recherche-epst.org\/index.php?rest_route=%2Fwp%2Fv2%2Fmedia&parent=33754"}],"wp:term":[{"taxonomy":"category","embeddable":true,"href":"https:\/\/cfdt-recherche-epst.org\/index.php?rest_route=%2Fwp%2Fv2%2Fcategories&post=33754"},{"taxonomy":"post_tag","embeddable":true,"href":"https:\/\/cfdt-recherche-epst.org\/index.php?rest_route=%2Fwp%2Fv2%2Ftags&post=33754"}],"curies":[{"name":"wp","href":"https:\/\/api.w.org\/{rel}","templated":true}]}}