{"id":34245,"date":"2023-04-05T15:38:24","date_gmt":"2023-04-05T14:38:24","guid":{"rendered":"https:\/\/epst-sgen-cfdt.org\/?p=34245"},"modified":"2024-09-12T14:03:41","modified_gmt":"2024-09-12T13:03:41","slug":"rencontre-avec-la-premiere-ministre-cr-cfdt","status":"publish","type":"post","link":"https:\/\/cfdt-recherche-epst.org\/?p=34245","title":{"rendered":"Rencontre avec la Premi\u00e8re Ministre (CR CFDT)"},"content":{"rendered":"\n<h2 class=\"wp-block-heading\">Rencontre Premi\u00e8re Ministre \u2013 5 avril 2023 \u2013 D\u00e9claration Laurent Berger<br><br>Madame la Premi\u00e8re ministre,<br>Alors que nous entrons bient\u00f4t dans le troisi\u00e8me mois d\u2019une mobilisation historique contre le projet de r\u00e9forme des retraites, vous avez invit\u00e9 l\u2019intersyndicale \u00e0 dialoguer. C\u2019est donc bien pour parler de la r\u00e9forme des retraites que la CFDT a accept\u00e9 votre invitation. C\u2019est bien pour parler de ce projet de r\u00e9forme contre lequel plus d\u2019un million de travailleurs et de travailleuses d\u00e9filent chaque semaine que la CFDT a accept\u00e9 votre invitation. Comment aurait-il pu en \u00eatre autrement ?<br>Depuis le 19 janvier et notre 1\u00e8re mobilisation intersyndicale, pas une seule rencontre, ni avec vous, ni avec le ministre du travail. Nous sommes aujourd\u2019hui le 5 avril. Madame la Premi\u00e8re ministre vous ne pouvez pas continuer \u00e0 ignorer cette contestation sociale.<\/h2>\n\n\n\n<ul class=\"wp-block-list\">\n<li>Vous avez vu ces cort\u00e8ges compos\u00e9s de travailleurs et de travailleuses de tous les secteurs professionnels,<\/li>\n\n\n\n<li>Vous avez vu ces cort\u00e8ges se multiplier dans toutes la France, dans les grandes villes comme dans les plus petites.<br>Les travailleurs et les citoyens rejettent massivement la r\u00e9forme des retraites que vous proposez. Ils la rejettent car elle est injuste et brutale.<\/li>\n\n\n\n<li>Injuste car seuls les travailleurs sont mis \u00e0 contribution<\/li>\n\n\n\n<li>Injuste car les plus gros efforts p\u00e8sent sur les \u00e9paules de ceux et celles qui ont commenc\u00e9 \u00e0 travailler t\u00f4t, qui exercent des m\u00e9tiers p\u00e9nibles<\/li>\n\n\n\n<li>Et ce projet de r\u00e9forme est brutal car il a vocation \u00e0 entrer en vigueur tr\u00e8s rapidement, prenant de court des milliers de personnes qui avaient organis\u00e9 leur fin de carri\u00e8re.<br>Ce sentiment d\u2019injustice est tr\u00e8s fort chez les travailleurs et les travailleuses. Et l\u2019absence de toute r\u00e9ponse de l\u2019ex\u00e9cutif face \u00e0 cette expression citoyenne a progressivement transform\u00e9 la contestation en ressentiment. L\u2019utilisation du 49.3 et l\u2019impasse faite sur les d\u00e9bats parlementaires a finalement fait na\u00eetre la col\u00e8re.<br>La d\u00e9cision du Conseil constitutionnel pourrait d\u00e9s\u00e9quilibrer encore plus le projet de loi et renforcer encore ce rejet, ce ressentiment et cette col\u00e8re.<br>Madame la Premi\u00e8re ministre, la d\u00e9fiance vis-\u00e0-vis de nos institutions est \u00e0 un niveau jamais \u00e9gal\u00e9. Ce sont maintenant nos r\u00e8gles de vie en soci\u00e9t\u00e9 qui sont fragilis\u00e9es et notre d\u00e9mocratie qui est \u00e9corn\u00e9e. Le 16 mars au Parlement, vous avez dit vouloir changer de m\u00e9thode. Comment comptez-vous mieux prendre en compte les attentes des travailleurs ? Comment allez-vous refonder et renforcer le dialogue social ?<br>La p\u00e9riode appelle \u00e0 la responsabilit\u00e9 de tous les acteurs. C\u2019est pour cela que nous avons fait la proposition de suspension et de m\u00e9diation que vous avez refus\u00e9e. La p\u00e9riode appelle \u00e0 la responsabilit\u00e9. C\u2019est pour cela que la CFDT, et avec l\u2019ensemble des organisations syndicales, nous vous demandons de suspendre ou retirer la r\u00e9forme des retraites pour prendre le temps de remettre le d\u00e9bat dans le bon sens.<br>Oui il sera n\u00e9cessaire de parler de p\u00e9nibilit\u00e9 au travail, de l\u2019emploi des s\u00e9niors ou des \u00e9volutions de carri\u00e8res. Durant l\u2019automne, la CFDT vous a d\u2019ailleurs fait de nombreuses propositions sur ces sujets, propositions que vous n\u2019avez pas voulu reprendre. L\u2019ex\u00e9cutif est-il maintenant pr\u00eat \u00e0 discuter des d\u00e9parts anticip\u00e9s pour les personnes qui exercent des m\u00e9tiers p\u00e9nibles ? L\u2019ex\u00e9cutif est-il maintenant pr\u00eat \u00e0 rendre les n\u00e9gociations sur l\u2019emploi des s\u00e9niors obligatoires dans les entreprises ?<br>Donc oui, nous sommes convaincus que nous devons avancer sur ces sujets de travail mais avant cela, l\u2019ex\u00e9cutif doit montrer qu\u2019il est pr\u00eat \u00e0 \u00e9couter.<br>Madame la Premi\u00e8re ministre, vous ne pouvez pas faire comme s\u2019il ne s\u2019\u00e9tait rien pass\u00e9 depuis 3 mois. Vous ne pouvez pas relancer des discussions sans recr\u00e9er les conditions de la confiance, sinon de l\u2019\u00e9coute.<br>Si elle devait \u00eatre adopt\u00e9e en l\u2019\u00e9tat, cette r\u00e9forme laisserait des traces. Elle p\u00e8serait sur la vie de millions de travailleurs et travailleuses et d\u2019abord les plus pr\u00e9caires. Mais elle p\u00e8serait aussi sur la vie d\u00e9mocratique et notre capacit\u00e9 \u00e0 faire des choix collectifs.<br>Madame la Premi\u00e8re ministre, organisez une conf\u00e9rence sociale autour des retraites et du travail et la CFDT y participera.<\/li>\n\n\n\n<li><br>Mais avant cela Madame la Premi\u00e8re ministre, pouvez-vous r\u00e9pondre \u00e0 cette question : Etes-vous pr\u00eate \u00e0 retirer cette r\u00e9forme ?<\/li>\n<\/ul>\n\n\n\n<div data-wp-interactive=\"core\/file\" class=\"wp-block-file\"><object data-wp-bind--hidden=\"!state.hasPdfPreview\" hidden class=\"wp-block-file__embed\" data=\"https:\/\/cfdt-recherche-epst.org\/wp-content\/uploads\/2023\/04\/20230405_SG_inforap40_Reforme_Retraites_Rencontre_Premiere_Ministre_Declaration_CFDT.pdf\" type=\"application\/pdf\" style=\"width:100%;height:600px\" aria-label=\"Contenu embarqu\u00e9 20230405_SG_inforap40_Reforme_Retraites_Rencontre_Premiere_Ministre_Declaration_CFDT.\"><\/object><a id=\"wp-block-file--media-c5343809-0a01-491e-901e-0935a206d633\" href=\"https:\/\/cfdt-recherche-epst.org\/wp-content\/uploads\/2023\/04\/20230405_SG_inforap40_Reforme_Retraites_Rencontre_Premiere_Ministre_Declaration_CFDT.pdf\">20230405_SG_inforap40_Reforme_Retraites_Rencontre_Premiere_Ministre_Declaration_CFDT<\/a><a href=\"https:\/\/cfdt-recherche-epst.org\/wp-content\/uploads\/2023\/04\/20230405_SG_inforap40_Reforme_Retraites_Rencontre_Premiere_Ministre_Declaration_CFDT.pdf\" class=\"wp-block-file__button wp-element-button\" download aria-describedby=\"wp-block-file--media-c5343809-0a01-491e-901e-0935a206d633\">T\u00e9l\u00e9charger<\/a><\/div>\n\n\n\n<div data-wp-interactive=\"core\/file\" class=\"wp-block-file\"><object data-wp-bind--hidden=\"!state.hasPdfPreview\" hidden class=\"wp-block-file__embed\" data=\"https:\/\/cfdt-recherche-epst.org\/wp-content\/uploads\/2023\/04\/20230405_SG_inforap40_Rencontre-Premiere-Ministre-5-avril-2023-Declaration-Laurent-Berger.pdf\" type=\"application\/pdf\" style=\"width:100%;height:600px\" aria-label=\"Contenu embarqu\u00e9 20230405_SG_inforap40_Rencontre-Premiere-Ministre-5-avril-2023-Declaration-Laurent-Berger.\"><\/object><a id=\"wp-block-file--media-d74172b1-81e2-4bf5-b1ec-69a3a2157dc9\" href=\"https:\/\/cfdt-recherche-epst.org\/wp-content\/uploads\/2023\/04\/20230405_SG_inforap40_Rencontre-Premiere-Ministre-5-avril-2023-Declaration-Laurent-Berger.pdf\">20230405_SG_inforap40_Rencontre-Premiere-Ministre-5-avril-2023-Declaration-Laurent-Berger<\/a><a href=\"https:\/\/cfdt-recherche-epst.org\/wp-content\/uploads\/2023\/04\/20230405_SG_inforap40_Rencontre-Premiere-Ministre-5-avril-2023-Declaration-Laurent-Berger.pdf\" class=\"wp-block-file__button wp-element-button\" download aria-describedby=\"wp-block-file--media-d74172b1-81e2-4bf5-b1ec-69a3a2157dc9\">T\u00e9l\u00e9charger<\/a><\/div>\n","protected":false},"excerpt":{"rendered":"<p>Rencontre Premi\u00e8re Ministre \u2013 5 avril 2023 \u2013 D\u00e9claration Laurent Berger Madame la Premi\u00e8re ministre,Alors que nous entrons bient\u00f4t dans le troisi\u00e8me mois d\u2019une mobilisation historique contre le projet de r\u00e9forme des retraites, vous avez invit\u00e9 l\u2019intersyndicale \u00e0 dialoguer. C\u2019est donc bien pour parler de la r\u00e9forme des retraites que<\/p>\n","protected":false},"author":19,"featured_media":0,"comment_status":"closed","ping_status":"open","sticky":false,"template":"","format":"standard","meta":{"footnotes":""},"categories":[5],"tags":[],"class_list":["post-34245","post","type-post","status-publish","format-standard","hentry","category-epst","ct-col-2"],"amp_enabled":true,"_links":{"self":[{"href":"https:\/\/cfdt-recherche-epst.org\/index.php?rest_route=\/wp\/v2\/posts\/34245","targetHints":{"allow":["GET"]}}],"collection":[{"href":"https:\/\/cfdt-recherche-epst.org\/index.php?rest_route=\/wp\/v2\/posts"}],"about":[{"href":"https:\/\/cfdt-recherche-epst.org\/index.php?rest_route=\/wp\/v2\/types\/post"}],"author":[{"embeddable":true,"href":"https:\/\/cfdt-recherche-epst.org\/index.php?rest_route=\/wp\/v2\/users\/19"}],"replies":[{"embeddable":true,"href":"https:\/\/cfdt-recherche-epst.org\/index.php?rest_route=%2Fwp%2Fv2%2Fcomments&post=34245"}],"version-history":[{"count":2,"href":"https:\/\/cfdt-recherche-epst.org\/index.php?rest_route=\/wp\/v2\/posts\/34245\/revisions"}],"predecessor-version":[{"id":34249,"href":"https:\/\/cfdt-recherche-epst.org\/index.php?rest_route=\/wp\/v2\/posts\/34245\/revisions\/34249"}],"wp:attachment":[{"href":"https:\/\/cfdt-recherche-epst.org\/index.php?rest_route=%2Fwp%2Fv2%2Fmedia&parent=34245"}],"wp:term":[{"taxonomy":"category","embeddable":true,"href":"https:\/\/cfdt-recherche-epst.org\/index.php?rest_route=%2Fwp%2Fv2%2Fcategories&post=34245"},{"taxonomy":"post_tag","embeddable":true,"href":"https:\/\/cfdt-recherche-epst.org\/index.php?rest_route=%2Fwp%2Fv2%2Ftags&post=34245"}],"curies":[{"name":"wp","href":"https:\/\/api.w.org\/{rel}","templated":true}]}}