{"id":34257,"date":"2023-04-06T09:12:33","date_gmt":"2023-04-06T08:12:33","guid":{"rendered":"https:\/\/epst-sgen-cfdt.org\/?p=34257"},"modified":"2024-09-12T14:03:41","modified_gmt":"2024-09-12T13:03:41","slug":"la-reunion-a-matignon-tourne-court-cfdt","status":"publish","type":"post","link":"https:\/\/cfdt-recherche-epst.org\/?p=34257","title":{"rendered":"La r\u00e9union \u00e0 Matignon tourne court (CFDT)"},"content":{"rendered":"\n<h2 class=\"wp-block-heading\"><strong>Face au mutisme du gouvernement, qui refuse de retirer sa r\u00e9forme, l\u2019intersyndicale r\u00e9unie ce 5 avril \u00e0 Matignon est rapidement sortie, toujours unie. Elle en appelle d\u00e9sormais \u00e0 la sagesse du Conseil constitutionnel et \u00e0 la mobilisation des travailleurs.<\/strong><\/h2>\n\n\n\n<p><a href=\"https:\/\/www.syndicalismehebdo.fr\/article\/lintersyndicale-contrainte-de-claquer-la-porte\" target=\"_blank\" rel=\"noreferrer noopener\">Par\u00a0Anne-Sophie Balle\u2014 Publi\u00e9 le 05\/04\/2023 \u00e0 14h23 et mis \u00e0 jour le 06\/04\/2023 \u00e0 08h25<\/a><\/p>\n\n\n\n<p>La rencontre entre \u00c9lisabeth Borne et l\u2019intersyndicale a tourn\u00e9 court. Et c\u2019est Laurent Berger, qui, au nom de l\u2019intersyndicale, a d\u00e9cid\u00e9 de mettre fin \u00e0 la r\u00e9union \u2013 \u00e0 la suite d\u2019une nouvelle fin de non-recevoir adress\u00e9e par la Premi\u00e8re ministre \u00e0 la demande des organisations syndicales de retirer la r\u00e9forme. Apr\u00e8s des mois de silence de la part du gouvernement, l\u2019invitation de la Premi\u00e8re ministre \u00e0 l\u2019intersyndicale, le 28 mars dernier, en pleine journ\u00e9e de mobilisation, avait pris tout le monde de court ; et la d\u00e9cision commune d\u2019y participer prouvait \u00e0 la fois la responsabilit\u00e9 et le sens du dialogue de la part de l\u2019intersyndicale. Ce 5 avril, les leaders syndicaux avaient d\u2019ailleurs fait le choix d\u2019arriver ensemble, affichant l\u2019unit\u00e9 qui caract\u00e9rise le noyau du mouvement social contre la r\u00e9forme des retraites.<\/p>\n\n\n\n<p>C\u2019est \u00e9galement ensemble qu\u2019ils sont sortis, \u00e0 peine une heure plus tard, et se sont exprim\u00e9s d\u2019une m\u00eame voix. \u00ab&nbsp;<em>Nous avons redit une fois de plus combien cette r\u00e9forme est aussi injuste que brutale, mais la Premi\u00e8re ministre a r\u00e9pondu qu\u2019elle entendait maintenir ce texte. C\u2019est une d\u00e9cision grave<\/em>&nbsp;\u00bb, affirme l\u2019intersyndicale. Un \u00ab&nbsp;<em>\u00e9chec<\/em>&nbsp;\u00bb aussi, affirmeront certains leaders syndicaux, quand la Premi\u00e8re ministre n\u2019offre aucun signe d\u2019ouverture et continue d\u2019ignorer la contestation sociale qui s\u2019exprime contre cette r\u00e9forme.<\/p>\n\n\n\n<h2 class=\"wp-block-heading\">Recr\u00e9er les conditions de la confiance\u2026<\/h2>\n\n\n\n<p>Dans son intervention, Laurent Berger, le premier \u00e0 s\u2019exprimer, a \u00e9t\u00e9 clair&nbsp;: \u00ab&nbsp;<em>Madame la Premi\u00e8re ministre, vous ne pouvez pas faire comme s\u2019il ne s\u2019\u00e9tait rien pass\u00e9 depuis trois mois. Vous ne pouvez pas relancer des discussions sans recr\u00e9er les conditions de la confiance, sinon de l\u2019\u00e9coute.<\/em>&nbsp;\u00bb \u00c0 la sortie, il ne cache pas sa d\u00e9ception, sinon son agacement, devant ce qui constitue une nouvelle fin de non-recevoir de la part du gouvernement. \u00ab&nbsp;<em>La sagesse dans une d\u00e9mocratie, c\u2019est d\u2019\u00e9couter la d\u00e9mocratie sociale et de se remettre autour de la table. Cette proposition, nous l\u2019avons faite encore aujourd\u2019hui. La r\u00e9ponse est de se remettre autour de la table mais de continuer comme si de rien n\u2019\u00e9tait pour les retraites. Eh bien non&nbsp;!<\/em>&nbsp;\u00bb<\/p>\n\n\n\n<figure class=\"wp-block-embed is-type-video is-provider-dailymotion wp-block-embed-dailymotion\"><div class=\"wp-block-embed__wrapper\">\n<iframe loading=\"lazy\" title=\"Laurent Berger - Matignon 5 avril 2023\" frameborder=\"0\" width=\"640\" height=\"362\" src=\"https:\/\/geo.dailymotion.com\/player.html?video=x8jsizl&#038;\" allowfullscreen allow=\"autoplay; fullscreen; picture-in-picture; web-share\"><\/iframe>\n<\/div><\/figure>\n\n\n\n<p>Laurent Berger \u00e0 la sortie de Matignon le mercredi 5 avril<\/p>\n\n\n\n<p>Car l\u2019intersyndicale refuse de tourner la page et d\u2019ouvrir d\u2019autres s\u00e9quences de concertation\u2026 Non que les organisations syndicales n\u2019aient pas de propositions sur les sujets \u00e9voqu\u00e9s par la Premi\u00e8re ministre (usure professionnelle, plein emploi\u2026) mais parce que \u00ab&nbsp;<em>le moment n\u2019est pas venu<\/em>&nbsp;\u00bb, affirme-t-elle. \u00ab&nbsp;<em>La vie des travailleurs que nous repr\u00e9sentons n\u2019est pas r\u00e9ductible \u00e0 un encha\u00eenement de s\u00e9quences.<\/em>&nbsp;\u00bb Et Laurent Berger de poursuivre&nbsp;: \u00ab&nbsp;<em>Nous ne passerons pas outre la mobilisation de millions de salari\u00e9s et le refus de cette r\u00e9forme, exprim\u00e9 par la majorit\u00e9 de la population.<\/em>&nbsp;\u00bb<\/p>\n\n\n\n<h2 class=\"wp-block-heading\">L\u2019appel \u00e0 la sagesse du Conseil constitutionnel<\/h2>\n\n\n\n<p>Apr\u00e8s cette r\u00e9union, c\u2019est de nouveau vers les travailleurs que se tourne l\u2019intersyndicale, les appelant \u00e0 se joindre massivement aux cort\u00e8ges, partout en France, ce jeudi 6 avril. \u00c9videmment, les regards sont aussi tourn\u00e9s vers le Conseil constitutionnel, qui doit rendre sa d\u00e9cision le 14 avril. \u00ab&nbsp;<em>J\u2019en appelle \u00e0 la sagesse du Conseil constitutionnel, qui va juger en droit et en opportunit\u00e9 [sur la question du r\u00e9f\u00e9rendum d\u2019initiative partag\u00e9e]. La responsabilit\u00e9 du Conseil, que nous respectons, est d\u2019entendre aujourd\u2019hui que notre d\u00e9mocratie a besoin d\u2019apaisement et que l\u2019apaisement serait que ce texte ne s\u2019applique pas.<\/em>&nbsp;\u00bb<\/p>\n\n\n\n<p>En tout \u00e9tat de cause, l\u2019absence de r\u00e9ponse de l\u2019ex\u00e9cutif \u00e0 cette expression citoyenne contre la r\u00e9forme des retraites pourrait bien finir de transformer la crise sociale en crise d\u00e9mocratique. \u00ab&nbsp;<em>Si elle devait \u00eatre adopt\u00e9e en l\u2019\u00e9tat, cette r\u00e9forme laisserait des traces<\/em>&nbsp;\u00bb, ass\u00e8ne Laurent Berger. L\u2019ex\u00e9cutif avait la possibilit\u00e9, ce 5 avril, de montrer qu\u2019il \u00e9tait pr\u00eat \u00e0 \u00e9couter. Par son refus d\u2019entendre la contestation sociale et d\u00e9mocratique, \u00ab&nbsp;<em>il<\/em>&nbsp;<em>fait le choix de nous renvoyer dans la rue<\/em>&nbsp;\u00bb, r\u00e9sume un participant.<\/p>\n\n\n\n<p>\u00c0 PROPOS DE L&rsquo;AUTEUR<strong><a href=\"https:\/\/www.syndicalismehebdo.fr\/auteur\/anne-sophie-balle\">Anne-Sophie Balle<\/a><\/strong><\/p>\n\n\n\n<p>R\u00e9dactrice en chef adjointe de Syndicalisme Hebdo<\/p>\n","protected":false},"excerpt":{"rendered":"<p>Face au mutisme du gouvernement, qui refuse de retirer sa r\u00e9forme, l\u2019intersyndicale r\u00e9unie ce 5 avril \u00e0 Matignon est rapidement sortie, toujours unie. Elle en appelle d\u00e9sormais \u00e0 la sagesse du Conseil constitutionnel et \u00e0 la mobilisation des travailleurs. Par\u00a0Anne-Sophie Balle\u2014 Publi\u00e9 le 05\/04\/2023 \u00e0 14h23 et mis \u00e0 jour<\/p>\n","protected":false},"author":19,"featured_media":0,"comment_status":"closed","ping_status":"open","sticky":false,"template":"","format":"standard","meta":{"footnotes":""},"categories":[5],"tags":[],"class_list":["post-34257","post","type-post","status-publish","format-standard","hentry","category-epst","ct-col-2"],"amp_enabled":true,"_links":{"self":[{"href":"https:\/\/cfdt-recherche-epst.org\/index.php?rest_route=\/wp\/v2\/posts\/34257","targetHints":{"allow":["GET"]}}],"collection":[{"href":"https:\/\/cfdt-recherche-epst.org\/index.php?rest_route=\/wp\/v2\/posts"}],"about":[{"href":"https:\/\/cfdt-recherche-epst.org\/index.php?rest_route=\/wp\/v2\/types\/post"}],"author":[{"embeddable":true,"href":"https:\/\/cfdt-recherche-epst.org\/index.php?rest_route=\/wp\/v2\/users\/19"}],"replies":[{"embeddable":true,"href":"https:\/\/cfdt-recherche-epst.org\/index.php?rest_route=%2Fwp%2Fv2%2Fcomments&post=34257"}],"version-history":[{"count":1,"href":"https:\/\/cfdt-recherche-epst.org\/index.php?rest_route=\/wp\/v2\/posts\/34257\/revisions"}],"predecessor-version":[{"id":34258,"href":"https:\/\/cfdt-recherche-epst.org\/index.php?rest_route=\/wp\/v2\/posts\/34257\/revisions\/34258"}],"wp:attachment":[{"href":"https:\/\/cfdt-recherche-epst.org\/index.php?rest_route=%2Fwp%2Fv2%2Fmedia&parent=34257"}],"wp:term":[{"taxonomy":"category","embeddable":true,"href":"https:\/\/cfdt-recherche-epst.org\/index.php?rest_route=%2Fwp%2Fv2%2Fcategories&post=34257"},{"taxonomy":"post_tag","embeddable":true,"href":"https:\/\/cfdt-recherche-epst.org\/index.php?rest_route=%2Fwp%2Fv2%2Ftags&post=34257"}],"curies":[{"name":"wp","href":"https:\/\/api.w.org\/{rel}","templated":true}]}}