{"id":34297,"date":"2023-04-11T13:26:44","date_gmt":"2023-04-11T12:26:44","guid":{"rendered":"https:\/\/epst-sgen-cfdt.org\/?p=34297"},"modified":"2024-09-12T14:03:41","modified_gmt":"2024-09-12T13:03:41","slug":"34297","status":"publish","type":"post","link":"https:\/\/cfdt-recherche-epst.org\/?p=34297","title":{"rendered":"TOUS LES OUTILS DE MOBILISATION CONTRE LE REPORT DE L&rsquo;\u00c2GE \u00c0 64 ANS"},"content":{"rendered":"\n<p><a href=\"https:\/\/www.cfdt.fr\/portail\/outils\/tous-les-outils-de-mobilisation-contre-le-report-de-l-age-a-64-ans-srv1_1269867\" target=\"_blank\" rel=\"noreferrer noopener\">Publi\u00e9 le&nbsp;10\/01\/2023&nbsp;(mis \u00e0 jour le&nbsp;11\/04\/2023)<\/a><\/p>\n\n\n\n<p><a target=\"_blank\" href=\"https:\/\/www.linkedin.com\/shareArticle?mini=true&amp;url=https:\/\/www.cfdt.fr\/portail\/outils\/tous-les-outils-de-mobilisation-contre-le-report-de-l-age-a-64-ans-srv1_1269867&amp;title=Tous%20les%20outils%20de%20mobilisation%20contre%20le%20report%20de%20l%27%C3%A2ge%20%C3%A0%2064%20ans&amp;source=CFDT\" rel=\"noreferrer noopener\"><\/a><a target=\"_blank\" href=\"https:\/\/twitter.com\/share?text=Tous%20les%20outils%20de%20mobilisation%20contre%20le%20report%20de%20l%27%C3%A2ge%20%C3%A0%2064%20ans&amp;url=https:\/\/www.cfdt.fr\/portail\/outils\/tous-les-outils-de-mobilisation-contre-le-report-de-l-age-a-64-ans-srv1_1269867&amp;via=CFDT\" rel=\"noreferrer noopener\"><\/a><a target=\"_blank\" href=\"https:\/\/www.facebook.com\/sharer\/sharer.php?u=https:\/\/www.cfdt.fr\/portail\/outils\/tous-les-outils-de-mobilisation-contre-le-report-de-l-age-a-64-ans-srv1_1269867\" rel=\"noreferrer noopener\"><\/a><a href=\"mailto:?subject=Je%20te%20conseille%20ce%20contenu%20de%20la%20CFDT&amp;body=Bonjour,%0D%0AVoici%20un%20contenu%20de%20la%20CFDT%20que%20je%20souhaite%20te%20transmettre.%0D%0A%0D%0ATous%20les%20outils%20de%20mobilisation%20contre%20le%20report%20de%20l%27%C3%A2ge%20%C3%A0%2064%20ans%20:%20https:\/\/www.cfdt.fr\/portail\/outils\/tous-les-outils-de-mobilisation-contre-le-report-de-l-age-a-64-ans-srv1_1269867\"><\/a><\/p>\n\n\n\n<p>Retrouvez en t\u00e9l\u00e9chargement tous les outils relatifs \u00e0 la mobilisation contre le report de l&rsquo;\u00e2ge \u00e0 64 ans pr\u00e9vu dans la r\u00e9forme des retraites du gouvernement.<\/p>\n\n\n\n<figure class=\"wp-block-image size-full\"><img loading=\"lazy\" decoding=\"async\" width=\"670\" height=\"388\" src=\"https:\/\/cfdt-recherche-epst.org\/wp-content\/uploads\/2023\/04\/th-670x670-retraite-2304-cfdt-post-13avril.png.png\" alt=\"\" class=\"wp-image-34298\" srcset=\"https:\/\/cfdt-recherche-epst.org\/wp-content\/uploads\/2023\/04\/th-670x670-retraite-2304-cfdt-post-13avril.png.png 670w, https:\/\/cfdt-recherche-epst.org\/wp-content\/uploads\/2023\/04\/th-670x670-retraite-2304-cfdt-post-13avril.png-300x174.png 300w\" sizes=\"auto, (max-width: 670px) 100vw, 670px\" \/><\/figure>\n\n\n\n<p> <\/p>\n\n\n\n<p><strong>&#8211; NOUVEAU :&nbsp;Visuels r\u00e9seaux sociaux mobilisation 13 avril 2023<\/strong><\/p>\n\n\n\n<p><strong>&#8211; NOUVEAU :&nbsp;Affiches mobilisation retraites 13 avril 2023 &#8211; AVEC et SANS traits de coupe<\/strong><\/p>\n\n\n\n<p>&#8211; Pancartes slogans femmes &#8211; avec et sans traits de coupe<\/p>\n\n\n\n<p>&#8211; Visuels r\u00e9seaux sociaux \u00ab\u00a01 million de signatures pour la p\u00e9tition\u00a0\u00bb<\/p>\n\n\n\n<p>&#8211; Tract \u00ab\u00a0Revendications et acquis de la CFDT\u00a0\u00bb<\/p>\n\n\n\n<p>&#8211; Argumentaire &#8211; R\u00e9forme des retraites : d\u00e9crypter pour d&rsquo;autres choix<\/p>\n\n\n\n<p>&#8211; Tracts p\u00e9tition intersyndicale &#8211; versions avec et sans traits de coupe<\/p>\n\n\n\n<p>&#8211; Mise \u00e0 jour des stickers\/autocollants \u00ab\u00a064 ans c&rsquo;est non, signez la p\u00e9tition !\u00a0\u00bb et \u00ab\u00a0Mets tes baskets pour la retraite\u00a0\u00bb<\/p>\n\n\n\n<p>&#8211; Affiches \u00ab\u00a064 ans c&rsquo;est non !\u00a0\u00bb (versions classique et imprimeur avec traits de coupe)<\/p>\n\n\n\n<p>&#8211; Panneaux manifestation (versions classique et imprimeur avec traits de coupe)<\/p>\n\n\n\n<p>&#8211; Visuels r\u00e9seaux sociaux \u00ab\u00a064 ans c&rsquo;est non !\u00a0\u00bb<\/p>\n\n\n\n<p>&#8211; Visuels r\u00e9seaux sociaux \u00ab\u00a0Mets tes baskets pour la retraite\u00a0\u00bb<\/p>\n\n\n\n<p>&#8211; Visuels r\u00e9seaux sociaux \u00ab\u00a0Signez la p\u00e9tition\u00a0\u00bb<\/p>\n\n\n\n<p>&#8211; Tract mobilisation \u00ab\u00a064 ans, c&rsquo;est non !\u00a0\u00bb<\/p>\n\n\n\n<p>&#8211; QR code vers p\u00e9tition intersyndicale (formats eps, svg,&nbsp; jpeg et png)<\/p>\n\n\n\n<ul class=\"wp-block-list\">\n<li><a target=\"_blank\" href=\"https:\/\/www.cfdt.fr\/upload\/docs\/application\/pdf\/2023-04\/affiches_mobilisation_13_avril_2023_-_avec_traits_de_coupe_2023-04-11_09-18-52_42.pdf\" rel=\"noreferrer noopener\">&gt;&nbsp;&nbsp;NOUVEAU \/\/ Affiches mobilisation 13 avril 2023 &#8211; AVEC traits de coupe<\/a><\/li>\n\n\n\n<li><a target=\"_blank\" href=\"https:\/\/www.cfdt.fr\/upload\/docs\/application\/pdf\/2023-04\/affiches_mobilisation_13_avril_2023_-_sans_traits_de_coupe_2023-04-11_09-18-52_161.pdf\" rel=\"noreferrer noopener\">&gt;&nbsp;&nbsp;NOUVEAU \/\/ Affiches mobilisation 13 avril 2023 &#8211; SANS traits de coupe<\/a><\/li>\n\n\n\n<li><a target=\"_blank\" href=\"https:\/\/www.cfdt.fr\/upload\/docs\/application\/zip\/2023-04\/visuels_reseaux_sociaux_-_mobilisation_13_avril_2023.zip\" rel=\"noreferrer noopener\">&gt;&nbsp;&nbsp;NOUVEAU \/\/ Visuels r\u00e9seaux sociaux &#8211; Mobilisation 13 avril 2023<\/a><\/li>\n\n\n\n<li><a target=\"_blank\" href=\"https:\/\/www.cfdt.fr\/upload\/docs\/application\/zip\/2023-03\/pancartes_slogans_femmes_-_avec_et_sans_traits_de_coupe_2023-03-01_15-56-19_544.zip\" rel=\"noreferrer noopener\">&gt;&nbsp;&nbsp;Pancartes slogans femmes &#8211; avec et sans traits de coupe<\/a><\/li>\n\n\n\n<li><a target=\"_blank\" href=\"https:\/\/www.cfdt.fr\/upload\/docs\/application\/zip\/2023-02\/visuels_reseaux_sociaux_-_1_million_de_signatures_pour_la_petition.zip\" rel=\"noreferrer noopener\">&gt;&nbsp;&nbsp;Visuels r\u00e9seaux sociaux &#8211; 1 million de signatures pour la p\u00e9tition<\/a><\/li>\n\n\n\n<li><a target=\"_blank\" href=\"https:\/\/www.cfdt.fr\/upload\/docs\/application\/pdf\/2023-02\/tract_retraites_-_revendications_et_obtentions_de_la_cfdt_-_pdf_avec_traits_de_coupe_2023-02-08_10-56-8_581.pdf\" rel=\"noreferrer noopener\">&gt;&nbsp;&nbsp;Tract retraites &#8211; Revendications et acquis de la CFDT &#8211; PDF AVEC traits de coupe<\/a><\/li>\n\n\n\n<li><a target=\"_blank\" href=\"https:\/\/www.cfdt.fr\/upload\/docs\/application\/pdf\/2023-02\/tract_retraites_-_revendications_et_obtentions_de_la_cfdt_-_pdf_sans_traits_de_coupe_2023-02-08_10-56-8_684.pdf\" rel=\"noreferrer noopener\">&gt;&nbsp;&nbsp;Tract retraites &#8211; Revendications et acquis de la CFDT &#8211; PDF SANS traits de coupe<\/a><\/li>\n\n\n\n<li><a target=\"_blank\" href=\"https:\/\/www.cfdt.fr\/upload\/docs\/application\/zip\/2023-02\/tract_reforme_des_retraites_-_reforme_dinjustice_pour_les_femmes_.zip\" rel=\"noreferrer noopener\">&gt;&nbsp;&nbsp;Tract r\u00e9forme des retraites &#8211; R\u00e9forme d&rsquo;injustice pour les femmes !<\/a><\/li>\n\n\n\n<li><a target=\"_blank\" href=\"https:\/\/www.cfdt.fr\/upload\/docs\/application\/pdf\/2023-01\/argumentaire_reforme_des_retraites_-_decrypter_pour_dautres_choix_2023-01-30_15-17-33_963.pdf\" rel=\"noreferrer noopener\">&gt;&nbsp;&nbsp;Argumentaire r\u00e9forme des retraites &#8211; D\u00e9crypter pour d&rsquo;autres choix<\/a><\/li>\n\n\n\n<li><a target=\"_blank\" href=\"https:\/\/www.cfdt.fr\/upload\/docs\/application\/pdf\/2023-01\/cfdt-retraites-t02-tract-petition-_avec_traits_de_coupe.pdf\" rel=\"noreferrer noopener\">&gt;&nbsp;&nbsp;Tract p\u00e9tition intersyndicale &#8211; version avec traits de coupe<\/a><\/li>\n\n\n\n<li><a target=\"_blank\" href=\"https:\/\/www.cfdt.fr\/upload\/docs\/application\/pdf\/2023-01\/cfdt-retraites-t02-tract-petition_-_sans_traits_de_coupe.pdf\" rel=\"noreferrer noopener\">&gt;&nbsp;&nbsp;Tract p\u00e9tition intersyndicale &#8211; version sans traits de coupe<\/a><\/li>\n\n\n\n<li><a target=\"_blank\" href=\"https:\/\/www.cfdt.fr\/upload\/docs\/application\/pdf\/2023-01\/nouveau_retraites_sticker_avec_logo_hd.pdf\" rel=\"noreferrer noopener\">&gt;&nbsp;&nbsp;Sticker avec logo HD<\/a><\/li>\n\n\n\n<li><a target=\"_blank\" href=\"https:\/\/www.cfdt.fr\/upload\/docs\/application\/pdf\/2023-01\/affiches_64_ans_cest_non.pdf\" rel=\"noreferrer noopener\">&gt;&nbsp;&nbsp;Affiches 64 ans c&rsquo;est non<\/a><\/li>\n\n\n\n<li><a target=\"_blank\" href=\"https:\/\/www.cfdt.fr\/upload\/docs\/application\/pdf\/2023-01\/affiches_64_ans_cest_non_-_haute_definition_version_imprimeur.pdf\" rel=\"noreferrer noopener\">&gt;&nbsp;&nbsp;Affiches 64 ans c&rsquo;est non &#8211; Haute d\u00e9finition version imprimeur<\/a><\/li>\n\n\n\n<li><a target=\"_blank\" href=\"https:\/\/www.cfdt.fr\/upload\/docs\/application\/pdf\/2023-01\/affiches_confederation_hd_version_imprimeur.pdf\" rel=\"noreferrer noopener\">&gt;&nbsp;&nbsp;Affiches Conf\u00e9d\u00e9ration HD version imprimeur<\/a><\/li>\n\n\n\n<li><a target=\"_blank\" href=\"https:\/\/www.cfdt.fr\/upload\/docs\/application\/pdf\/2023-01\/affiches_confederation_sans_traits_de_coupe.pdf\" rel=\"noreferrer noopener\">&gt;&nbsp;&nbsp;Affiches Conf\u00e9d\u00e9ration sans traits de coupe<\/a><\/li>\n\n\n\n<li><a target=\"_blank\" href=\"https:\/\/www.cfdt.fr\/upload\/docs\/application\/pdf\/2023-01\/panneaux_manifestation_-_hd_version_imprimeur.pdf\" rel=\"noreferrer noopener\">&gt;&nbsp;&nbsp;Panneaux manifestation &#8211; HD version imprimeur<\/a><\/li>\n\n\n\n<li><a target=\"_blank\" href=\"https:\/\/www.cfdt.fr\/upload\/docs\/application\/pdf\/2023-01\/panneaux_manifestation_-_hd_sans_trait_de_coupe.pdf\" rel=\"noreferrer noopener\">&gt;&nbsp;&nbsp;Panneaux manifestation &#8211; HD sans trait de coupe<\/a><\/li>\n\n\n\n<li><a target=\"_blank\" href=\"https:\/\/www.cfdt.fr\/upload\/docs\/application\/zip\/2023-01\/visuels_reseaux_sociaux_64_ans_cest_non.zip\" rel=\"noreferrer noopener\">&gt;&nbsp;&nbsp;Visuels r\u00e9seaux sociaux 64 ans c&rsquo;est non<\/a><\/li>\n\n\n\n<li><a target=\"_blank\" href=\"https:\/\/www.cfdt.fr\/upload\/docs\/application\/zip\/2023-01\/visuels_reseaux_sociaux_mets_tes_baskets_pour_la_retraite.zip\" rel=\"noreferrer noopener\">&gt;&nbsp;&nbsp;Visuels r\u00e9seaux sociaux mets tes baskets pour la retraite<\/a><\/li>\n\n\n\n<li><a target=\"_blank\" href=\"https:\/\/www.cfdt.fr\/upload\/docs\/application\/zip\/2023-01\/visuels_reseaux_sociaux_signez_la_petition.zip\" rel=\"noreferrer noopener\">&gt;&nbsp;&nbsp;Visuels r\u00e9seaux sociaux signez la p\u00e9tition<\/a><\/li>\n\n\n\n<li><a target=\"_blank\" href=\"https:\/\/www.cfdt.fr\/upload\/docs\/application\/pdf\/2023-01\/stickers_autocollants_-_64_ans_cest_non_signez_la_petition__-_basse_def.pdf\" rel=\"noreferrer noopener\">&gt;&nbsp;&nbsp;Stickers autocollants &#8211; 64 ans c&rsquo;est non, signez la p\u00e9tition ! &#8211; Basse def<\/a><\/li>\n\n\n\n<li><a target=\"_blank\" href=\"https:\/\/www.cfdt.fr\/upload\/docs\/image\/png\/2023-01\/visuel_photo_profil_reseaux_sociaux.png\" rel=\"noreferrer noopener\">&gt;&nbsp;&nbsp;Visuel photo profil r\u00e9seaux sociaux<\/a><\/li>\n\n\n\n<li><a target=\"_blank\" href=\"https:\/\/www.cfdt.fr\/upload\/docs\/application\/zip\/2023-01\/qr_code_vers_petition_intersyndicale.zip\" rel=\"noreferrer noopener\">&gt;&nbsp;&nbsp;QR code vers p\u00e9tition intersyndicale<\/a><\/li>\n\n\n\n<li><a target=\"_blank\" href=\"https:\/\/www.cfdt.fr\/upload\/docs\/application\/pdf\/2023-01\/tract_-_mobilisation_64_ans_cest_non_.pdf\" rel=\"noreferrer noopener\">&gt;&nbsp;&nbsp;Tract &#8211; Mobilisation 64 ans, c&rsquo;est non !<\/a><\/li>\n<\/ul>\n","protected":false},"excerpt":{"rendered":"<p>Publi\u00e9 le&nbsp;10\/01\/2023&nbsp;(mis \u00e0 jour le&nbsp;11\/04\/2023) Retrouvez en t\u00e9l\u00e9chargement tous les outils relatifs \u00e0 la mobilisation contre le report de l&rsquo;\u00e2ge \u00e0 64 ans pr\u00e9vu dans la r\u00e9forme des retraites du gouvernement. &#8211; NOUVEAU :&nbsp;Visuels r\u00e9seaux sociaux mobilisation 13 avril 2023 &#8211; NOUVEAU :&nbsp;Affiches mobilisation retraites 13 avril 2023 &#8211; AVEC<\/p>\n","protected":false},"author":19,"featured_media":34298,"comment_status":"closed","ping_status":"open","sticky":false,"template":"","format":"standard","meta":{"footnotes":""},"categories":[5],"tags":[],"class_list":["post-34297","post","type-post","status-publish","format-standard","has-post-thumbnail","hentry","category-epst","ct-col-2"],"amp_enabled":true,"_links":{"self":[{"href":"https:\/\/cfdt-recherche-epst.org\/index.php?rest_route=\/wp\/v2\/posts\/34297","targetHints":{"allow":["GET"]}}],"collection":[{"href":"https:\/\/cfdt-recherche-epst.org\/index.php?rest_route=\/wp\/v2\/posts"}],"about":[{"href":"https:\/\/cfdt-recherche-epst.org\/index.php?rest_route=\/wp\/v2\/types\/post"}],"author":[{"embeddable":true,"href":"https:\/\/cfdt-recherche-epst.org\/index.php?rest_route=\/wp\/v2\/users\/19"}],"replies":[{"embeddable":true,"href":"https:\/\/cfdt-recherche-epst.org\/index.php?rest_route=%2Fwp%2Fv2%2Fcomments&post=34297"}],"version-history":[{"count":3,"href":"https:\/\/cfdt-recherche-epst.org\/index.php?rest_route=\/wp\/v2\/posts\/34297\/revisions"}],"predecessor-version":[{"id":34302,"href":"https:\/\/cfdt-recherche-epst.org\/index.php?rest_route=\/wp\/v2\/posts\/34297\/revisions\/34302"}],"wp:featuredmedia":[{"embeddable":true,"href":"https:\/\/cfdt-recherche-epst.org\/index.php?rest_route=\/wp\/v2\/media\/34298"}],"wp:attachment":[{"href":"https:\/\/cfdt-recherche-epst.org\/index.php?rest_route=%2Fwp%2Fv2%2Fmedia&parent=34297"}],"wp:term":[{"taxonomy":"category","embeddable":true,"href":"https:\/\/cfdt-recherche-epst.org\/index.php?rest_route=%2Fwp%2Fv2%2Fcategories&post=34297"},{"taxonomy":"post_tag","embeddable":true,"href":"https:\/\/cfdt-recherche-epst.org\/index.php?rest_route=%2Fwp%2Fv2%2Ftags&post=34297"}],"curies":[{"name":"wp","href":"https:\/\/api.w.org\/{rel}","templated":true}]}}