{"id":34314,"date":"2023-04-11T08:45:00","date_gmt":"2023-04-11T07:45:00","guid":{"rendered":"https:\/\/epst-sgen-cfdt.org\/?p=34314"},"modified":"2024-09-12T14:03:41","modified_gmt":"2024-09-12T13:03:41","slug":"nous-devons-maintenir-un-rapport-de-force-avec-le-pouvoir-executif-cfdt-mag-11-4-2023","status":"publish","type":"post","link":"https:\/\/cfdt-recherche-epst.org\/?p=34314","title":{"rendered":"\u201cNous devons maintenir un rapport de force avec le pouvoir ex\u00e9cutif\u201d (CFDT Mag 11 4 2023)"},"content":{"rendered":"\n<p><a href=\"https:\/\/www.syndicalismehebdo.fr\/article\/nous-devons-maintenir-un-rapport-de-force-avec-le-pouvoir-executif\" target=\"_blank\" rel=\"noreferrer noopener\">Extrait de l\u2019hebdo n\u00b03869<\/a><a rel=\"noreferrer noopener\" href=\"mailto:?body=Bonjour,%0D%0A%20%0D%0Aj%27ai%20pens%C3%A9%20que%20tu%20pourrais%20%C3%AAtre%20int%C3%A9ress%C3%A9%20par%20cet%20article%20que%20j%27ai%20lu%20sur%20le%20site%20de%20Syndicalisme%20Hebdo,%20le%20site%20de%20presse%20de%20la%20CFDT%20:%20%E2%80%9CNous%20devons%20maintenir%20un%20rapport%20de%20force%20avec%20le%20pouvoir%20ex%C3%A9cutif%E2%80%9D%20-%20https:\/\/www.syndicalismehebdo.fr\/article\/nous-devons-maintenir-un-rapport-de-force-avec-le-pouvoir-executif&amp;subject=Cet%20article%20de%20Syndicalisme%20Hebdo%20pourrait%20t%27int%C3%A9resser\" target=\"_blank\"><\/a><\/p>\n\n\n\n<p>Par&nbsp;<a href=\"https:\/\/www.syndicalismehebdo.fr\/auteur\/jerome-citron\">J\u00e9r\u00f4me Citron<\/a>\u2014 Publi\u00e9 le 11\/04\/2023 \u00e0 14h37<\/p>\n\n\n\n<h2 class=\"wp-block-heading\">\u00c0 deux jours de la douzi\u00e8me journ\u00e9e de&nbsp;mobilisation, et en&nbsp;attendant l\u2019avis du&nbsp;Conseil constitutionnel, la&nbsp;mobilisation contre la&nbsp;r\u00e9forme des&nbsp;retraites reste massive. Secr\u00e9taire national charg\u00e9 de&nbsp;ce&nbsp;dossier br\u00fblant, Yvan Ricordeau revient sur la&nbsp;strat\u00e9gie de&nbsp;la&nbsp;CFDT dans la&nbsp;p\u00e9riode.<\/h2>\n\n\n\n<p><strong>Pourquoi avoir d\u00e9cid\u00e9 d\u2019une nouvelle mobilisation, la douzi\u00e8me, le jeudi 13\u00a0avril. N\u2019existe-t-il pas un risque d\u2019essoufflement\u00a0?<\/strong><\/p>\n\n\n\n<p>Certes, il y a eu un peu moins de monde lors des derni\u00e8res manifestations, mais le nombre de personnes mobilis\u00e9es reste encore tr\u00e8s \u00e9lev\u00e9 apr\u00e8s plus de trois mois de mobilisation. Cette affluence montre \u00e0 quel point cette r\u00e9forme est rejet\u00e9e par la population. Elle valide aussi la strat\u00e9gie de l\u2019intersyndicale, qui a \u00e9t\u00e9 de proposer des mobilisations r\u00e9guli\u00e8res permettant \u00e0 tous les Fran\u00e7ais d\u2019y participer selon leurs possibilit\u00e9s. On sait pertinemment que le monde du travail dans son ensemble n\u2019\u00e9tait pas dispos\u00e9 \u00e0 faire une gr\u00e8ve reconductible ou \u00e0 bloquer le pays.<\/p>\n\n\n\n<p>La mobilisation du 13&nbsp;avril s\u2019inscrit dans cette strat\u00e9gie. Il s\u2019agit d\u2019exprimer une nouvelle fois le rejet de cette r\u00e9forme et de maintenir un rapport de force avec l\u2019ex\u00e9cutif. Rien n\u2019est jou\u00e9. La loi n\u2019est pas encore promulgu\u00e9e, et il faudra ensuite peser dans la r\u00e9daction des d\u00e9crets. Nous nous inscrivons dans le temps long. Et pour couper court \u00e0 toute pol\u00e9mique, j\u2019insiste sur le fait que cette manifestation n\u2019a pas pour objectif de faire pression sur les juges du Conseil constitutionnel. C\u2019est bien un message qui s\u2019adresse au pr\u00e9sident de la R\u00e9publique et au gouvernement.<\/p>\n\n\n\n<p><strong>Justement, l\u2019intersyndicale a rencontr\u00e9 la Premi\u00e8re ministre la semaine derni\u00e8re. Est-ce une reprise du dialogue\u00a0? Un signe d\u2019ouverture\u00a0? Quelle signification donner \u00e0 cet entretien qui n\u2019aura dur\u00e9 qu\u2019une heure\u00a0?<\/strong><\/p>\n\n\n\n<p>Vu le contexte et le&nbsp;<em>timing&nbsp;<\/em>(la veille de la onzi\u00e8me mobilisation), nous n\u2019attendions pas beaucoup de cette rencontre\u2026 nous n\u2019avons donc \u00e9t\u00e9 ni d\u00e9\u00e7us ni surpris. \u00c9lisabeth Borne a une nouvelle fois refus\u00e9 de saisir les perches que nous lui tendons depuis plusieurs semaines. La CFDT a pourtant plusieurs fois cherch\u00e9 \u00e0 d\u00e9bloquer la situation. Quand Laurent Berger a propos\u00e9 de faire une pause, de rediscuter de cette r\u00e9forme ou encore de nommer un m\u00e9diateur, il s\u2019agissait \u00e0 chaque fois de signes d\u2019ouverture pour sortir par le haut du conflit. Malheureusement, l\u2019ex\u00e9cutif a jusqu\u2019\u00e0 pr\u00e9sent toujours balay\u00e9 ces propositions. \u00c0 aucun moment il n\u2019a fait mine de vouloir dialoguer et trouver un terrain d\u2019entente. L\u2019entretien n\u2019a dur\u00e9 qu\u2019une heure car, quand la Premi\u00e8re ministre a r\u00e9pondu qu\u2019il n\u2019\u00e9tait pas question de revenir sur les 64 ans, l\u2019intersyndicale a mis fin \u00e0 la r\u00e9union.<\/p>\n\n\n\n<p><strong>Pour s\u00e9duire les organisations syndicales et renouer le dialogue, le gouvernement promet de nouvelles discussions sur la p\u00e9nibilit\u00e9, l\u2019emploi de senior ou l\u2019organisation du travail. Une loi serait m\u00eame en pr\u00e9paration. Comment va se positionner la CFDT\u00a0?<\/strong><\/p>\n\n\n\n<p>Nous ne sommes pas na\u00effs quant aux intentions de l\u2019ex\u00e9cutif. Il est \u00e9vident que tous ces sujets auraient d\u00fb \u00eatre abord\u00e9s en amont de la r\u00e9forme des retraites. Ce gouvernement a mis la charrue avant les b\u0153ufs, et ses membres le savent tr\u00e8s bien. Cependant, la CFDT ne pratiquera pas la politique de la chaise vide ; ce n\u2019est pas dans son ADN. En temps voulu, nous irons discuter et d\u00e9fendre notre vision du travail puis arracher des avanc\u00e9es pour les salari\u00e9s. Mais ce temps n\u2019est pas encore venu, et la s\u00e9quence retraites laissera des traces\u2026 Nous sommes encore mobilis\u00e9s sur la r\u00e9forme des retraites, et il n\u2019est pas question de passer \u00e0 autre chose \u00e0 court terme.<\/p>\n\n\n\n<p><strong>La situation semble fig\u00e9e dans l\u2019attente de l\u2019avis du Conseil constitutionnel\u2026<\/strong><\/p>\n\n\n\n<p>Les juges ont annonc\u00e9 qu\u2019ils rendraient leur avis sur la r\u00e9forme le vendredi 14&nbsp;avril en fin d\u2019apr\u00e8s-midi. Plusieurs sc\u00e9narios sont sur la table. Les neufs \u00ab&nbsp;sages&nbsp;\u00bb peuvent rejeter la totalit\u00e9 de la r\u00e9forme. Dans ce cas, le gouvernement devrait repartir de z\u00e9ro. Ils peuvent \u00e9galement \u2013&nbsp;et c\u2019est le plus probable&nbsp;\u2013 ne d\u00e9clarer anticonstitutionnelles qu\u2019une partie des mesures. Dans ce cas, c\u2019est tout l\u2019\u00e9quilibre de la r\u00e9forme qui risque d\u2019\u00eatre remis en question. Le risque, c\u2019est que les maigres avanc\u00e9es arrach\u00e9es lors de la concertation passent \u00e0 la trappe et que seules les mesures les plus dures restent. L\u2019avis du Conseil peut donc rebattre les cartes de multiples mani\u00e8res. C\u2019est pourquoi l\u2019intersyndicale a d\u00e9cid\u00e9 de se r\u00e9unir une fois que son avis sera connu afin d\u2019envisager les suites du mouvement. On peut dire qu\u2019on va passer \u00e0 une nouvelle \u00e9tape de la mobilisation.<\/p>\n\n\n\n<p>Quoi qu\u2019il en soit, la CFDT respectera la d\u00e9cision des juges. Nous ne remettons pas en cause cette institution qui est au c\u0153ur de notre d\u00e9mocratie. Il faudra tenir compte de son avis, m\u00eame si, pour la CFDT, cela ne change rien sur le fond : cette r\u00e9forme reste profond\u00e9ment injuste.<\/p>\n\n\n\n<p><strong>Le Conseil constitutionnel doit aussi se prononcer sur la possibilit\u00e9 ou non de passer par un r\u00e9f\u00e9rendum d\u2019initiative partag\u00e9e, le fameux RIP, pour voter une loi qui maintiendrait l\u2019\u00e2ge l\u00e9gal de d\u00e9part \u00e0 62\u00a0ans. Son avis devrait \u00eatre connu le 14\u00a0avril. Pour la CFDT, le RIP peut-il \u00eatre une solution permettant de sortir de cette crise\u00a0?<\/strong><\/p>\n\n\n\n<p>Bien s\u00fbr, le RIP peut devenir un outil de sortie de crise. Si les juges le valident, ce serait un nouvel argument en faveur d\u2019une pause dans la r\u00e9forme car il para\u00eet difficile d\u2019articuler le temps du RIP et le temps de la r\u00e9forme telle que nous la connaissons aujourd\u2019hui. De plus, le RIP serait une formidable opportunit\u00e9 d\u2019aller \u00e0 la rencontre des Fran\u00e7ais. Nous aurions en effet neuf mois pour recueillir la signature d\u2019environ 4,8 millions de personnes. Un tel d\u00e9fi n\u2019a jamais \u00e9t\u00e9 relev\u00e9 en France, mais pourrait l\u2019\u00eatre sur un sujet comme celui des retraites. Une chose est certaine : apr\u00e8s trois mois de mobilisation, les Fran\u00e7ais continuent de soutenir dans leur tr\u00e8s grande majorit\u00e9 la position des organisations syndicales. C\u2019est une belle r\u00e9compense pour les corps interm\u00e9diaires, particuli\u00e8rement maltrait\u00e9s ces derni\u00e8res ann\u00e9es.<\/p>\n","protected":false},"excerpt":{"rendered":"<p>Extrait de l\u2019hebdo n\u00b03869 Par&nbsp;J\u00e9r\u00f4me Citron\u2014 Publi\u00e9 le 11\/04\/2023 \u00e0 14h37 \u00c0 deux jours de la douzi\u00e8me journ\u00e9e de&nbsp;mobilisation, et en&nbsp;attendant l\u2019avis du&nbsp;Conseil constitutionnel, la&nbsp;mobilisation contre la&nbsp;r\u00e9forme des&nbsp;retraites reste massive. Secr\u00e9taire national charg\u00e9 de&nbsp;ce&nbsp;dossier br\u00fblant, Yvan Ricordeau revient sur la&nbsp;strat\u00e9gie de&nbsp;la&nbsp;CFDT dans la&nbsp;p\u00e9riode. Pourquoi avoir d\u00e9cid\u00e9 d\u2019une nouvelle mobilisation, la<\/p>\n","protected":false},"author":19,"featured_media":0,"comment_status":"closed","ping_status":"open","sticky":false,"template":"","format":"standard","meta":{"footnotes":""},"categories":[5],"tags":[],"class_list":["post-34314","post","type-post","status-publish","format-standard","hentry","category-epst","ct-col-2"],"amp_enabled":true,"_links":{"self":[{"href":"https:\/\/cfdt-recherche-epst.org\/index.php?rest_route=\/wp\/v2\/posts\/34314","targetHints":{"allow":["GET"]}}],"collection":[{"href":"https:\/\/cfdt-recherche-epst.org\/index.php?rest_route=\/wp\/v2\/posts"}],"about":[{"href":"https:\/\/cfdt-recherche-epst.org\/index.php?rest_route=\/wp\/v2\/types\/post"}],"author":[{"embeddable":true,"href":"https:\/\/cfdt-recherche-epst.org\/index.php?rest_route=\/wp\/v2\/users\/19"}],"replies":[{"embeddable":true,"href":"https:\/\/cfdt-recherche-epst.org\/index.php?rest_route=%2Fwp%2Fv2%2Fcomments&post=34314"}],"version-history":[{"count":1,"href":"https:\/\/cfdt-recherche-epst.org\/index.php?rest_route=\/wp\/v2\/posts\/34314\/revisions"}],"predecessor-version":[{"id":34315,"href":"https:\/\/cfdt-recherche-epst.org\/index.php?rest_route=\/wp\/v2\/posts\/34314\/revisions\/34315"}],"wp:attachment":[{"href":"https:\/\/cfdt-recherche-epst.org\/index.php?rest_route=%2Fwp%2Fv2%2Fmedia&parent=34314"}],"wp:term":[{"taxonomy":"category","embeddable":true,"href":"https:\/\/cfdt-recherche-epst.org\/index.php?rest_route=%2Fwp%2Fv2%2Fcategories&post=34314"},{"taxonomy":"post_tag","embeddable":true,"href":"https:\/\/cfdt-recherche-epst.org\/index.php?rest_route=%2Fwp%2Fv2%2Ftags&post=34314"}],"curies":[{"name":"wp","href":"https:\/\/api.w.org\/{rel}","templated":true}]}}