{"id":34340,"date":"2023-04-06T14:27:34","date_gmt":"2023-04-06T13:27:34","guid":{"rendered":"https:\/\/epst-sgen-cfdt.org\/?p=34340"},"modified":"2024-09-12T14:03:41","modified_gmt":"2024-09-12T13:03:41","slug":"fonction-publique-une-politique-de-remuneration-a-revoir-durgence","status":"publish","type":"post","link":"https:\/\/cfdt-recherche-epst.org\/?p=34340","title":{"rendered":"FONCTION PUBLIQUE : UNE POLITIQUE DE R\u00c9MUN\u00c9RATION \u00c0 REVOIR D&rsquo;URGENCE !"},"content":{"rendered":"\n<h2 class=\"wp-block-heading\"><strong>Il est grand temps de renouer un pacte r\u00e9publicain pour refaire des services publics un vecteur de qualit\u00e9 de vie et l&rsquo;expression de nos valeurs de solidarit\u00e9, soulignent Myl\u00e8ne Jacquot et Johan Theuret.<\/strong><\/h2>\n\n\n\n<p>La mobilisation contre le projet de r\u00e9forme des retraites continue car&nbsp;<a href=\"https:\/\/www.facebook.com\/hashtag\/64anscestnon?__cft__%5B0%5D=AZVQ8ENPT1ZQmtTqPmDag0w4nEeDsGrHyz_d6jwNXsi1rSAn66Bpdp7ieksMof2n6oETwoQd8-edNemn9iF-vZG6UvOwAAIqUH3_qig0PSUeTxVbpWRxonzQpkq4NIC-zko&amp;__tn__=*NK-R\">#64ansCestNon<\/a>&nbsp;!<\/p>\n\n\n\n<p>Nul ne sait mesurer les cons\u00e9quences de ce conflit. Ce qui est certain, c&rsquo;est que la longue indiff\u00e9rence de l&rsquo;ex\u00e9cutif \u00e0 ce mouvement de contestation laissera des traces profondes dans notre d\u00e9mocratie, tant sociale que politique.<\/p>\n\n\n\n<p>Le pouvoir a tout de m\u00eame reconnu la n\u00e9cessit\u00e9 d&rsquo;investir dans les services publics&#8230; ce qui ne fera pas l&rsquo;\u00e9conomie du pouvoir d&rsquo;achat des agents.<\/p>\n\n\n\n<p>Rester attractif sur le march\u00e9 de l&#8217;emploi exige de rouvrir des discussions, voire des n\u00e9gociations, sur des mesures g\u00e9n\u00e9rales imm\u00e9diates : hausse de la valeur du point ou ajout de points. Le gouvernement doit ouvrir rapidement la porte des discussions. Il y a urgence.<\/p>\n\n\n\n<p>C&rsquo;est le sens de la tribune que Myl\u00e8ne Jacquot, secr\u00e9taire g\u00e9n\u00e9rale de la CFDT Fonction publique, &nbsp;co-signe avec Johan Theuret, co-fondateur du Think Tank \u00ab\u00a0Sens du service public\u00a0\u00bb.<\/p>\n\n\n\n<p><em>Le lien vers la tribune<\/em>&nbsp;:&nbsp;<a href=\"https:\/\/www.lesechos.fr\/idees-debats\/cercle\/opinion-fonction-publique-une-politique-de-remuneration-a-revoir-durgence-1932882\">https:\/\/www.lesechos.fr\/idees-debats\/cercle\/opinion-fonction-publique-une-politique-de-remuneration-a-revoir-durgence-1932882<\/a><\/p>\n\n\n\n<p><em>Le texte de la tribune&nbsp;<\/em><\/p>\n\n\n\n<p><em>Les sondages et rapports qui soulignent les marques tangibles de ce que J\u00e9r\u00f4me Fourquet nomme le \u00ab&nbsp;d\u00e9litement des services publics&nbsp;\u00bb se succ\u00e8dent. Nul ne sait mesurer l&rsquo;ampleur des cons\u00e9quences&nbsp;des semaines de conflits&nbsp;<a href=\"https:\/\/www.lesechos.fr\/economie-france\/social\/retraites-les-syndicats-accueillent-favorablement-linvitation-delisabeth-borne-1920117\">sur la r\u00e9forme des retraites.<\/a>&nbsp;Ce qui est certain, c&rsquo;est que l&rsquo;indiff\u00e9rence de l&rsquo;ex\u00e9cutif \u00e0 ce mouvement de contestation laissera des traces profondes dans notre d\u00e9mocratie, tant sociale que politique.<\/em><\/p>\n\n\n\n<p><em>Ce d\u00e9litement au long cours et&nbsp;<a href=\"https:\/\/www.lesechos.fr\/economie-france\/social\/retraites-la-mobilisation-reprend-de-la-vigueur-et-se-tend-dans-plusieurs-villes-1918645\">cette contestation in\u00e9dite<\/a>&nbsp;appellent imp\u00e9rativement des mesures en faveur des services publics. Il convient de renouer un pacte r\u00e9publicain pour refaire d&rsquo;eux l&rsquo;expression de nos valeurs de solidarit\u00e9 et un vecteur de qualit\u00e9 de vie.<\/em><\/p>\n\n\n\n<p><em>S&rsquo;ils offrent des m\u00e9tiers qui ont du sens, l&rsquo;incapacit\u00e9 \u00e0 donner des perspectives salariales soul\u00e8ve de nombreuses interrogations. D\u00e8s lors, un plan d&rsquo;investissement en faveur des services publics doit marquer un coup d&rsquo;arr\u00eat \u00e0 la d\u00e9gradation inexorable de la r\u00e9mun\u00e9ration des agents, symbolis\u00e9e par le gel de la valeur du point entre&nbsp;2010 et&nbsp;2022.<\/em><\/p>\n\n\n\n<p><em>Les plus de cinq millions d&rsquo;agents publics ne peuvent plus \u00eatre laiss\u00e9s dans un syst\u00e8me de r\u00e9mun\u00e9ration \u00e0 bout de souffle, apr\u00e8s des ann\u00e9es de gel quasi permanent du point et de mesures sectorielles toujours insuffisantes, m\u00eame si elles sont positives (PPCR, S\u00e9gur de la Sant\u00e9, Beauvau de la s\u00e9curit\u00e9, Grenelle de l&rsquo;Education).<\/em><\/p>\n\n\n\n<p><em>La question de la r\u00e9mun\u00e9ration renvoie \u00e0 la probl\u00e9matique du pouvoir d&rsquo;achat dans un contexte d&rsquo;inflation, et \u00e0 la consid\u00e9ration que les pouvoirs publics accordent aux agents publics.&nbsp;Ainsi, la hausse de 3,5&nbsp;% de la valeur du point en&nbsp;2022 a \u00e9t\u00e9 rapidement absorb\u00e9e par une inflation qui d\u00e9passe les 6&nbsp;%, et les grilles de r\u00e9mun\u00e9ration n&rsquo;ont toujours pas fait l&rsquo;objet du chantier structurel lanc\u00e9 en&nbsp;2021.<\/em><\/p>\n\n\n\n<p><em>Le tassement des grilles indiciaires et celui des r\u00e9mun\u00e9rations qui en d\u00e9coule entra\u00eenent une \u00e9rosion du pouvoir d&rsquo;achat, des difficult\u00e9s manag\u00e9riales et un sentiment de non-reconnaissance. La derni\u00e8re augmentation du SMIC au 1<sup>er<\/sup>&nbsp;janvier, en b\u00e9n\u00e9ficiant \u00e0 400.000 agents publics, rappelle que 8&nbsp;% des fonctionnaires sont pay\u00e9s au salaire minimum.<\/em><\/p>\n\n\n\n<p><em>Elle signifie \u00e9galement qu&rsquo;un agent de cat\u00e9gorie B (technicien, auxiliaire de pu\u00e9riculture, \u2026) en d\u00e9but de carri\u00e8re per\u00e7oit une r\u00e9mun\u00e9ration indiciaire sup\u00e9rieure de 14,5&nbsp;euros au SMIC, et qu&rsquo;un agent de cat\u00e9gorie A (enseignant, cadre administratif, biblioth\u00e9caire\u2026) en d\u00e9but de carri\u00e8re a une r\u00e9mun\u00e9ration sup\u00e9rieure de 179&nbsp;euros au SMIC.<\/em><\/p>\n\n\n\n<p><em>On le sait, la r\u00e9mun\u00e9ration n&rsquo;est pas le seul facteur d&rsquo;attractivit\u00e9, mais elle est souvent primordiale dans les choix qu&rsquo;ont \u00e0 faire les jeunes. C&rsquo;est pourquoi les attentes salariales sont l\u00e9gitimes en raison du maintien du pouvoir d&rsquo;achat, de la promotion de l&rsquo;attractivit\u00e9 et de la qualit\u00e9 des services publics.<\/em><\/p>\n\n\n\n<p><em>Rester attractif sur le march\u00e9 de l&#8217;emploi exige de rouvrir des discussions, voire des n\u00e9gociations, sur des mesures g\u00e9n\u00e9rales imm\u00e9diates&nbsp;: hausse de la valeur du point ou ajout de points. Le gouvernement doit ouvrir rapidement la porte des discussions. Il y a urgence.<\/em><\/p>\n\n\n\n<p><em>Le chantier annonc\u00e9 par le ministre Stanislas Gu\u00e9rini ne doit pas geler, le temps qu&rsquo;il se termine, les \u00e9volutions salariales pressantes. Il doit construire un dispositif p\u00e9renne. Il ne s&rsquo;agirait pas d&rsquo;indexer la valeur du point sur l&rsquo;inflation, ce qui favoriserait les plus hautes r\u00e9mun\u00e9rations, mais de construire un indicateur partag\u00e9 pour donner de la visibilit\u00e9 aux agents publics sur leur pouvoir d&rsquo;achat.<\/em><\/p>\n\n\n\n<p><em>Int\u00e9grer les mont\u00e9es en comp\u00e9tences au long de la carri\u00e8re et valoriser les qualifications et prises de responsabilit\u00e9s devra aussi \u00eatre un axe fort. Comme un travail sur les politiques RH pour notamment encadrer le recours aux parts variables individuelles en les objectivant et en valorisant plus la dimension collective du travail.<\/em><\/p>\n\n\n\n<p><em>L&rsquo;enjeu des politiques de r\u00e9mun\u00e9ration est aussi celui de la qualit\u00e9 du service public, voire de sa continuit\u00e9.<\/em><\/p>\n\n\n\n<p><strong>Myl\u00e8ne Jacquot,&nbsp;<\/strong><em>Secr\u00e9taire g\u00e9n\u00e9rale CFDT fonction publique<\/em><\/p>\n\n\n\n<p><strong>Johan Theuret,<\/strong><em>&nbsp;Cofondateur du Sens du service public<\/em><\/p>\n","protected":false},"excerpt":{"rendered":"<p>Il est grand temps de renouer un pacte r\u00e9publicain pour refaire des services publics un vecteur de qualit\u00e9 de vie et l&rsquo;expression de nos valeurs de solidarit\u00e9, soulignent Myl\u00e8ne Jacquot et Johan Theuret. La mobilisation contre le projet de r\u00e9forme des retraites continue car&nbsp;#64ansCestNon&nbsp;! Nul ne sait mesurer les cons\u00e9quences<\/p>\n","protected":false},"author":19,"featured_media":0,"comment_status":"closed","ping_status":"open","sticky":false,"template":"","format":"standard","meta":{"footnotes":""},"categories":[5],"tags":[],"class_list":["post-34340","post","type-post","status-publish","format-standard","hentry","category-epst","ct-col-2"],"amp_enabled":true,"_links":{"self":[{"href":"https:\/\/cfdt-recherche-epst.org\/index.php?rest_route=\/wp\/v2\/posts\/34340","targetHints":{"allow":["GET"]}}],"collection":[{"href":"https:\/\/cfdt-recherche-epst.org\/index.php?rest_route=\/wp\/v2\/posts"}],"about":[{"href":"https:\/\/cfdt-recherche-epst.org\/index.php?rest_route=\/wp\/v2\/types\/post"}],"author":[{"embeddable":true,"href":"https:\/\/cfdt-recherche-epst.org\/index.php?rest_route=\/wp\/v2\/users\/19"}],"replies":[{"embeddable":true,"href":"https:\/\/cfdt-recherche-epst.org\/index.php?rest_route=%2Fwp%2Fv2%2Fcomments&post=34340"}],"version-history":[{"count":1,"href":"https:\/\/cfdt-recherche-epst.org\/index.php?rest_route=\/wp\/v2\/posts\/34340\/revisions"}],"predecessor-version":[{"id":34341,"href":"https:\/\/cfdt-recherche-epst.org\/index.php?rest_route=\/wp\/v2\/posts\/34340\/revisions\/34341"}],"wp:attachment":[{"href":"https:\/\/cfdt-recherche-epst.org\/index.php?rest_route=%2Fwp%2Fv2%2Fmedia&parent=34340"}],"wp:term":[{"taxonomy":"category","embeddable":true,"href":"https:\/\/cfdt-recherche-epst.org\/index.php?rest_route=%2Fwp%2Fv2%2Fcategories&post=34340"},{"taxonomy":"post_tag","embeddable":true,"href":"https:\/\/cfdt-recherche-epst.org\/index.php?rest_route=%2Fwp%2Fv2%2Ftags&post=34340"}],"curies":[{"name":"wp","href":"https:\/\/api.w.org\/{rel}","templated":true}]}}