{"id":34540,"date":"2023-04-18T17:41:49","date_gmt":"2023-04-18T16:41:49","guid":{"rendered":"https:\/\/epst-sgen-cfdt.org\/?p=34540"},"modified":"2024-09-12T14:03:41","modified_gmt":"2024-09-12T13:03:41","slug":"le-1er-mai-cassons-la-baraque","status":"publish","type":"post","link":"https:\/\/cfdt-recherche-epst.org\/?p=34540","title":{"rendered":"Le 1er mai, \u201ccassons la baraque\u201d !"},"content":{"rendered":"\n<p><a href=\"https:\/\/www.syndicalismehebdo.fr\/article\/le-1er-mai-cassons-la-baraque\" target=\"_blank\" rel=\"noreferrer noopener\">Par&nbsp;Marylise L\u00e9on\u2014 Publi\u00e9 le 18\/04\/2023 \u00e0 14h00<\/a><\/p>\n\n\n\n<figure class=\"wp-block-image\"><img decoding=\"async\" src=\"https:\/\/api.www.syndicalismehebdo.fr\/media\/cache\/article_thumb_big\/uploads\/media\/2022\/11\/marylise-leon-rs-centzmann-636d13d0a1c1d577637276.jpg\" alt=\"Marylise L\u00e9on, secr\u00e9taire g\u00e9n\u00e9rale adjointe de la CFDT\"\/><figcaption class=\"wp-element-caption\">Marylise L\u00e9on, secr\u00e9taire g\u00e9n\u00e9rale adjointe de la CFDT\u00a9 Cyril Entzmann<\/figcaption><\/figure>\n\n\n\n<p>La CFDT a pris acte de la d\u00e9cision du Conseil constitutionnel de valider, pour l\u2019essentiel, la r\u00e9forme des retraites. Pour autant, la partie n\u2019est pas termin\u00e9e&nbsp;: les rares \u00ab&nbsp;amortisseurs&nbsp;\u00bb aux 64&nbsp;ans \u2013&nbsp;notamment en ce qui concerne l\u2019emploi des seniors ou la prise en compte de la p\u00e9nibilit\u00e9&nbsp;\u2013 ont \u00e9t\u00e9 censur\u00e9s, ce qui rend la loi encore plus brutale et injuste. Alors que la CFDT appelait une \u00e9ni\u00e8me fois \u00e0 l\u2019apaisement, le pr\u00e9sident de la R\u00e9publique a choisi de promulguer la loi le plus rapidement possible. Dans ce contexte, nul doute que le ressentiment social n\u00e9 de la surdit\u00e9 de l\u2019ex\u00e9cutif face \u00e0 une mobilisation syndicale pacifique, et d\u2019une ampleur jamais vue depuis des d\u00e9cennies, va perdurer.<\/p>\n\n\n\n<p>C\u2019est pourquoi la CFDT, \u00e0 l\u2019unisson avec l\u2019intersyndicale, appelle les travailleurs et les travailleuses \u00e0 se mobiliser le 1<sup>er<\/sup>&nbsp;mai prochain en venant tr\u00e8s nombreux, en famille, dans des mobilisations populaires, festives, conviviales, pour dire oui \u00e0 une autre vision du travail et non aux 64&nbsp;ans&nbsp;!<\/p>\n\n\n\n<p>Ce 1<sup>er<\/sup>-Mai, que nous voulons historique en mati\u00e8re de mobilisation, doit \u00eatre une nouvelle d\u00e9monstration de la force du monde du travail&nbsp;: des travailleuses et travailleurs d\u00e9termin\u00e9s, qui aspirent d\u2019abord \u00e0 la juste reconnaissance de leur travail, au respect et \u00e0 la dignit\u00e9.<\/p>\n\n\n\n<p>Ce 1<sup>er<\/sup>-Mai doit \u00e9galement \u00eatre une nouvelle d\u00e9monstration de la force du syndicalisme, de l\u2019action collective et de l\u2019engagement&nbsp;!<\/p>\n\n\n\n<p>\u00c0 PROPOS DE L&rsquo;AUTEUR<strong><a href=\"https:\/\/www.syndicalismehebdo.fr\/auteur\/marylise-leon\">Marylise L\u00e9on<\/a><\/strong><\/p>\n\n\n\n<p>secr\u00e9taire g\u00e9n\u00e9rale adjointe de la CFDT<\/p>\n","protected":false},"excerpt":{"rendered":"<p>Par&nbsp;Marylise L\u00e9on\u2014 Publi\u00e9 le 18\/04\/2023 \u00e0 14h00 La CFDT a pris acte de la d\u00e9cision du Conseil constitutionnel de valider, pour l\u2019essentiel, la r\u00e9forme des retraites. Pour autant, la partie n\u2019est pas termin\u00e9e&nbsp;: les rares \u00ab&nbsp;amortisseurs&nbsp;\u00bb aux 64&nbsp;ans \u2013&nbsp;notamment en ce qui concerne l\u2019emploi des seniors ou la prise en<\/p>\n","protected":false},"author":19,"featured_media":0,"comment_status":"closed","ping_status":"open","sticky":false,"template":"","format":"standard","meta":{"footnotes":""},"categories":[5],"tags":[],"class_list":["post-34540","post","type-post","status-publish","format-standard","hentry","category-epst","ct-col-2"],"amp_enabled":true,"_links":{"self":[{"href":"https:\/\/cfdt-recherche-epst.org\/index.php?rest_route=\/wp\/v2\/posts\/34540","targetHints":{"allow":["GET"]}}],"collection":[{"href":"https:\/\/cfdt-recherche-epst.org\/index.php?rest_route=\/wp\/v2\/posts"}],"about":[{"href":"https:\/\/cfdt-recherche-epst.org\/index.php?rest_route=\/wp\/v2\/types\/post"}],"author":[{"embeddable":true,"href":"https:\/\/cfdt-recherche-epst.org\/index.php?rest_route=\/wp\/v2\/users\/19"}],"replies":[{"embeddable":true,"href":"https:\/\/cfdt-recherche-epst.org\/index.php?rest_route=%2Fwp%2Fv2%2Fcomments&post=34540"}],"version-history":[{"count":2,"href":"https:\/\/cfdt-recherche-epst.org\/index.php?rest_route=\/wp\/v2\/posts\/34540\/revisions"}],"predecessor-version":[{"id":34581,"href":"https:\/\/cfdt-recherche-epst.org\/index.php?rest_route=\/wp\/v2\/posts\/34540\/revisions\/34581"}],"wp:attachment":[{"href":"https:\/\/cfdt-recherche-epst.org\/index.php?rest_route=%2Fwp%2Fv2%2Fmedia&parent=34540"}],"wp:term":[{"taxonomy":"category","embeddable":true,"href":"https:\/\/cfdt-recherche-epst.org\/index.php?rest_route=%2Fwp%2Fv2%2Fcategories&post=34540"},{"taxonomy":"post_tag","embeddable":true,"href":"https:\/\/cfdt-recherche-epst.org\/index.php?rest_route=%2Fwp%2Fv2%2Ftags&post=34540"}],"curies":[{"name":"wp","href":"https:\/\/api.w.org\/{rel}","templated":true}]}}