{"id":36764,"date":"2024-03-25T11:16:16","date_gmt":"2024-03-25T10:16:16","guid":{"rendered":"https:\/\/epst-sgen-cfdt.org\/?p=36764"},"modified":"2024-03-25T11:16:17","modified_gmt":"2024-03-25T10:16:17","slug":"la-recherche-pilier-de-la-demesure-actuelle-sert-la-volonte-de-puissance","status":"publish","type":"post","link":"https:\/\/cfdt-recherche-epst.org\/?p=36764","title":{"rendered":"\u00ab\u00a0La recherche, pilier de la d\u00e9mesure actuelle, sert la volont\u00e9 de puissance\u00a0\u00bb"},"content":{"rendered":"\n<figure class=\"wp-block-image size-full is-resized\"><a href=\"https:\/\/www.lemonde.fr\/sciences\/article\/2024\/03\/05\/la-recherche-pilier-de-la-demesure-actuelle-sert-la-volonte-de-puissance_6220225_1650684.html\"><img loading=\"lazy\" decoding=\"async\" width=\"216\" height=\"128\" src=\"https:\/\/cfdt-recherche-epst.org\/wp-content\/uploads\/2023\/09\/Le-Monde.png\" alt=\"\" class=\"wp-image-35578\" style=\"width:125px;height:auto\"\/><\/a><\/figure>\n\n\n\n<p>Directeur de recherche au CNRS, Fran\u00e7ois Graner appelle, dans une tribune au \u00ab\u00a0Monde\u00a0\u00bb, \u00e0 s\u2019interroger sur les enjeux, les motivations et les impacts de la recherche scientifique, moteur d\u2019une croissance \u00e9conomique destructrice. Et pr\u00f4ne la d\u00e9croissance.<\/p>\n\n\n\n<p>La croissance \u00e9conomique se heurte aux limites physiques de la plan\u00e8te, et la ravage. Or la recherche est un moteur de cette croissance. Faute d\u2019expliciter cet impact indirect et essentiel de la recherche, les d\u00e9bats sur son utilit\u00e9 se limitent g\u00e9n\u00e9ralement \u00e0 ses retomb\u00e9es directes.<\/p>\n\n\n\n<p>Les promoteurs de la recherche soulignent p\u00eale-m\u00eale que la curiosit\u00e9 et le recours \u00e0 la technique sont deux caract\u00e9ristiques fondamentales de l\u2019esp\u00e8ce humaine, ou que la recherche contribue au confort mat\u00e9riel et \u00e0 la long\u00e9vit\u00e9. Toutes aussi disparates, les critiques de la recherche portent sur ses applications militaires ou soci\u00e9tales&nbsp;: manipulation du vivant, poursuite sans frein du profit, d\u00e9gradation du corps humain en marchandise.<\/p>\n\n\n\n<p>Il est impossible d\u2019en tirer une analyse b\u00e9n\u00e9fice-risque valide, aucune compagnie d\u2019assurances ne peut garantir la recherche, car elle a une sp\u00e9cificit\u00e9&nbsp;: ses retomb\u00e9es sont impr\u00e9visibles, peuvent parfois se faire sentir apr\u00e8s plusieurs si\u00e8cles, et ne peuvent pas s\u2019anticiper par une analyse statistique du pass\u00e9.<\/p>\n\n\n\n<p>Prenons l\u2019exemple de la virologie. S\u00e9par\u00e9ment, deux \u00e9quipes de virologues, au Japon et aux Pays-Bas, ont modifi\u00e9 le virus de grippe aviaire H5N1&nbsp;en&nbsp;2011, et l\u2019ont rendu contaminant pour des cellules de mammif\u00e8res. L\u2019objectif annonc\u00e9, celui d\u2019\u00eatre pr\u00eat \u00e0 r\u00e9aliser vite un vaccin humain en cas de pand\u00e9mie, \u00e9tait irr\u00e9aliste, les virus \u00e9tant trop variables pour \u00eatre pr\u00e9visibles (contre le Covid-19, c\u2019est une strat\u00e9gie diff\u00e9rente qui s\u2019est r\u00e9v\u00e9l\u00e9e pertinente).<\/p>\n\n\n\n<h2 class=\"wp-block-heading\">Des exp\u00e9riences d\u2019apprenti sorcier<\/h2>\n\n\n\n<p>En revanche, le risque \u00e9tait r\u00e9el\u00a0: en\u00a02014, au vu de la fr\u00e9quence des accidents de laboratoire, les Etats-Unis ont instaur\u00e9 un moratoire sur le financement des recherches dites \u00ab\u00a0pr\u00e9occupantes\u00a0\u00bb en virologie\u00a0; des amendements lui ont fait perdre toute port\u00e9e d\u00e8s 2017. Entre-temps, des chercheurs de Caroline du Nord ont transf\u00e9r\u00e9 leurs exp\u00e9riences vers Wuhan, en Chine, pour aller plus vite et \u00e0 moindre co\u00fbt. On ne sait toujours pas si le SARS-CoV-2 en est issu. En revanche, on sait que, pendant la pand\u00e9mie de Covid-19, des fuites de laboratoire ont \u00e9t\u00e9 enregistr\u00e9es, entre autres \u00e0 Ta\u00efwan en octobre et novembre\u00a02021. En\u00a02022, en plein c\u0153ur de Boston, des chercheurs ont construit un virus combinant la contagiosit\u00e9 du variant Omicron avec la l\u00e9talit\u00e9 d\u2019un des premiers variants. Risque de pand\u00e9mie contre promesse de vaccin\u00a0: quel bilan en tirer\u00a0?<\/p>\n\n\n\n<p>L\u2019impact indirect est certain et plus grave. Plus g\u00e9n\u00e9ralement, soulignent des collectifs critiques comme Pi\u00e8ces et main d\u2019\u0153uvre ou le groupe Grothendieck, la recherche sert la comp\u00e9tition et la volont\u00e9 de puissance. D\u2019o\u00f9 ses impacts indirects sur l\u2019\u00e9tat de la plan\u00e8te, bien plus significatifs que ses impacts directs. Elle est un pilier de la d\u00e9mesure actuelle, et de la qu\u00eate de l\u2019illimit\u00e9, qui se manifeste entre autres par des exp\u00e9riences d\u2019apprenti sorcier&nbsp;: transhumanisme, for\u00e7age g\u00e9n\u00e9tique, colonisation de Mars ou interface cerveau-machine.<\/p>\n\n\n\n<p>Il s\u2019agit bien l\u00e0 de toute la recherche, publique ou priv\u00e9e, civile ou militaire, acad\u00e9mique ou industrielle, fondamentale ou appliqu\u00e9e. Toutes disciplines confondues, sciences humaines comprises&nbsp;: la g\u00e9ographie, l\u2019arch\u00e9ologie, l\u2019anthropologie, la psychologie et la sociologie ont contribu\u00e9 \u00e0 la volont\u00e9 de puissance.<\/p>\n\n\n\n<p>Gr\u00e2ce \u00e0 la recherche, la croissance se poursuivra-t-elle tout en r\u00e9duisant ses impacts sur l\u2019\u00e9nergie, les mati\u00e8res et l\u2019environnement&nbsp;? Cette chim\u00e8re de \u00ab&nbsp;croissance verte&nbsp;\u00bb ou de \u00ab&nbsp;d\u00e9veloppement durable&nbsp;\u00bb ne repose ni sur une base th\u00e9orique consensuelle ni sur des exp\u00e9riences g\u00e9n\u00e9ralisables. Orienter en cons\u00e9quence les choix \u00e9conomiques et industriels rel\u00e8ve au mieux de la na\u00efvet\u00e9, au pire de la duperie. Car les gains en efficacit\u00e9 que permet la recherche induisent l\u2019augmentation des usages, et donc in fine de l\u2019impact total&nbsp;: cet \u00ab&nbsp;effet rebond&nbsp;\u00bb est \u00e9vident pour le num\u00e9rique.<\/p>\n\n\n\n<h2 class=\"wp-block-heading\">Sortir du capitalisme n\u00e9olib\u00e9ral<\/h2>\n\n\n\n<p>Tandis qu\u2019am\u00e9liorer le recyclage n\u2019est pas impossible, le r\u00eave actuel d\u2019une \u00ab\u00a0\u00e9conomie circulaire\u00a0\u00bb (qui produirait biens et services en pr\u00e9levant tr\u00e8s peu d\u2019\u00e9nergie et nulle mati\u00e8re) est aussi peu compatible avec les principes de la physique que la vieille qu\u00eate de la machine \u00e0 mouvement perp\u00e9tuel. Plus g\u00e9n\u00e9ralement, au sein d\u2019un syst\u00e8me complexe, une solution technique \u00e0 un probl\u00e8me pr\u00e9cis en engendre in\u00e9luctablement d\u2019autres. Le dernier num\u00e9ro de la revue <em>Raison pr\u00e9sente<\/em> d\u00e9crypte des fausses bonnes id\u00e9es, comme la manipulation de l\u2019atmosph\u00e8re cens\u00e9e stabiliser le climat (la g\u00e9o-ing\u00e9nierie).<\/p>\n\n\n\n<p>Alors que faire&nbsp;?<\/p>\n\n\n\n<p>Face \u00e0 un tel probl\u00e8me de fond, une loi, une convention citoyenne, un comit\u00e9 d\u2019\u00e9thique, un appel \u00e0 la responsabilit\u00e9 des chercheurs (certes potentiellement utiles par ailleurs) interviennent trop peu, trop lentement, trop en aval. La priorit\u00e9 est de sortir du capitalisme n\u00e9olib\u00e9ral, et plus g\u00e9n\u00e9ralement de la volont\u00e9 de puissance.<\/p>\n\n\n\n<p>Car la prudence consiste \u00e0 accepter les limites, respecter l\u2019environnement et lutter contre les in\u00e9galit\u00e9s sociales et g\u00e9ographiques. Et pour cela r\u00e9duire massivement la taille et la puissance des activit\u00e9s humaines, de m\u00eame que la consommation de ressources. Cela s\u2019appelle la d\u00e9croissance. Elle fait face \u00e0 des obstacles humains et non physiques. D\u00e8s lors, elle est plus r\u00e9aliste qu\u2019une croissance verte&nbsp;ou infinie.<\/p>\n\n\n\n<p>C\u2019est seulement quand on aura chang\u00e9 ce socle et ces valeurs qu\u2019on aura un cadre correct pour concevoir et refonder une recherche utile.<\/p>\n\n\n\n<p><strong>Fran\u00e7ois Graner,<\/strong> directeur de recherche CNRS au laboratoire Mati\u00e8re et syst\u00e8mes complexes, universit\u00e9 Paris Cit\u00e9.<\/p>\n","protected":false},"excerpt":{"rendered":"<p>Directeur de recherche au CNRS, Fran\u00e7ois Graner appelle, dans une tribune au \u00ab\u00a0Monde\u00a0\u00bb, \u00e0 s\u2019interroger sur les enjeux, les motivations et les impacts de la recherche scientifique, moteur d\u2019une croissance \u00e9conomique destructrice. Et pr\u00f4ne la d\u00e9croissance. La croissance \u00e9conomique se heurte aux limites physiques de la plan\u00e8te, et la ravage.<\/p>\n","protected":false},"author":19,"featured_media":0,"comment_status":"closed","ping_status":"open","sticky":false,"template":"","format":"standard","meta":{"footnotes":""},"categories":[624,444,248],"tags":[],"class_list":["post-36764","post","type-post","status-publish","format-standard","hentry","category-newsletter","category-recherche","category-revue-de-presse","ct-col-2"],"amp_enabled":true,"_links":{"self":[{"href":"https:\/\/cfdt-recherche-epst.org\/index.php?rest_route=\/wp\/v2\/posts\/36764","targetHints":{"allow":["GET"]}}],"collection":[{"href":"https:\/\/cfdt-recherche-epst.org\/index.php?rest_route=\/wp\/v2\/posts"}],"about":[{"href":"https:\/\/cfdt-recherche-epst.org\/index.php?rest_route=\/wp\/v2\/types\/post"}],"author":[{"embeddable":true,"href":"https:\/\/cfdt-recherche-epst.org\/index.php?rest_route=\/wp\/v2\/users\/19"}],"replies":[{"embeddable":true,"href":"https:\/\/cfdt-recherche-epst.org\/index.php?rest_route=%2Fwp%2Fv2%2Fcomments&post=36764"}],"version-history":[{"count":1,"href":"https:\/\/cfdt-recherche-epst.org\/index.php?rest_route=\/wp\/v2\/posts\/36764\/revisions"}],"predecessor-version":[{"id":36765,"href":"https:\/\/cfdt-recherche-epst.org\/index.php?rest_route=\/wp\/v2\/posts\/36764\/revisions\/36765"}],"wp:attachment":[{"href":"https:\/\/cfdt-recherche-epst.org\/index.php?rest_route=%2Fwp%2Fv2%2Fmedia&parent=36764"}],"wp:term":[{"taxonomy":"category","embeddable":true,"href":"https:\/\/cfdt-recherche-epst.org\/index.php?rest_route=%2Fwp%2Fv2%2Fcategories&post=36764"},{"taxonomy":"post_tag","embeddable":true,"href":"https:\/\/cfdt-recherche-epst.org\/index.php?rest_route=%2Fwp%2Fv2%2Ftags&post=36764"}],"curies":[{"name":"wp","href":"https:\/\/api.w.org\/{rel}","templated":true}]}}