{"id":37031,"date":"2024-04-29T16:53:12","date_gmt":"2024-04-29T15:53:12","guid":{"rendered":"https:\/\/epst-sgen-cfdt.org\/?p=37031"},"modified":"2024-05-21T09:44:55","modified_gmt":"2024-05-21T08:44:55","slug":"manifeste-feministe-de-la-cfdt","status":"publish","type":"post","link":"https:\/\/cfdt-recherche-epst.org\/?p=37031","title":{"rendered":"Manifeste F\u00e9ministe de la CFDT"},"content":{"rendered":"\n<figure class=\"wp-block-image size-full\"><img loading=\"lazy\" decoding=\"async\" width=\"300\" height=\"168\" src=\"https:\/\/cfdt-recherche-epst.org\/wp-content\/uploads\/2023\/11\/Logo-CFDT-300x168-1.png\" alt=\"\" class=\"wp-image-36061\"\/><\/figure>\n\n\n\n<p>La d\u00e9fense des droits des femmes et la lutte pour l\u2019\u00e9galit\u00e9 avec les hommes sont des combats enracin\u00e9s dans l\u2019histoire de la CFDT et r\u00e9affirm\u00e9s au congr\u00e8s conf\u00e9d\u00e9ral de Lyon.<\/p>\n\n\n\n<p>Nous pouvons et nous devons nous en pr\u00e9valoir quand pr\u00e8s de 70 % de nos concitoyennes et de nos concitoyens disent que ce combat est tr\u00e8s important. C\u2019est la raison pour laquelle la CFDT a choisi de publier son <a href=\"https:\/\/www.cfdt.fr\/portail\/manifeste-feministe-de-la-cfdt-avril-2024-srv1_1353417\" target=\"_blank\" rel=\"noreferrer noopener\">manifeste f\u00e9ministe<\/a>, qui s\u2019inscrit dans ses valeurs d\u2019\u00e9mancipation, d\u2019\u00e9galit\u00e9, de dignit\u00e9 et de solidarit\u00e9. Valid\u00e9 par le Bureau national, ce manifeste regroupe les principales positions de principe et revendications CFDT. Il \u00e9claire le caract\u00e8re syst\u00e9mique des in\u00e9galit\u00e9s entre les femmes et les hommes, sans sombrer dans une victimisation excessive.<\/p>\n\n\n\n<p>Les droits des femmes et leur \u00e9mancipation \u00e9conomique ont \u00e9videmment progress\u00e9 ces cinquante derni\u00e8res ann\u00e9es, et il est vrai que l\u2019\u00e9cart du taux d\u2019activit\u00e9 se r\u00e9duit, de 31 % en 1975 il est pass\u00e9 de 8 % en 2023. Mais il nous reste du chemin pour atteindre l\u2019\u00e9galit\u00e9 r\u00e9elle.<\/p>\n\n\n\n<p>Les st\u00e9r\u00e9otypes de genre perdurent et marquent tant la vie familiale que le monde du travail. Cela se traduit professionnellement par une sous-repr\u00e9sentation des hommes dans les m\u00e9tiers du soin et une concentration des femmes dans une dizaine de m\u00e9tiers.<\/p>\n\n\n\n<p>Les \u00e9carts de salaires, quant \u00e0 eux, restent en moyenne de 24&nbsp;% en 2024. Nous n\u2019avons progress\u00e9 que de 3&nbsp;points en vingt-cinq ans\u2026 Il est donc plus que temps de faire progresser l\u2019\u00e9galit\u00e9 professionnelle&nbsp;: les travailleuses, bien s\u00fbr, et les travailleurs nous attendent et s\u2019impatientent&nbsp;!<br><br>B\u00e9atrice Lestic, secr\u00e9taire nationale<\/p>\n\n\n\n<figure class=\"wp-block-image size-full\"><img loading=\"lazy\" decoding=\"async\" width=\"141\" height=\"200\" src=\"https:\/\/cfdt-recherche-epst.org\/wp-content\/uploads\/2024\/04\/image-3-e1714465287212.png\" alt=\"\" class=\"wp-image-37038\"\/><\/figure>\n","protected":false},"excerpt":{"rendered":"<p>La d\u00e9fense des droits des femmes et la lutte pour l\u2019\u00e9galit\u00e9 avec les hommes sont des combats enracin\u00e9s dans l\u2019histoire de la CFDT et r\u00e9affirm\u00e9s au congr\u00e8s conf\u00e9d\u00e9ral de Lyon. Nous pouvons et nous devons nous en pr\u00e9valoir quand pr\u00e8s de 70 % de nos concitoyennes et de nos concitoyens<\/p>\n","protected":false},"author":19,"featured_media":0,"comment_status":"closed","ping_status":"open","sticky":false,"template":"","format":"standard","meta":{"footnotes":""},"categories":[5,624],"tags":[],"class_list":["post-37031","post","type-post","status-publish","format-standard","hentry","category-epst","category-newsletter","ct-col-2"],"amp_enabled":true,"_links":{"self":[{"href":"https:\/\/cfdt-recherche-epst.org\/index.php?rest_route=\/wp\/v2\/posts\/37031","targetHints":{"allow":["GET"]}}],"collection":[{"href":"https:\/\/cfdt-recherche-epst.org\/index.php?rest_route=\/wp\/v2\/posts"}],"about":[{"href":"https:\/\/cfdt-recherche-epst.org\/index.php?rest_route=\/wp\/v2\/types\/post"}],"author":[{"embeddable":true,"href":"https:\/\/cfdt-recherche-epst.org\/index.php?rest_route=\/wp\/v2\/users\/19"}],"replies":[{"embeddable":true,"href":"https:\/\/cfdt-recherche-epst.org\/index.php?rest_route=%2Fwp%2Fv2%2Fcomments&post=37031"}],"version-history":[{"count":6,"href":"https:\/\/cfdt-recherche-epst.org\/index.php?rest_route=\/wp\/v2\/posts\/37031\/revisions"}],"predecessor-version":[{"id":37053,"href":"https:\/\/cfdt-recherche-epst.org\/index.php?rest_route=\/wp\/v2\/posts\/37031\/revisions\/37053"}],"wp:attachment":[{"href":"https:\/\/cfdt-recherche-epst.org\/index.php?rest_route=%2Fwp%2Fv2%2Fmedia&parent=37031"}],"wp:term":[{"taxonomy":"category","embeddable":true,"href":"https:\/\/cfdt-recherche-epst.org\/index.php?rest_route=%2Fwp%2Fv2%2Fcategories&post=37031"},{"taxonomy":"post_tag","embeddable":true,"href":"https:\/\/cfdt-recherche-epst.org\/index.php?rest_route=%2Fwp%2Fv2%2Ftags&post=37031"}],"curies":[{"name":"wp","href":"https:\/\/api.w.org\/{rel}","templated":true}]}}