{"id":38225,"date":"2024-10-08T10:38:55","date_gmt":"2024-10-08T09:38:55","guid":{"rendered":"https:\/\/cfdt-recherche-epst.org\/?p=38225"},"modified":"2024-10-08T10:38:55","modified_gmt":"2024-10-08T09:38:55","slug":"les-pistes-du-pacte-du-pouvoir-de-vivre-pour-le-projet-de-loi-de-finances-2025","status":"publish","type":"post","link":"https:\/\/cfdt-recherche-epst.org\/?p=38225","title":{"rendered":"Les pistes du Pacte du pouvoir de vivre pour le Projet de Loi de Finances 2025"},"content":{"rendered":"\n<figure class=\"wp-block-image size-large is-resized\"><img loading=\"lazy\" decoding=\"async\" width=\"1024\" height=\"410\" src=\"https:\/\/cfdt-recherche-epst.org\/wp-content\/uploads\/2024\/10\/pacte-du-pouvoir-de-vivre-1024x410.png\" alt=\"\" class=\"wp-image-38226\" style=\"width:160px;height:auto\" srcset=\"https:\/\/cfdt-recherche-epst.org\/wp-content\/uploads\/2024\/10\/pacte-du-pouvoir-de-vivre-1024x410.png 1024w, https:\/\/cfdt-recherche-epst.org\/wp-content\/uploads\/2024\/10\/pacte-du-pouvoir-de-vivre-300x120.png 300w, https:\/\/cfdt-recherche-epst.org\/wp-content\/uploads\/2024\/10\/pacte-du-pouvoir-de-vivre-768x307.png 768w, https:\/\/cfdt-recherche-epst.org\/wp-content\/uploads\/2024\/10\/pacte-du-pouvoir-de-vivre-1536x614.png 1536w, https:\/\/cfdt-recherche-epst.org\/wp-content\/uploads\/2024\/10\/pacte-du-pouvoir-de-vivre-1170x468.png 1170w, https:\/\/cfdt-recherche-epst.org\/wp-content\/uploads\/2024\/10\/pacte-du-pouvoir-de-vivre.png 1830w\" sizes=\"auto, (max-width: 1024px) 100vw, 1024px\" \/><\/figure>\n\n\n\n<p>Le Pacte du pouvoir de vivre propose des pistes pour le Projet de Loi de Finances (PLF) 2025 qui sera d\u00e9battu prochainement \u00e0 l&rsquo;Assembl\u00e9e nationale.\u00a0Le collectif \u2013 qui compte 63 membres dont la CFDT &#8211; montrent qu&rsquo;il est possible de r\u00e9duire le d\u00e9ficit tout en pr\u00e9parant l\u2019avenir : transition \u00e9cologique juste, lutte contre la pauvret\u00e9, acc\u00e8s aux services publics, \u00e0 la sant\u00e9, \u00e0 l\u2019\u00e9ducation, \u00e0 l\u2019emploi. C\u2019est un choix politique.<\/p>\n\n\n\n<figure class=\"wp-block-image is-resized\"><img decoding=\"async\" src=\"https:\/\/assets.nationbuilder.com\/ppv\/pages\/936\/meta_images\/original\/Bercy.jpeg?1727875493\" alt=\"\" style=\"width:281px;height:auto\"\/><\/figure>\n\n\n\n<p><strong>Le d\u00e9bat budg\u00e9taire est un moment de v\u00e9rit\u00e9 de notre vie d\u00e9mocratique, elle-m\u00eame largement malmen\u00e9e ces derni\u00e8res ann\u00e9es et ces trois derniers mois. Un moment de v\u00e9rit\u00e9 qui ne peut pas se r\u00e9sumer \u00e0 un discours sur la r\u00e9duction des d\u00e9penses publiques comme seul projet d\u2019avenir.<\/strong><\/p>\n\n\n\n<p>M\u00eame dans un contexte de tension budg\u00e9taire, nous devons faire face aux d\u00e9fis qui sont devant nous en termes de justice sociale, de lutte contre la pauvret\u00e9 et de crise climatique et \u00e9cologique. La r\u00e9duction drastique des d\u00e9penses publiques fragiliserait \u00e0 la fois notre syst\u00e8me de protection sociale, notre capacit\u00e9 \u00e0 faire face au d\u00e9fi climatique et environnemental et notre \u00e9conomie. A l\u2019inverse, il existe aujourd\u2019hui des chemins pour concilier l\u2019\u00e9quilibre budg\u00e9taire et la pr\u00e9paration de notre avenir commun, celui qui donne acc\u00e8s \u00e0 chacun.e aux services publics et de sant\u00e9, \u00e0 l\u2019\u00e9ducation, \u00e0 une protection sociale qui lui permette de vivre dignement, aux b\u00e9n\u00e9fices d\u2019une transition \u00e9cologique juste au quotidien pour se d\u00e9placer, se loger ou encore se nourrir.<\/p>\n\n\n\n<p>C\u2019est la conviction des organisations du Pacte du pouvoir de vivre. Toutes ont parfaitement conscience de la n\u00e9cessit\u00e9 de r\u00e9duire le d\u00e9ficit. Mais pas \u00e0 n\u2019importe quel prix.&nbsp;<strong>C\u2019est pourquoi, elles proposent ici des pistes s\u00e9rieuses, responsables et efficaces qui gardent pour horizon la n\u00e9cessit\u00e9 de financer notre avenir commun par la transition \u00e9cologique juste, la reconstruction de nos services publics et de notre syst\u00e8me de sant\u00e9, le maintien d\u2019un haut niveau de protection sociale.<\/strong><\/p>\n\n\n\n<p><strong>&nbsp;R\u00e9duire le d\u00e9ficit tout en pr\u00e9parant notre avenir est possible : c\u2019est un choix politique.<\/strong><\/p>\n\n\n\n<h3 class=\"wp-block-heading\"><a href=\"https:\/\/assets.nationbuilder.com\/ppv\/pages\/936\/attachments\/original\/1727881511\/Propositions_PPV_PLF25_2oct24.pdf?1727881511\" target=\"_blank\" rel=\"noreferrer noopener\">T\u00e9l\u00e9charger nos pistes pour le PLF 2025<\/a><\/h3>\n","protected":false},"excerpt":{"rendered":"<p>Le Pacte du pouvoir de vivre propose des pistes pour le Projet de Loi de Finances (PLF) 2025 qui sera d\u00e9battu prochainement \u00e0 l&rsquo;Assembl\u00e9e nationale.\u00a0Le collectif \u2013 qui compte 63 membres dont la CFDT &#8211; montrent qu&rsquo;il est possible de r\u00e9duire le d\u00e9ficit tout en pr\u00e9parant l\u2019avenir : transition \u00e9cologique<\/p>\n","protected":false},"author":19,"featured_media":0,"comment_status":"closed","ping_status":"open","sticky":false,"template":"","format":"standard","meta":{"footnotes":""},"categories":[624,248],"tags":[],"class_list":["post-38225","post","type-post","status-publish","format-standard","hentry","category-newsletter","category-revue-de-presse","ct-col-2"],"amp_enabled":true,"_links":{"self":[{"href":"https:\/\/cfdt-recherche-epst.org\/index.php?rest_route=\/wp\/v2\/posts\/38225","targetHints":{"allow":["GET"]}}],"collection":[{"href":"https:\/\/cfdt-recherche-epst.org\/index.php?rest_route=\/wp\/v2\/posts"}],"about":[{"href":"https:\/\/cfdt-recherche-epst.org\/index.php?rest_route=\/wp\/v2\/types\/post"}],"author":[{"embeddable":true,"href":"https:\/\/cfdt-recherche-epst.org\/index.php?rest_route=\/wp\/v2\/users\/19"}],"replies":[{"embeddable":true,"href":"https:\/\/cfdt-recherche-epst.org\/index.php?rest_route=%2Fwp%2Fv2%2Fcomments&post=38225"}],"version-history":[{"count":1,"href":"https:\/\/cfdt-recherche-epst.org\/index.php?rest_route=\/wp\/v2\/posts\/38225\/revisions"}],"predecessor-version":[{"id":38227,"href":"https:\/\/cfdt-recherche-epst.org\/index.php?rest_route=\/wp\/v2\/posts\/38225\/revisions\/38227"}],"wp:attachment":[{"href":"https:\/\/cfdt-recherche-epst.org\/index.php?rest_route=%2Fwp%2Fv2%2Fmedia&parent=38225"}],"wp:term":[{"taxonomy":"category","embeddable":true,"href":"https:\/\/cfdt-recherche-epst.org\/index.php?rest_route=%2Fwp%2Fv2%2Fcategories&post=38225"},{"taxonomy":"post_tag","embeddable":true,"href":"https:\/\/cfdt-recherche-epst.org\/index.php?rest_route=%2Fwp%2Fv2%2Ftags&post=38225"}],"curies":[{"name":"wp","href":"https:\/\/api.w.org\/{rel}","templated":true}]}}