{"id":38560,"date":"2025-01-13T17:49:30","date_gmt":"2025-01-13T16:49:30","guid":{"rendered":"https:\/\/cfdt-recherche-epst.org\/?p=38560"},"modified":"2026-02-10T12:08:07","modified_gmt":"2026-02-10T11:08:07","slug":"webinaire-avenir-de-la-science-et-de-la-recherche-dans-les-epst","status":"publish","type":"post","link":"https:\/\/cfdt-recherche-epst.org\/?p=38560","title":{"rendered":"Webinaire \u00ab\u00a0Avenir de la science et de la recherche dans les EPST\u00a0\u00bb"},"content":{"rendered":"\n<h2 class=\"wp-block-heading\"><strong><mark style=\"background-color:rgba(0, 0, 0, 0)\" class=\"has-inline-color has-vivid-red-color\">Vid\u00e9os du webinaire<\/mark><\/strong><\/h2>\n\n\n\n<p>Retrouvez les vid\u00e9os du webinaire sur \u00ab\u00a0L&rsquo;avenir de la science et de la recherche dans les EPST\u00a0\u00bb, organis\u00e9 par la CFDT Recherche EPST, le jeudi 13 Mars 2025 sur cette page :<strong> <a href=\"https:\/\/webcast.in2p3.fr\/live\/webinaire-cfdt-recherche-epst\">Vid\u00e9os en VOD<\/a><\/strong><\/p>\n\n\n\n<h2 class=\"wp-block-heading\">D\u00e9roulement du webinaire<\/h2>\n\n\n\n<div class=\"wp-block-group\"><div class=\"wp-block-group__inner-container is-layout-constrained wp-block-group-is-layout-constrained\">\n<ul class=\"wp-block-list\">\n<li>Matin\n<ul class=\"wp-block-list\">\n<li>09h30 \u00e0 09h40 &#8211; Introduction<\/li>\n\n\n\n<li>10h00 \u00e0 11h30 &#8211; Europe de la recherche \/ Sciences, finances\n<ul class=\"wp-block-list\">\n<li>Animateur : <strong>Pierre-Yves SAILLANT<\/strong><\/li>\n\n\n\n<li>Invit\u00e9s :\n<ul class=\"wp-block-list\">\n<li><strong>Laurent BEAUVAIS<\/strong> \u2013 Pr\u00e9sident de la R\u00e9gion Basse-Normandie de 2008 \u00e0 2015, ancien Conseiller Ma\u00eetre en service extraordinaire \u00e0 la Cour des Comptes.<\/li>\n\n\n\n<li><strong>G\u00e9rard BLANCHARD<\/strong> \u2013 \u00c9cologue du milieu marin, Pr\u00e9sident de l\u2019universit\u00e9 de La Rochelle, Vice-pr\u00e9sident de la R\u00e9gion Nouvelle-Aquitaine en charge de l\u2019enseignement sup\u00e9rieur, de la recherche et de la technologie de 2015 \u00e0 2024.<\/li>\n\n\n\n<li><strong>Jean-Pierre BOURGUIGNON<\/strong> \u2013 Math\u00e9maticien, Pr\u00e9sident du Conseil Europ\u00e9en de la Recherche (ERC) de 2013 \u00e0 2020.<\/li>\n\n\n\n<li><strong>Eric KARSENTI<\/strong> \u2013 Biologiste, Directeur scientifique de l\u2019exp\u00e9dition TARA Oc\u00e9ans, m\u00e9daille d\u2019or CNRS, membre de l\u2019Acad\u00e9mie des Sciences.<\/li>\n<\/ul>\n<\/li>\n<\/ul>\n<\/li>\n\n\n\n<li>11h40 \u00e0 13h00 &#8211; Femmes de Sciences\n<ul class=\"wp-block-list\">\n<li>Animateur : <strong>Izolina LOPES<\/strong><\/li>\n\n\n\n<li>Invit\u00e9s :\n<ul class=\"wp-block-list\">\n<li><strong>Laetitia GRIMALDI<\/strong> \u2013 Secr\u00e9taire G\u00e9n\u00e9rale adjointe du syndicat CFDT Recherche EPST, conseill\u00e8re f\u00e9d\u00e9rale CFDT EFRP, Secr\u00e9taire de la fondation INRIA.<\/li>\n\n\n\n<li><strong>Annabelle KREMER-LECOINTRE<\/strong> \u2013 Professeure, Agr\u00e9g\u00e9e en Sciences de la Vie, autrice.<\/li>\n\n\n\n<li><strong>Dominique LEGLU<\/strong> \u2013 Physicienne, Directrice \u00e9ditoriale de <em>Sciences et Avenir<\/em> et de <em>La Recherche<\/em>.<\/li>\n<\/ul>\n<\/li>\n<\/ul>\n<\/li>\n<\/ul>\n<\/li>\n\n\n\n<li>Apr\u00e8s-Midi\n<ul class=\"wp-block-list\">\n<li>14h00 \u00e0 15h40 &#8211; Science, \u00c9thique et Loi \/ Sciences et D\u00e9ontologie \/ Science en soci\u00e9t\u00e9\n<ul class=\"wp-block-list\">\n<li>Animateur : <strong>Pierre-Yves SAILLANT<\/strong><\/li>\n\n\n\n<li>Invit\u00e9s :\n<ul class=\"wp-block-list\">\n<li><strong>Alain KAUFMANN<\/strong> \u2013 Sociologue, Biologiste, Directeur de l\u2019Unit\u00e9 de recherche-action, collaborative et participative (ColLaboratoire), Universit\u00e9 de Lausanne.<\/li>\n\n\n\n<li><strong>Julien MARY<\/strong> \u2013 Historien, R\u00e9f\u00e9rent scientifique MSH SUD Montpellier, membre du Bureau et du CA de l&rsquo;Alliance Sciences Soci\u00e9t\u00e9s (Alliss).<\/li>\n\n\n\n<li><strong>Claire MATHIEU<\/strong> \u2013 Informaticienne, membre de l\u2019Acad\u00e9mie des Sciences.<\/li>\n\n\n\n<li><strong>R\u00e9my MOSSERI<\/strong> \u2013 Physicien, R\u00e9f\u00e9rent \u00e0 l\u2019int\u00e9grit\u00e9 scientifique et Mission \u00e0 l\u2019int\u00e9grit\u00e9 scientifique du CNRS de 2018 \u00e0 2024.<\/li>\n<\/ul>\n<\/li>\n<\/ul>\n<\/li>\n\n\n\n<li>15h50 \u00e0 17h40 &#8211; Objectifs \/ \u00c9valuation de la recherche\n<ul class=\"wp-block-list\">\n<li>Animateur : <strong>Oliver SANDRE<\/strong><\/li>\n\n\n\n<li>Invit\u00e9s :\n<ul class=\"wp-block-list\">\n<li><strong>Laurent BEAUVAIS<\/strong> \u2013 Pr\u00e9sident de la R\u00e9gion Basse-Normandie de 2008 \u00e0 2015, ancien Conseiller Ma\u00eetre en service extraordinaire \u00e0 la Cour des Comptes.<\/li>\n\n\n\n<li><strong>Aur\u00e9lie BINOT<\/strong> \u2013 Anthropologue-agronome, CIRAD, Directrice adjointe MSH SUD Montpellier.<\/li>\n\n\n\n<li><strong>Vincent DELOS<\/strong> \u2013 Informaticien en calcul scientifique, CNRS &#8211; Universit\u00e9 de Bordeaux, \u00c9lu au Comit\u00e9 National de la Recherche Scientifique dans la 9e section.<\/li>\n\n\n\n<li><strong>Philippe LAREDO<\/strong> \u2013 \u00c9conomiste, Universit\u00e9 de Manchester &#8211; Universit\u00e9 Gustave Eiffel (LISIS, Laboratoire Interdisciplinaire Sciences, Innovations, Soci\u00e9t\u00e9s).<\/li>\n\n\n\n<li><strong>Emmanuel THOME<\/strong> \u2013 Informaticien, membre de la Commission d\u2019\u00c9valuation d\u2019Inria 2019-2023.<\/li>\n<\/ul>\n<\/li>\n<\/ul>\n<\/li>\n\n\n\n<li>17h40 \u00e0 18h00 &#8211; Conclusion<\/li>\n<\/ul>\n<\/li>\n<\/ul>\n<\/div><\/div>\n\n\n\n<h2 class=\"wp-block-heading\">Notre motion en 3 volets<\/h2>\n\n\n\n<p>Le premier volet est centr\u00e9 sur des principes \u00e9thiques, l\u2019inclusivit\u00e9, ainsi qu\u2019une&nbsp;r\u00e9\u00e9valuation des modes de financement et d\u2019\u00e9valuation de la recherche publique.&nbsp;\u00c0 l\u2019heure o\u00f9 la soci\u00e9t\u00e9 est confront\u00e9e \u00e0 des d\u00e9fis majeurs, tels que la transition \u00e9cologique et la mont\u00e9e des th\u00e9ories complotistes, il est fondamental de repenser la relation entre science, soci\u00e9t\u00e9 et politique. <a href=\"https:\/\/cfdt-recherche-epst.org\/?p=38166\">https:\/\/cfdt-recherche-epst.org\/?p=38166<\/a><\/p>\n\n\n\n<p>Dans le second volet,&nbsp;plusieurs mesures pour d\u00e9construire les st\u00e9r\u00e9otypes de genre et rendre les carri\u00e8res scientifiques plus accessibles aux femmes. Elle plaide aussi pour une r\u00e9forme de l\u2019\u00e9valuation des chercheurs. Plut\u00f4t que de se baser sur des indicateurs purement quantitatifs tels que le nombre de publications ou les facteurs d\u2019impact, il est temps de revenir \u00e0 des crit\u00e8res qualitatifs : l\u2019originalit\u00e9, la pertinence et la reproductibilit\u00e9 des travaux doivent \u00eatre les v\u00e9ritables mesures de la contribution scientifique. <a href=\"https:\/\/cfdt-recherche-epst.org\/?p=38168\">https:\/\/cfdt-recherche-epst.org\/?p=38168<\/a><\/p>\n\n\n\n<p>Dans le dernier volet, la CFDT Recherche EPST affirme que la communaut\u00e9 scientifique fran\u00e7aise a d\u00e9montr\u00e9, \u00e0 de nombreuses reprises, sa capacit\u00e9 \u00e0 produire des r\u00e9sultats d\u2019exception. Encore faut-il lui donner les moyens d\u2019exercer pleinement son r\u00f4le, sans la contraindre \u00e0 r\u00e9pondre exclusivement aux imp\u00e9ratifs \u00e9conomiques \u00e0 court terme. La CFDT Recherche EPST plaide pour une recherche publique forte, ind\u00e9pendante et bien financ\u00e9e, pour garantir la place de la France parmi les grandes nations scientifiques. <a href=\"https:\/\/cfdt-recherche-epst.org\/?p=38171\">https:\/\/cfdt-recherche-epst.org\/?p=38171<\/a><\/p>\n\n\n\n<h2 class=\"wp-block-heading\">Contact<\/h2>\n\n\n\n<p>Pour toutes questions sur ce webinaire, n&rsquo;h\u00e9sitez pas \u00e0 nous \u00e9crire : <a href=\"mailto:webinaire@cfdt-recherche-epst.org\">webinaire@cfdt-recherche-epst.org<\/a><\/p>\n\n\n\n<h2 class=\"wp-block-heading\">Ressources<\/h2>\n\n\n\n<p><a href=\"https:\/\/cfdt-recherche-epst.org\/?page_id=38722\" data-type=\"page\" data-id=\"38722\">lien vers la page des ressources<\/a><\/p>\n\n\n\n<h2 class=\"wp-block-heading\">Dossier de presse<\/h2>\n\n\n\n<p>Notre dossier de presse <a href=\"https:\/\/cfdt-recherche-epst.org\/wp-content\/uploads\/2025\/01\/CFDT-Dossier-de-presse-webinaire-Avenir-de-la-recherche-dans-les-EPST.pdf\">au format PDF<\/a><br>Notre affiche au <a href=\"https:\/\/cfdt-recherche-epst.org\/wp-content\/uploads\/2025\/01\/Affiche-bleu-v1.3.pdf\">format PDF<\/a><\/p>\n","protected":false},"excerpt":{"rendered":"<p>Vid\u00e9os du webinaire Retrouvez les vid\u00e9os du webinaire sur \u00ab\u00a0L&rsquo;avenir de la science et de la recherche dans les EPST\u00a0\u00bb, organis\u00e9 par la CFDT Recherche EPST, le jeudi 13 Mars 2025 sur cette page : Vid\u00e9os en VOD D\u00e9roulement du webinaire Notre motion en 3 volets Le premier volet est<\/p>\n","protected":false},"author":19,"featured_media":0,"comment_status":"closed","ping_status":"open","sticky":false,"template":"","format":"standard","meta":{"footnotes":""},"categories":[754,5,624,444],"tags":[],"class_list":["post-38560","post","type-post","status-publish","format-standard","hentry","category-communication","category-epst","category-newsletter","category-recherche","ct-col-2"],"amp_enabled":true,"_links":{"self":[{"href":"https:\/\/cfdt-recherche-epst.org\/index.php?rest_route=\/wp\/v2\/posts\/38560","targetHints":{"allow":["GET"]}}],"collection":[{"href":"https:\/\/cfdt-recherche-epst.org\/index.php?rest_route=\/wp\/v2\/posts"}],"about":[{"href":"https:\/\/cfdt-recherche-epst.org\/index.php?rest_route=\/wp\/v2\/types\/post"}],"author":[{"embeddable":true,"href":"https:\/\/cfdt-recherche-epst.org\/index.php?rest_route=\/wp\/v2\/users\/19"}],"replies":[{"embeddable":true,"href":"https:\/\/cfdt-recherche-epst.org\/index.php?rest_route=%2Fwp%2Fv2%2Fcomments&post=38560"}],"version-history":[{"count":53,"href":"https:\/\/cfdt-recherche-epst.org\/index.php?rest_route=\/wp\/v2\/posts\/38560\/revisions"}],"predecessor-version":[{"id":40618,"href":"https:\/\/cfdt-recherche-epst.org\/index.php?rest_route=\/wp\/v2\/posts\/38560\/revisions\/40618"}],"wp:attachment":[{"href":"https:\/\/cfdt-recherche-epst.org\/index.php?rest_route=%2Fwp%2Fv2%2Fmedia&parent=38560"}],"wp:term":[{"taxonomy":"category","embeddable":true,"href":"https:\/\/cfdt-recherche-epst.org\/index.php?rest_route=%2Fwp%2Fv2%2Fcategories&post=38560"},{"taxonomy":"post_tag","embeddable":true,"href":"https:\/\/cfdt-recherche-epst.org\/index.php?rest_route=%2Fwp%2Fv2%2Ftags&post=38560"}],"curies":[{"name":"wp","href":"https:\/\/api.w.org\/{rel}","templated":true}]}}