{"id":38813,"date":"2025-02-05T13:53:52","date_gmt":"2025-02-05T12:53:52","guid":{"rendered":"https:\/\/cfdt-recherche-epst.org\/?p=38813"},"modified":"2025-02-07T08:08:56","modified_gmt":"2025-02-07T07:08:56","slug":"appel-a-candidature-des-sections-pour-les-sentinelles-vertes","status":"publish","type":"post","link":"https:\/\/cfdt-recherche-epst.org\/?p=38813","title":{"rendered":"Appel \u00e0 candidature des sections pour les sentinelles vertes"},"content":{"rendered":"\n<figure class=\"wp-block-image size-large\"><img loading=\"lazy\" decoding=\"async\" width=\"1024\" height=\"441\" src=\"https:\/\/cfdt-recherche-epst.org\/wp-content\/uploads\/2025\/02\/logo_sv_cfdt-1024x441.png\" alt=\"\" class=\"wp-image-38815\" srcset=\"https:\/\/cfdt-recherche-epst.org\/wp-content\/uploads\/2025\/02\/logo_sv_cfdt-1024x441.png 1024w, https:\/\/cfdt-recherche-epst.org\/wp-content\/uploads\/2025\/02\/logo_sv_cfdt-300x129.png 300w, https:\/\/cfdt-recherche-epst.org\/wp-content\/uploads\/2025\/02\/logo_sv_cfdt-768x331.png 768w, https:\/\/cfdt-recherche-epst.org\/wp-content\/uploads\/2025\/02\/logo_sv_cfdt-1170x504.png 1170w, https:\/\/cfdt-recherche-epst.org\/wp-content\/uploads\/2025\/02\/logo_sv_cfdt.png 1501w\" sizes=\"auto, (max-width: 1024px) 100vw, 1024px\" \/><\/figure>\n\n\n\n<p>Notre Syndicat soutient depuis sa cr\u00e9ation le \u00ab <a href=\"https:\/\/www.cfdt.fr\/sinformer\/le-pacte-du-pouvoir-de-vivre\" target=\"_blank\" rel=\"noreferrer noopener\">Pacte du pouvoir de vivre<\/a> \u00bb, qui pr\u00f4ne une transition \u00e9cologique et sociale supportable par tous. L\u2019un des atouts de ce pacte r\u00e9sidait dans sa capacit\u00e9 \u00e0 r\u00e9unir des acteurs venus de tous horizons (65 aujourd\u2019hui). Toutefois, il est vite apparu que les actions militantes au sein du Pacte restaient celles de ses acteurs, sur leurs champs sp\u00e9cifiques, sans r\u00e9elle transversalit\u00e9.<\/p>\n\n\n\n<p>Aussi, pour r\u00e9pondre aux d\u00e9fis des changements globaux et afin de favoriser l\u2019action individuelle,<strong> la F\u00e9d\u00e9ration Communication, Conseil, Culture travaille \u00e0 la mise en place d\u2019un r\u00e9seau de \u00ab Sentinelles vertes <\/strong>\u00bb. <br>Objectif : cr\u00e9er, dans les entreprises priv\u00e9es et publiques, un r\u00e9seau d\u2019experts sur les questions de d\u00e9veloppement durable, afin de porter plus loin les revendications et les actions.<\/p>\n\n\n\n<p>Le BN de la CFDT Recherche EPST avait imm\u00e9diatement compris la formidable opportunit\u00e9 que repr\u00e9sentait la construction de ce r\u00e9seau, notamment pour susciter de nouvelles vocations aupr\u00e8s de nos jeunes coll\u00e8gues, plus sensibles aux questions environnementales, mais aussi pour toutes celles et ceux qui, au sein du syndicat comme en dehors, veulent s\u2019engager pour faire advenir les changements et adaptations n\u00e9cessaires face au changement climatique.<br><a href=\"https:\/\/www.sgen-cfdt.fr\/\" target=\"_blank\" rel=\"noreferrer noopener\">Notre F\u00e9d\u00e9ration<\/a> soutient cette d\u00e9marche et, depuis d\u00e9cembre dernier, s\u2019engage \u00e0 accompagner le d\u00e9ploiement du r\u00e9seau.<\/p>\n\n\n\n<p>Nous pouvons \u00eatre les premiers \u00e0 d\u00e9velopper ce dernier dans nos ONR.<br>D\u00e9j\u00e0, des dispositifs \u00e9tatiques se diffusent dans nos communaut\u00e9s afin de r\u00e9pondre aux d\u00e9cisions du Parlement en mati\u00e8re de lutte contre le d\u00e9r\u00e8glement climatique et des r\u00e9ponses \u00e0 y apporter. Le d\u00e9veloppement d\u2019un r\u00e9seau de sentinelles vertes ajoute une brique \u00e0 l\u2019\u00e9difice et pourra, le cas \u00e9ch\u00e9ant, s\u2019associer \u00e0 ces d\u00e9marches en faisant valoir notre point de vue syndical.<\/p>\n\n\n\n<p>Pour que nous puissions y parvenir, il faut se mettre en ordre de bataille :<br><strong>Chaque <a href=\"https:\/\/cfdt-recherche-epst.org\/?p=310\" target=\"_blank\" rel=\"noreferrer noopener\">section de notre syndicat<\/a> doit disposer d\u2019au moins 2 militants d\u00fbment form\u00e9s<\/strong> afin d\u2019acqu\u00e9rir les outils n\u00e9cessaires \u00e0 la construction d\u2019un r\u00e9seau local.<\/p>\n\n\n\n<p>Il n\u2019existe pas encore de formation d\u00e9di\u00e9e \u00ab Sentinelles vertes \u00bb. Cependant, une alternative existe : la formation propos\u00e9e par la F\u00e9d\u00e9ration constitue un pr\u00e9alable.<\/p>\n\n\n\n<h2 class=\"wp-block-heading\"><strong>Calendrier :<\/strong><\/h2>\n\n\n\n<p><strong>Formation \u00ab Agir pour la transition \u00e9cologique juste sur mon lieu de travail \u00bb<\/strong><br>Agir syndicalement dans son administration ou son lieu de travail pour une transition \u00e9cologique juste ne va pas n\u00e9cessairement de soi. Les d\u00e9marches de d\u00e9veloppement durable sont toujours complexes, car elles n\u00e9cessitent une confrontation d&rsquo;approches et impliquent une pluralit\u00e9 d&rsquo;acteurs et d&rsquo;actrices.<\/p>\n\n\n\n<p>PUBLIC : <strong>militant.es d&rsquo;un m\u00eame lieu de travail<\/strong> agissant ou voulant agir pour une transition \u00e9cologique juste.<\/p>\n\n\n\n<p><strong>Les mardi 20, mercredi 21, jeudi 22 mai 2025 \u00e0 Bierville.<\/strong><\/p>\n\n\n\n<p><strong>Il reste 15 places<\/strong><\/p>\n\n\n\n<p>D\u00e9p\u00f4t du cong\u00e9 formation au plus tard le 19 avril 2025.<\/p>\n\n\n\n<p><\/p>\n\n\n\n<p><strong>N&rsquo;h\u00e9sitez pas \u00e0 contacter notre syndicat pour adh\u00e9rer ou votre section : <a href=\"mailto:contact@cfdt-recherche-epst.org\">contact@cfdt-recherche-epst.org<\/a>  <\/strong><\/p>\n","protected":false},"excerpt":{"rendered":"<p>Notre Syndicat soutient depuis sa cr\u00e9ation le \u00ab Pacte du pouvoir de vivre \u00bb, qui pr\u00f4ne une transition \u00e9cologique et sociale supportable par tous. L\u2019un des atouts de ce pacte r\u00e9sidait dans sa capacit\u00e9 \u00e0 r\u00e9unir des acteurs venus de tous horizons (65 aujourd\u2019hui). Toutefois, il est vite apparu que<\/p>\n","protected":false},"author":19,"featured_media":0,"comment_status":"closed","ping_status":"open","sticky":false,"template":"","format":"standard","meta":{"footnotes":""},"categories":[754,5,624],"tags":[],"class_list":["post-38813","post","type-post","status-publish","format-standard","hentry","category-communication","category-epst","category-newsletter","ct-col-2"],"amp_enabled":true,"_links":{"self":[{"href":"https:\/\/cfdt-recherche-epst.org\/index.php?rest_route=\/wp\/v2\/posts\/38813","targetHints":{"allow":["GET"]}}],"collection":[{"href":"https:\/\/cfdt-recherche-epst.org\/index.php?rest_route=\/wp\/v2\/posts"}],"about":[{"href":"https:\/\/cfdt-recherche-epst.org\/index.php?rest_route=\/wp\/v2\/types\/post"}],"author":[{"embeddable":true,"href":"https:\/\/cfdt-recherche-epst.org\/index.php?rest_route=\/wp\/v2\/users\/19"}],"replies":[{"embeddable":true,"href":"https:\/\/cfdt-recherche-epst.org\/index.php?rest_route=%2Fwp%2Fv2%2Fcomments&post=38813"}],"version-history":[{"count":2,"href":"https:\/\/cfdt-recherche-epst.org\/index.php?rest_route=\/wp\/v2\/posts\/38813\/revisions"}],"predecessor-version":[{"id":38865,"href":"https:\/\/cfdt-recherche-epst.org\/index.php?rest_route=\/wp\/v2\/posts\/38813\/revisions\/38865"}],"wp:attachment":[{"href":"https:\/\/cfdt-recherche-epst.org\/index.php?rest_route=%2Fwp%2Fv2%2Fmedia&parent=38813"}],"wp:term":[{"taxonomy":"category","embeddable":true,"href":"https:\/\/cfdt-recherche-epst.org\/index.php?rest_route=%2Fwp%2Fv2%2Fcategories&post=38813"},{"taxonomy":"post_tag","embeddable":true,"href":"https:\/\/cfdt-recherche-epst.org\/index.php?rest_route=%2Fwp%2Fv2%2Ftags&post=38813"}],"curies":[{"name":"wp","href":"https:\/\/api.w.org\/{rel}","templated":true}]}}