{"id":39113,"date":"2025-03-10T09:32:49","date_gmt":"2025-03-10T08:32:49","guid":{"rendered":"https:\/\/cfdt-recherche-epst.org\/?p=39113"},"modified":"2025-03-10T09:32:49","modified_gmt":"2025-03-10T08:32:49","slug":"appel-a-mobilisation-pour-le-11-mars-jour-de-reunion-budgetaire-du-cneser","status":"publish","type":"post","link":"https:\/\/cfdt-recherche-epst.org\/?p=39113","title":{"rendered":"Appel \u00e0 mobilisation pour le 11 mars, jour de r\u00e9union budg\u00e9taire du CNESER."},"content":{"rendered":"\n<figure class=\"wp-block-image size-full is-resized\"><a href=\"https:\/\/www.sgen-cfdt.fr\/actu\/appel-intersyndical-pour-le-11-mars-sur-le-budget-de-lenseignement-superieur\/\"><img loading=\"lazy\" decoding=\"async\" width=\"300\" height=\"111\" src=\"https:\/\/cfdt-recherche-epst.org\/wp-content\/uploads\/2024\/05\/2logo_horiz_rvb_1-300x111-1.png\" alt=\"\" class=\"wp-image-37140\" style=\"width:198px;height:auto\"\/><\/a><\/figure>\n\n\n<div class=\"wp-block-image\">\n<figure class=\"alignright\"><a href=\"https:\/\/sgen-cfdt.fr\/contenu\/uploads\/2025\/03\/Appel-11-mars-25-ESR.png\" target=\"_blank\" rel=\"noreferrer noopener\"><img decoding=\"async\" src=\"https:\/\/sgen-cfdt.fr\/contenu\/uploads\/2025\/03\/Appel-11-mars-25-ESR.png\" alt=\"Appel 11 mars\" class=\"wp-image-97110\"\/><\/a><\/figure>\n<\/div>\n\n\n<p>Le projet de loi de finances 2025 a \u00e9t\u00e9 adopt\u00e9 par le S\u00e9nat jeudi 6 f\u00e9vrier 2025, apr\u00e8s le recours au 49.3 \u00e0 l\u2019Assembl\u00e9e nationale la veille. Alors qu\u2019il manque aujourd\u2019hui 8 milliards pour l\u2019ESR, le budget d\u00e9fendu par le ministre Philippe Baptiste ent\u00e9rine \u00e0 cette occasion une nouvelle saign\u00e9e et confirme la gravit\u00e9 de la situation pour les personnels et les \u00e9tudiant\u00b7es de l\u2019ESR.<\/p>\n\n\n\n<p>Ce budget d\u2019aust\u00e9rit\u00e9 s\u2019inscrit dans un contexte de pr\u00e9carisation croissante de l\u2019universit\u00e9, de ses \u00e9tudiant\u00b7es, et de ses personnels. Apr\u00e8s des ann\u00e9es de sous-financement, les cons\u00e9quences d\u00e9l\u00e9t\u00e8res se concr\u00e9tisent pour l\u2019ensemble de la communaut\u00e9 de l\u2019ESR et ne feront que s\u2019aggraver : d\u00e9gradation des conditions de travail et d\u2019\u00e9tudes, patrimoine d\u00e9labr\u00e9, suppression de fili\u00e8res enti\u00e8res de formation, r\u00e9duction drastique des capacit\u00e9s d\u2019accueil, annonces de la lib\u00e9ralisation des droits d\u2019inscription, non-remplacement des d\u00e9parts \u00e0 la retraite, recours massif aux heures compl\u00e9mentaires pour les titulaires, aux contrats courts dans les services et les laboratoires et \u00e0 des vacataires, heures de vacation et heures compl\u00e9mentaires sous-pay\u00e9es (sous le SMIC horaire), surcharge de travail pour les personnels administratifs et techniques, concurrence entre organismes de recherche et universit\u00e9s, r\u00e9duction des frais de missions, disparition de pans entiers de recherche, etc.<\/p>\n\n\n\n<p>Dans de telles conditions, les missions fondamentales des universit\u00e9s et des organismes de recherche, la formation et la recherche, sont menac\u00e9es \u00e0 tr\u00e8s court terme. Le nombre d\u2019avis anormalement d\u00e9favorables rendus par le Haut conseil de l\u2019\u00e9valuation de la recherche et de l\u2019enseignement sup\u00e9rieur (HCERES) concernant les formations publiques (licences et masters) de la vague E, associ\u00e9 \u00e0 ce budget d\u2019aust\u00e9rit\u00e9, est un signal particuli\u00e8rement inqui\u00e9tant et pourrait se traduire \u00e0 terme par la fermeture de nombreuses formations. Par ailleurs, le projet, toujours mena\u00e7ant, du PDG du CNRS de concentrer les moyens sur quelques \u00ab&nbsp;key labs&nbsp;\u00bb proc\u00e8de de la m\u00eame d\u00e9marche de division pour rendre admissible une r\u00e9duction des cr\u00e9dits.<\/p>\n\n\n\n<p>Alors que les besoins de la recherche publique face aux d\u00e9fis sociaux, \u00e9conomiques et environnementaux qui se pr\u00e9sentent et qu\u2019une formation de qualit\u00e9 pour toutes et tous n\u2019ont jamais \u00e9t\u00e9 aussi essentiels, que la science et les scientifiques sont menac\u00e9s par la politique mise en place par le Pr\u00e9sident D. Trump aux Etats-Unis, mais \u00e9galement plus largement partout dans le monde, nos organisations d\u00e9noncent ce budget qui fait fi des besoins de la jeunesse et de la situation financi\u00e8re catastrophique des universit\u00e9s et des organismes de recherche. Elles rappellent \u00e9galement l\u2019urgence d\u2019un financement du CROUS qui permette le d\u00e9veloppement de l\u2019aide au logement et aux repas pour toutes et tous les \u00e9tudiant\u00b7es et la mise en oeuvre de la r\u00e9forme syst\u00e9mique des bourses attendue.<\/p>\n\n\n\n<p>Face \u00e0 ces attaques, l\u2019intersyndicale appelle \u00e0 une riposte massive et unitaire pour obtenir un tout autre budget pour le service public de l\u2019enseignement sup\u00e9rieur et de la recherche. Elle appelle toutes et tous les coll\u00e8gues et toutes et tous les \u00e9tudiant\u00b7es, \u00e0 une journ\u00e9e nationale de mobilisation, y compris par la gr\u00e8ve, le mardi 11 mars, jour de r\u00e9union du CNESER budg\u00e9taire. Elle appelle \u00e0 rejoindre massivement les rassemblements ou les manifestations organis\u00e9s localement dans le cadre de cette journ\u00e9e et \u00e0 ne pas p\u00e9naliser les \u00e9tudiant\u00b7es mobilis\u00e9\u00b7es.<\/p>\n\n\n\n<p>A Paris, le rendez-vous pour la manifestation est donn\u00e9 \u00e0 12h30 place de la Sorbonne.<\/p>\n","protected":false},"excerpt":{"rendered":"<p>Le projet de loi de finances 2025 a \u00e9t\u00e9 adopt\u00e9 par le S\u00e9nat jeudi 6 f\u00e9vrier 2025, apr\u00e8s le recours au 49.3 \u00e0 l\u2019Assembl\u00e9e nationale la veille. Alors qu\u2019il manque aujourd\u2019hui 8 milliards pour l\u2019ESR, le budget d\u00e9fendu par le ministre Philippe Baptiste ent\u00e9rine \u00e0 cette occasion une nouvelle saign\u00e9e<\/p>\n","protected":false},"author":19,"featured_media":0,"comment_status":"closed","ping_status":"open","sticky":false,"template":"","format":"standard","meta":{"footnotes":""},"categories":[5,624,444,10],"tags":[],"class_list":["post-39113","post","type-post","status-publish","format-standard","hentry","category-epst","category-newsletter","category-recherche","category-remuneration","ct-col-2"],"amp_enabled":true,"_links":{"self":[{"href":"https:\/\/cfdt-recherche-epst.org\/index.php?rest_route=\/wp\/v2\/posts\/39113","targetHints":{"allow":["GET"]}}],"collection":[{"href":"https:\/\/cfdt-recherche-epst.org\/index.php?rest_route=\/wp\/v2\/posts"}],"about":[{"href":"https:\/\/cfdt-recherche-epst.org\/index.php?rest_route=\/wp\/v2\/types\/post"}],"author":[{"embeddable":true,"href":"https:\/\/cfdt-recherche-epst.org\/index.php?rest_route=\/wp\/v2\/users\/19"}],"replies":[{"embeddable":true,"href":"https:\/\/cfdt-recherche-epst.org\/index.php?rest_route=%2Fwp%2Fv2%2Fcomments&post=39113"}],"version-history":[{"count":1,"href":"https:\/\/cfdt-recherche-epst.org\/index.php?rest_route=\/wp\/v2\/posts\/39113\/revisions"}],"predecessor-version":[{"id":39114,"href":"https:\/\/cfdt-recherche-epst.org\/index.php?rest_route=\/wp\/v2\/posts\/39113\/revisions\/39114"}],"wp:attachment":[{"href":"https:\/\/cfdt-recherche-epst.org\/index.php?rest_route=%2Fwp%2Fv2%2Fmedia&parent=39113"}],"wp:term":[{"taxonomy":"category","embeddable":true,"href":"https:\/\/cfdt-recherche-epst.org\/index.php?rest_route=%2Fwp%2Fv2%2Fcategories&post=39113"},{"taxonomy":"post_tag","embeddable":true,"href":"https:\/\/cfdt-recherche-epst.org\/index.php?rest_route=%2Fwp%2Fv2%2Ftags&post=39113"}],"curies":[{"name":"wp","href":"https:\/\/api.w.org\/{rel}","templated":true}]}}