{"id":39274,"date":"2025-03-24T18:13:07","date_gmt":"2025-03-24T17:13:07","guid":{"rendered":"https:\/\/cfdt-recherche-epst.org\/?p=39274"},"modified":"2025-03-24T18:13:52","modified_gmt":"2025-03-24T17:13:52","slug":"edito-du-24-mars-2025","status":"publish","type":"post","link":"https:\/\/cfdt-recherche-epst.org\/?p=39274","title":{"rendered":"Edito du 24 mars 2025"},"content":{"rendered":"\n<p><strong>Bravo ! Vous \u00e9tiez l\u00e0, et \u00e7a s\u2019est vu !<\/strong> Plus d\u2019un millier d\u2019entre vous nous ont rejoints pour \u00e9couter et dialoguer avec les invit\u00e9s du webinaire du 13 mars dernier. Un record d\u2019audience qui fait chaud au c\u0153ur \u2013 aux organisateurs, bien s\u00fbr, mais aussi parce que votre mobilisation prouve que notre communaut\u00e9 n\u2019a rien d\u2019apathique. Elle sait, quand on lui en donne l\u2019occasion, se rassembler autour de sujets vitaux pour son avenir.<\/p>\n\n\n\n<p>Au-del\u00e0 des constats, de nombreuses pistes de r\u00e9flexion se sont ouvertes : sur les modes de financement, sur la n\u00e9cessaire r\u00e9vision du mode d\u2019attribution du soutien de base. Les d\u00e9bats ont aussi alert\u00e9 sur une tentative de mainmise du pouvoir politique au sein de la Commission europ\u00e9enne, qui cherche r\u00e9guli\u00e8rement \u00e0 confisquer la libert\u00e9 acad\u00e9mique en r\u00e9orientant les moyens accord\u00e9s \u00e0 la recherche par l\u2019ERC.<\/p>\n\n\n\n<p>Autre constat : la place des femmes dans la recherche publique reste marqu\u00e9e par des st\u00e9r\u00e9otypes tenaces et des biais inconscients qui persistent dans nos pratiques d\u2019\u00e9valuation et de recrutement. Pourtant, la conclusion est sans appel : la diversit\u00e9 de genre booste la cr\u00e9ativit\u00e9. L\u2019avenir de la recherche, sa capacit\u00e9 \u00e0 innover et \u00e0 r\u00e9pondre aux d\u00e9fis de demain passe par une repr\u00e9sentation \u00e9quilibr\u00e9e des talents. Nous y veillerons !<\/p>\n\n\n\n<p>Si les modes d\u2019\u00e9valuation traditionnels de la recherche montrent souvent leurs limites, l\u2019importance de l\u2019auto-\u00e9valuation collective s\u2019impose. Autre enjeu majeur : le d\u00e9veloppement des chemins d\u2019impact, pour mesurer non plus seulement l\u2019influence acad\u00e9mique ou \u00e9conomique d\u2019une recherche, mais bien son effet concret sur la soci\u00e9t\u00e9.<\/p>\n\n\n\n<p>Voici, parmi la moisson d\u2019id\u00e9es et de d\u00e9bats, un \u00e9chantillon de ce que vous pourrez retrouver dans la VOD des entretiens. \u00c0 consulter sans mod\u00e9ration !<\/p>\n\n\n\n<p>Enfin, depuis d\u00e9cembre, la contestation enfle dans l\u2019Enseignement sup\u00e9rieur et la Recherche : \u00e9tudiants et personnels d\u00e9noncent un service public sacrifi\u00e9. Face aux coupes, suppressions de formations et pr\u00e9carisation, la mobilisation s\u2019intensifie. Partout, la libert\u00e9 acad\u00e9mique vacille, entre pressions politiques et restrictions budg\u00e9taires.<\/p>\n\n\n\n<p>L\u2019intersyndicale appelle \u00e0 passer la vitesse sup\u00e9rieure : gr\u00e8ve et manifestations le 27 mars. \u00c0 Paris, rendez-vous 13h, Place de la Sorbonne.<\/p>\n","protected":false},"excerpt":{"rendered":"<p>Bravo ! Vous \u00e9tiez l\u00e0, et \u00e7a s\u2019est vu ! Plus d\u2019un millier d\u2019entre vous nous ont rejoints pour \u00e9couter et dialoguer avec les invit\u00e9s du webinaire du 13 mars dernier. Un record d\u2019audience qui fait chaud au c\u0153ur \u2013 aux organisateurs, bien s\u00fbr, mais aussi parce que votre mobilisation<\/p>\n","protected":false},"author":14,"featured_media":0,"comment_status":"closed","ping_status":"open","sticky":false,"template":"","format":"standard","meta":{"footnotes":""},"categories":[754],"tags":[],"class_list":["post-39274","post","type-post","status-publish","format-standard","hentry","category-communication","ct-col-2"],"amp_enabled":true,"_links":{"self":[{"href":"https:\/\/cfdt-recherche-epst.org\/index.php?rest_route=\/wp\/v2\/posts\/39274","targetHints":{"allow":["GET"]}}],"collection":[{"href":"https:\/\/cfdt-recherche-epst.org\/index.php?rest_route=\/wp\/v2\/posts"}],"about":[{"href":"https:\/\/cfdt-recherche-epst.org\/index.php?rest_route=\/wp\/v2\/types\/post"}],"author":[{"embeddable":true,"href":"https:\/\/cfdt-recherche-epst.org\/index.php?rest_route=\/wp\/v2\/users\/14"}],"replies":[{"embeddable":true,"href":"https:\/\/cfdt-recherche-epst.org\/index.php?rest_route=%2Fwp%2Fv2%2Fcomments&post=39274"}],"version-history":[{"count":1,"href":"https:\/\/cfdt-recherche-epst.org\/index.php?rest_route=\/wp\/v2\/posts\/39274\/revisions"}],"predecessor-version":[{"id":39275,"href":"https:\/\/cfdt-recherche-epst.org\/index.php?rest_route=\/wp\/v2\/posts\/39274\/revisions\/39275"}],"wp:attachment":[{"href":"https:\/\/cfdt-recherche-epst.org\/index.php?rest_route=%2Fwp%2Fv2%2Fmedia&parent=39274"}],"wp:term":[{"taxonomy":"category","embeddable":true,"href":"https:\/\/cfdt-recherche-epst.org\/index.php?rest_route=%2Fwp%2Fv2%2Fcategories&post=39274"},{"taxonomy":"post_tag","embeddable":true,"href":"https:\/\/cfdt-recherche-epst.org\/index.php?rest_route=%2Fwp%2Fv2%2Ftags&post=39274"}],"curies":[{"name":"wp","href":"https:\/\/api.w.org\/{rel}","templated":true}]}}