{"id":39619,"date":"2025-03-28T10:30:00","date_gmt":"2025-03-28T09:30:00","guid":{"rendered":"https:\/\/cfdt-recherche-epst.org\/?p=39619"},"modified":"2025-06-19T09:32:53","modified_gmt":"2025-06-19T08:32:53","slug":"message-de-fin-de-mandat","status":"publish","type":"post","link":"https:\/\/cfdt-recherche-epst.org\/?p=39619","title":{"rendered":"Message de fin de mandat"},"content":{"rendered":"\n<p>Cher.e.s Camarades,<\/p>\n\n\n\n<p>Hier s\u2019est tenue notre Assembl\u00e9e G\u00e9n\u00e9rale, au cours de laquelle un nouvel ex\u00e9cutif a \u00e9t\u00e9 \u00e9lu \u00e0 l\u2019unanimit\u00e9 des pr\u00e9sents. Martine Pano a \u00e9t\u00e9 d\u00e9sign\u00e9e secr\u00e9taire de la section Nouvelle-Aquitaine, tandis que Vanessa Charrier a \u00e9t\u00e9 \u00e9lue secr\u00e9taire adjointe et repr\u00e9sentante de l\u2019Inserm pour cette m\u00eame section. Nous leur adressons nos plus sinc\u00e8res f\u00e9licitations et formons pour elles les v\u0153ux les plus ardents de succ\u00e8s dans l\u2019accomplissement des missions qui s\u2019ouvrent \u00e0 elles en cette nouvelle mandature.<\/p>\n\n\n\n<p>Quant \u00e0 moi, apr\u00e8s dix-sept ann\u00e9es pass\u00e9es \u00e0 la t\u00eate de cette section, je me r\u00e9jouis de voir s\u2019\u00e9lever une nouvelle \u00e9quipe, port\u00e9e par l\u2019\u00e9lan du renouveau et pr\u00eate \u00e0 inscrire son action dans l\u2019avenir de notre organisation.<\/p>\n\n\n\n<p>Nous le savons, la vie d\u2019une section ne tient qu\u2019\u00e0 la force de l\u2019engagement de ses membres. C\u2019est par leur ferveur et leur constance que sont nourries ces multiples instances, ces commissions innombrables o\u00f9 se d\u00e9bat le destin du travailleur, o\u00f9 l\u2019id\u00e9al de la d\u00e9mocratie participative s\u2019\u00e9puise parfois sous le joug des d\u00e9lais et des pesanteurs administratives. Ne maudissons pas les l\u00e9gislateurs, mais ne soyons pas dupes non plus : le syndicalisme a chang\u00e9, et l\u2019engagement des salari\u00e9s, hier acquis \u00e0 la dur\u00e9e, se fait aujourd\u2019hui plus incertain, vacillant sous les vents contraires d\u2019une \u00e9poque en mutation.<\/p>\n\n\n\n<p>Le monde interroge l\u2019avenir du travail, aux prises avec les enjeux climatiques qui, d\u00e9j\u00e0, en alt\u00e8rent les contours. La pand\u00e9mie a jet\u00e9 un voile de doute sur nos pratiques sociales, marquant les esprits et h\u00e2tant l\u2019av\u00e8nement d\u2019un t\u00e9l\u00e9travail de masse qui, \u00e0 n\u2019en pas douter, a boulevers\u00e9 nos existences et notre rapport au labeur.<\/p>\n\n\n\n<p>Mais ayons foi en nos combats ! Que nos actions, men\u00e9es au carrefour de la Soci\u00e9t\u00e9 et du monde du travail, fassent vibrer les consciences et jaillir l\u2019\u00e9tincelle qui, demain, remplira les urnes de bulletins en faveur de notre syndicat, au triomphe des id\u00e9es que nous portons et d\u00e9fendons.<\/p>\n\n\n\n<p>Salut et fraternit\u00e9.<\/p>\n\n\n\n<p>Pierre-Yves Saillant<\/p>\n\n\n\n<p>Membre du Bureau National<\/p>\n","protected":false},"excerpt":{"rendered":"<p>Cher.e.s Camarades, Hier s\u2019est tenue notre Assembl\u00e9e G\u00e9n\u00e9rale, au cours de laquelle un nouvel ex\u00e9cutif a \u00e9t\u00e9 \u00e9lu \u00e0 l\u2019unanimit\u00e9 des pr\u00e9sents. Martine Pano a \u00e9t\u00e9 d\u00e9sign\u00e9e secr\u00e9taire de la section Nouvelle-Aquitaine, tandis que Vanessa Charrier a \u00e9t\u00e9 \u00e9lue secr\u00e9taire adjointe et repr\u00e9sentante de l\u2019Inserm pour cette m\u00eame section. Nous<\/p>\n","protected":false},"author":14,"featured_media":0,"comment_status":"closed","ping_status":"open","sticky":false,"template":"","format":"standard","meta":{"footnotes":""},"categories":[668,246],"tags":[],"class_list":["post-39619","post","type-post","status-publish","format-standard","hentry","category-aquitaine","category-sections","ct-col-2"],"amp_enabled":true,"_links":{"self":[{"href":"https:\/\/cfdt-recherche-epst.org\/index.php?rest_route=\/wp\/v2\/posts\/39619","targetHints":{"allow":["GET"]}}],"collection":[{"href":"https:\/\/cfdt-recherche-epst.org\/index.php?rest_route=\/wp\/v2\/posts"}],"about":[{"href":"https:\/\/cfdt-recherche-epst.org\/index.php?rest_route=\/wp\/v2\/types\/post"}],"author":[{"embeddable":true,"href":"https:\/\/cfdt-recherche-epst.org\/index.php?rest_route=\/wp\/v2\/users\/14"}],"replies":[{"embeddable":true,"href":"https:\/\/cfdt-recherche-epst.org\/index.php?rest_route=%2Fwp%2Fv2%2Fcomments&post=39619"}],"version-history":[{"count":2,"href":"https:\/\/cfdt-recherche-epst.org\/index.php?rest_route=\/wp\/v2\/posts\/39619\/revisions"}],"predecessor-version":[{"id":39621,"href":"https:\/\/cfdt-recherche-epst.org\/index.php?rest_route=\/wp\/v2\/posts\/39619\/revisions\/39621"}],"wp:attachment":[{"href":"https:\/\/cfdt-recherche-epst.org\/index.php?rest_route=%2Fwp%2Fv2%2Fmedia&parent=39619"}],"wp:term":[{"taxonomy":"category","embeddable":true,"href":"https:\/\/cfdt-recherche-epst.org\/index.php?rest_route=%2Fwp%2Fv2%2Fcategories&post=39619"},{"taxonomy":"post_tag","embeddable":true,"href":"https:\/\/cfdt-recherche-epst.org\/index.php?rest_route=%2Fwp%2Fv2%2Ftags&post=39619"}],"curies":[{"name":"wp","href":"https:\/\/api.w.org\/{rel}","templated":true}]}}