{"id":39942,"date":"2025-09-08T11:08:01","date_gmt":"2025-09-08T10:08:01","guid":{"rendered":"https:\/\/cfdt-recherche-epst.org\/?p=39942"},"modified":"2025-09-08T11:08:01","modified_gmt":"2025-09-08T10:08:01","slug":"edito-du-8-septembre-2025","status":"publish","type":"post","link":"https:\/\/cfdt-recherche-epst.org\/?p=39942","title":{"rendered":"\u00c9dito du 8 septembre 2025"},"content":{"rendered":"\n<h1 class=\"wp-block-heading\"><mark style=\"background-color:rgba(0, 0, 0, 0)\" class=\"has-inline-color has-luminous-vivid-orange-color\">Pourquoi la CFDT ne rejoindra pas l\u2019appel du 10 septembre<\/mark><\/h1>\n\n\n\n<p>La col\u00e8re est l\u00e0. L\u2019injustice fiscale, la vie qui co\u00fbte trop cher, les r\u00e9formes qui s\u2019empilent sans respirer : beaucoup veulent dire \u00ab stop \u00bb. Nous les entendons. Nous la partageons. Mais notre responsabilit\u00e9 syndicale, c\u2019est de transformer cette col\u00e8re en droits, pas en gestes sans lendemain.<\/p>\n\n\n\n<p>\u00c0 l\u2019origine, le 10 septembre, c\u2019\u00e9tait un mot d\u2019ordre diffus sur les r\u00e9seaux : ne pas consommer, rester chez soi. Puis, au fil des semaines, le mot d\u2019ordre a mut\u00e9. Sous l\u2019impulsion d\u2019appels politiques \u2014 notamment de La France insoumise \u2014 il s\u2019est d\u00e9plac\u00e9 vers la rue. Ce glissement dit une chose simple : le 10 septembre n\u2019est pas une mobilisation syndicale construite. C\u2019est un agr\u00e9gat citoyen, aux formes et aux objectifs multiples.<\/p>\n\n\n\n<p><mark style=\"background-color:rgba(0, 0, 0, 0)\" class=\"has-inline-color has-luminous-vivid-orange-color\"><strong>Pourquoi la CFDT ne s\u2019y associe-t-elle pas ?<\/strong><\/mark><br>D\u2019abord parce que les mots d\u2019ordre sont h\u00e9t\u00e9roclites, parfois contradictoires, parfois influenc\u00e9s. Certains nous sont m\u00eame hostiles : comment une organisation d\u00e9mocratique et repr\u00e9sentative pourrait-elle cautionner des appels \u00e0 la dissolution des syndicats ou des partis politiques ? Ensuite parce que cette journ\u00e9e fait d\u00e9sormais l\u2019objet de r\u00e9cup\u00e9rations politiques qui poursuivent d\u2019autres buts que la d\u00e9fense des travailleuses et des travailleurs.<\/p>\n\n\n\n<p><mark style=\"background-color:rgba(0, 0, 0, 0)\" class=\"has-inline-color has-luminous-vivid-orange-color\">Notre r\u00f4le n\u2019est pas de courir apr\u00e8s les emballements. Notre r\u00f4le, c\u2019est de b\u00e2tir du concret<\/mark> : des revendications claires, des majorit\u00e9s dans les entreprises et les services, des rapports de force utiles, des r\u00e9sultats mesurables sur les fiches de paie et dans les conditions de travail. La col\u00e8re, oui. L\u2019efficacit\u00e9, surtout.<\/p>\n\n\n\n<p>C\u2019est pourquoi, avec les autres organisations syndicales, nous donnons rendez-vous le 18 septembre. Cette date n\u2019a pas la m\u00eame nature : elle s\u2019inscrit dans un cadre syndical net, avec des exigences pr\u00e9cises. Elle permettra \u00e0 chacune et chacun de s\u2019exprimer et de peser collectivement sur les d\u00e9cisions du gouvernement.<\/p>\n\n\n\n<p><mark style=\"background-color:rgba(0, 0, 0, 0)\" class=\"has-inline-color has-luminous-vivid-orange-color\"><strong>Le 10, beaucoup crieront \u2014 et leur cri est l\u00e9gitime. Le 18, nous ferons valoir des solutions. Venez avec votre col\u00e8re. Repartez avec des avanc\u00e9es.<\/strong><\/mark><\/p>\n","protected":false},"excerpt":{"rendered":"<p>Pourquoi la CFDT ne rejoindra pas l\u2019appel du 10 septembre La col\u00e8re est l\u00e0. L\u2019injustice fiscale, la vie qui co\u00fbte trop cher, les r\u00e9formes qui s\u2019empilent sans respirer : beaucoup veulent dire \u00ab stop \u00bb. Nous les entendons. Nous la partageons. Mais notre responsabilit\u00e9 syndicale, c\u2019est de transformer cette col\u00e8re<\/p>\n","protected":false},"author":14,"featured_media":0,"comment_status":"closed","ping_status":"open","sticky":false,"template":"","format":"standard","meta":{"footnotes":""},"categories":[754,755],"tags":[],"class_list":["post-39942","post","type-post","status-publish","format-standard","hentry","category-communication","category-le-syndicat","ct-col-2"],"amp_enabled":true,"_links":{"self":[{"href":"https:\/\/cfdt-recherche-epst.org\/index.php?rest_route=\/wp\/v2\/posts\/39942","targetHints":{"allow":["GET"]}}],"collection":[{"href":"https:\/\/cfdt-recherche-epst.org\/index.php?rest_route=\/wp\/v2\/posts"}],"about":[{"href":"https:\/\/cfdt-recherche-epst.org\/index.php?rest_route=\/wp\/v2\/types\/post"}],"author":[{"embeddable":true,"href":"https:\/\/cfdt-recherche-epst.org\/index.php?rest_route=\/wp\/v2\/users\/14"}],"replies":[{"embeddable":true,"href":"https:\/\/cfdt-recherche-epst.org\/index.php?rest_route=%2Fwp%2Fv2%2Fcomments&post=39942"}],"version-history":[{"count":1,"href":"https:\/\/cfdt-recherche-epst.org\/index.php?rest_route=\/wp\/v2\/posts\/39942\/revisions"}],"predecessor-version":[{"id":39943,"href":"https:\/\/cfdt-recherche-epst.org\/index.php?rest_route=\/wp\/v2\/posts\/39942\/revisions\/39943"}],"wp:attachment":[{"href":"https:\/\/cfdt-recherche-epst.org\/index.php?rest_route=%2Fwp%2Fv2%2Fmedia&parent=39942"}],"wp:term":[{"taxonomy":"category","embeddable":true,"href":"https:\/\/cfdt-recherche-epst.org\/index.php?rest_route=%2Fwp%2Fv2%2Fcategories&post=39942"},{"taxonomy":"post_tag","embeddable":true,"href":"https:\/\/cfdt-recherche-epst.org\/index.php?rest_route=%2Fwp%2Fv2%2Ftags&post=39942"}],"curies":[{"name":"wp","href":"https:\/\/api.w.org\/{rel}","templated":true}]}}