{"id":40119,"date":"2025-10-23T11:20:56","date_gmt":"2025-10-23T10:20:56","guid":{"rendered":"https:\/\/cfdt-recherche-epst.org\/?p=40119"},"modified":"2025-11-24T14:28:04","modified_gmt":"2025-11-24T13:28:04","slug":"la-cfdt-fer-de-lance-de-la-reconnaissance-du-cancer-du-sein-en-maladie-professionnelle","status":"publish","type":"post","link":"https:\/\/cfdt-recherche-epst.org\/?p=40119","title":{"rendered":"La CFDT, fer de lance de la reconnaissance du cancer du sein en maladie professionnelle"},"content":{"rendered":"\n<figure class=\"wp-block-image size-full\"><img loading=\"lazy\" decoding=\"async\" width=\"731\" height=\"186\" src=\"https:\/\/cfdt-recherche-epst.org\/wp-content\/uploads\/2025\/05\/logo-CFDT-Recherche-EPST-770x196-BLANC.png\" alt=\"\" class=\"wp-image-39495\" srcset=\"https:\/\/cfdt-recherche-epst.org\/wp-content\/uploads\/2025\/05\/logo-CFDT-Recherche-EPST-770x196-BLANC.png 731w, https:\/\/cfdt-recherche-epst.org\/wp-content\/uploads\/2025\/05\/logo-CFDT-Recherche-EPST-770x196-BLANC-300x76.png 300w\" sizes=\"auto, (max-width: 731px) 100vw, 731px\" \/><\/figure>\n\n\n\n<p>Le cancer du sein est l\u2019une des formes de cancer les plus courantes chez les femmes, mais il est \u00e9galement en augmentation chez les hommes. Face \u00e0 cette r\u00e9alit\u00e9 alarmante, la <mark style=\"background-color:rgba(0, 0, 0, 0)\" class=\"has-inline-color has-luminous-vivid-orange-color\"><strong>CFDT<\/strong><\/mark> se mobilise et a d\u00e9j\u00e0 obtenu la reconnaissance du cancer du sein comme maladie professionnelle sous certaines conditions pour plusieurs adh\u00e9rentes. Cette revendication, loin d\u2019\u00eatre anecdotique, rev\u00eat une importance capitale pour la sant\u00e9 des travailleurs et des travailleuses.<\/p>\n\n\n<div class=\"wp-block-image\">\n<figure class=\"aligncenter size-full\"><img loading=\"lazy\" decoding=\"async\" width=\"419\" height=\"207\" src=\"https:\/\/cfdt-recherche-epst.org\/wp-content\/uploads\/2025\/10\/Sein.png\" alt=\"\" class=\"wp-image-40118\" srcset=\"https:\/\/cfdt-recherche-epst.org\/wp-content\/uploads\/2025\/10\/Sein.png 419w, https:\/\/cfdt-recherche-epst.org\/wp-content\/uploads\/2025\/10\/Sein-300x148.png 300w\" sizes=\"auto, (max-width: 419px) 100vw, 419px\" \/><\/figure>\n<\/div>\n\n\n<p><strong>Un enjeu de sant\u00e9 publique<\/strong><\/p>\n\n\n\n<p>Le cancer du sein touche des milliers de personnes chaque ann\u00e9e en France. Selon les chiffres de l\u2019INSEE, environ 61 000 nouveaux cas sont diagnostiqu\u00e9s chaque ann\u00e9e, faisant de cette maladie un enjeu majeur de sant\u00e9 publique. La prise en charge pr\u00e9coce est essentielle, mais la reconnaissance en tant que maladie professionnelle permettrait d\u2019am\u00e9liorer encore cette prise en charge.<br><\/p>\n\n\n\n<p><strong>La r\u00e9alit\u00e9 du monde du travail<\/strong><\/p>\n\n\n\n<p>De nombreuses \u00e9tudes ont montr\u00e9 que certaines professions exposent les travailleurs \u00e0 des risques accrus de d\u00e9velopper un cancer du sein. Parmi celles-ci, on retrouve les m\u00e9tiers li\u00e9s aux produits chimiques, aux radiations, ainsi que ceux comportant des horaires de travail atypiques. <\/p>\n\n\n\n<p class=\"has-text-align-center\"><strong><mark style=\"background-color:rgba(0, 0, 0, 0)\" class=\"has-inline-color has-luminous-vivid-orange-color\">Nos m\u00e9tiers dans les EPST peuvent \u00eatre des m\u00e9tiers \u00e0 risques<\/mark><\/strong> <\/p>\n\n\n\n<p>Dans ce contexte, la <strong><mark style=\"background-color:rgba(0, 0, 0, 0)\" class=\"has-inline-color has-luminous-vivid-orange-color\">CFDT<\/mark><\/strong> souligne l&rsquo;importance d\u2019une telle reconnaissance pour :<\/p>\n\n\n\n<ol class=\"wp-block-list\">\n<li><strong>Prot\u00e9ger les travailleurs<\/strong> : En int\u00e9grant le cancer du sein dans le cadre des maladies professionnelles, la protection des travailleurs serait renforc\u00e9e, et les employeurs seraient incit\u00e9s \u00e0 am\u00e9liorer les conditions de travail et de s\u00e9curit\u00e9<\/li>\n\n\n\n<li><strong>Faciliter l\u2019acc\u00e8s aux soins<\/strong> : La reconnaissance permettrait aux victimes de b\u00e9n\u00e9ficier de compensations financi\u00e8res et d\u2019une meilleure prise en charge m\u00e9dicale, all\u00e9geant ainsi le fardeau des traitements co\u00fbteux<\/li>\n\n\n\n<li><strong>Lutter contre la stigmatisation<\/strong> : En officialisant cette reconnaissance, la <strong><mark style=\"background-color:rgba(0, 0, 0, 0)\" class=\"has-inline-color has-luminous-vivid-orange-color\">CFDT<\/mark><\/strong> souhaite mettre fin \u00e0 la stigmatisation entourant le cancer du sein, souvent per\u00e7u comme une maladie \u00ab\u00a0hors du monde du travail\u00a0\u00bb.<br><\/li>\n<\/ol>\n\n\n\n<p><strong>Un appel \u00e0 l\u2019action<\/strong><br>La <strong><mark style=\"background-color:rgba(0, 0, 0, 0)\" class=\"has-inline-color has-luminous-vivid-orange-color\">CFDT<\/mark><\/strong> appelle donc les d\u00e9cideurs \u00e0 prendre en compte les r\u00e9alit\u00e9s du monde du travail et \u00e0 agir en faveur de la reconnaissance du cancer du sein comme maladie professionnelle. Cela passe par :<\/p>\n\n\n\n<ul class=\"wp-block-list\">\n<li><strong>Des \u00e9tudes \u00e9pid\u00e9miologiques<\/strong> approfondies pour identifier les liens entre certaines professions et le d\u00e9veloppement de cette maladie<\/li>\n\n\n\n<li><strong>Des campagnes de sensibilisation<\/strong> aupr\u00e8s des employeurs et des travailleurs pour informer sur les risques et les mesures de pr\u00e9vention<\/li>\n\n\n\n<li><strong>Un dialogue social renforc\u00e9 <\/strong>pour que les syndicats puissent d\u00e9fendre les droits et la sant\u00e9 des travailleurs.<br><\/li>\n<\/ul>\n\n\n\n<p class=\"has-medium-font-size\"><strong>Conclusion<\/strong><\/p>\n\n\n\n<p>La reconnaissance du cancer du sein comme maladie professionnelle est une revendication essentielle. Elle s\u2019inscrit dans un combat plus large pour la sant\u00e9 au travail et la protection des travailleurs. La <strong><mark style=\"background-color:rgba(0, 0, 0, 0)\" class=\"has-inline-color has-luminous-vivid-orange-color\">CFDT<\/mark><\/strong>, en agissant pour cette cause, d\u00e9fend non seulement les droits des victimes, mais aussi l\u2019avenir de toutes les personnes expos\u00e9es \u00e0 des risques professionnels. <br><strong><mark style=\"background-color:rgba(0, 0, 0, 0)\" class=\"has-inline-color has-luminous-vivid-orange-color\">Ensemble, faisons entendre notre voix pour que le cancer du sein soit enfin reconnu comme une r\u00e9alit\u00e9 du monde du travail<\/mark><\/strong>.<\/p>\n\n\n\n<p>Brochure CFDT : <a href=\"https:\/\/cfdt-recherche-epst.org\/wp-content\/uploads\/2025\/10\/brochure_cancer.pdf\" target=\"_blank\" rel=\"noreferrer noopener\">Cancer du sein &#8211; Pour une v\u00e9ritable pr\u00e9vention primaire<\/a><\/p>\n","protected":false},"excerpt":{"rendered":"<p>Le cancer du sein est l\u2019une des formes de cancer les plus courantes chez les femmes, mais il est \u00e9galement en augmentation chez les hommes. Face \u00e0 cette r\u00e9alit\u00e9 alarmante, la CFDT se mobilise et a d\u00e9j\u00e0 obtenu la reconnaissance du cancer du sein comme maladie professionnelle sous certaines conditions<\/p>\n","protected":false},"author":19,"featured_media":0,"comment_status":"closed","ping_status":"open","sticky":false,"template":"","format":"standard","meta":{"footnotes":""},"categories":[754,5,624,808],"tags":[],"class_list":["post-40119","post","type-post","status-publish","format-standard","hentry","category-communication","category-epst","category-newsletter","category-sante","ct-col-2"],"amp_enabled":true,"_links":{"self":[{"href":"https:\/\/cfdt-recherche-epst.org\/index.php?rest_route=\/wp\/v2\/posts\/40119","targetHints":{"allow":["GET"]}}],"collection":[{"href":"https:\/\/cfdt-recherche-epst.org\/index.php?rest_route=\/wp\/v2\/posts"}],"about":[{"href":"https:\/\/cfdt-recherche-epst.org\/index.php?rest_route=\/wp\/v2\/types\/post"}],"author":[{"embeddable":true,"href":"https:\/\/cfdt-recherche-epst.org\/index.php?rest_route=\/wp\/v2\/users\/19"}],"replies":[{"embeddable":true,"href":"https:\/\/cfdt-recherche-epst.org\/index.php?rest_route=%2Fwp%2Fv2%2Fcomments&post=40119"}],"version-history":[{"count":10,"href":"https:\/\/cfdt-recherche-epst.org\/index.php?rest_route=\/wp\/v2\/posts\/40119\/revisions"}],"predecessor-version":[{"id":40226,"href":"https:\/\/cfdt-recherche-epst.org\/index.php?rest_route=\/wp\/v2\/posts\/40119\/revisions\/40226"}],"wp:attachment":[{"href":"https:\/\/cfdt-recherche-epst.org\/index.php?rest_route=%2Fwp%2Fv2%2Fmedia&parent=40119"}],"wp:term":[{"taxonomy":"category","embeddable":true,"href":"https:\/\/cfdt-recherche-epst.org\/index.php?rest_route=%2Fwp%2Fv2%2Fcategories&post=40119"},{"taxonomy":"post_tag","embeddable":true,"href":"https:\/\/cfdt-recherche-epst.org\/index.php?rest_route=%2Fwp%2Fv2%2Ftags&post=40119"}],"curies":[{"name":"wp","href":"https:\/\/api.w.org\/{rel}","templated":true}]}}