{"id":40340,"date":"2025-12-08T16:16:06","date_gmt":"2025-12-08T15:16:06","guid":{"rendered":"https:\/\/cfdt-recherche-epst.org\/?p=40340"},"modified":"2025-12-12T16:49:04","modified_gmt":"2025-12-12T15:49:04","slug":"conditions-de-travail-la-dr2-senfonce-dans-lautoritarisme","status":"publish","type":"post","link":"https:\/\/cfdt-recherche-epst.org\/?p=40340","title":{"rendered":"CNRS Conditions de travail\u00a0: La DR2 s\u2019enfonce dans l\u2019autoritarisme"},"content":{"rendered":"\n<figure class=\"wp-block-image size-full\"><img loading=\"lazy\" decoding=\"async\" width=\"339\" height=\"234\" src=\"https:\/\/cfdt-recherche-epst.org\/wp-content\/uploads\/2025\/12\/CFDT-CGT.png\" alt=\"\" class=\"wp-image-40339\" srcset=\"https:\/\/cfdt-recherche-epst.org\/wp-content\/uploads\/2025\/12\/CFDT-CGT.png 339w, https:\/\/cfdt-recherche-epst.org\/wp-content\/uploads\/2025\/12\/CFDT-CGT-300x207.png 300w\" sizes=\"auto, (max-width: 339px) 100vw, 339px\" \/><\/figure>\n\n\n\n<p>Le SNTRS-CGT et la CFDT-Recherche EPST constate une <strong>forte d\u00e9t\u00e9rioration des conditions de travail<\/strong> des personnels administratifs de la D\u00e9l\u00e9gation Paris-Centre. Ce constat ne date pas d\u2019aujourd\u2019hui, mais a \u00e9t\u00e9 renforc\u00e9 ces derniers mois, voire ces derni\u00e8res ann\u00e9es, par la baisse des r\u00e9cup\u00e9rations d\u2019heures, la mise en place du Flex-office, ou le turn-over important des contrats courts. Tout derni\u00e8rement, nous constatons un renforcement de <strong>l\u2019autoritarisme manag\u00e9rial<\/strong> dans certains services, qui se traduit par&nbsp;:<\/p>\n\n\n\n<ul class=\"wp-block-list\">\n<li><strong>Surveillance et contr\u00f4le<\/strong>\u00a0:<ul><li>Les horaires\u00a0: obligation de pr\u00e9sence \u00e0 9h pour une formation, mais la journ\u00e9e se passe et la formation\u00a0n\u2019a pas eu lieu\u00a0; obligation de pr\u00e9sence \u00e0 des heures fixes<\/li><\/ul>\n<ul class=\"wp-block-list\">\n<li>L\u2019activit\u00e9\u00a0: obligation de se connecter sur les outils Zoom\u00a0m\u00eame en pr\u00e9sentiel ; justification de l\u2019activit\u00e9 en t\u00e9l\u00e9travail<\/li>\n<\/ul>\n<\/li>\n\n\n\n<li><strong>Management brutal des cong\u00e9s<\/strong>\u00a0:<ul><li>Impossibilit\u00e9 de poser des cong\u00e9s en fin d\u2019ann\u00e9e\u00a0;<\/li><\/ul>\n<ul class=\"wp-block-list\">\n<li>Des responsables qui prennent 15j de cong\u00e9s, et obligent leurs agent.es \u00e0 ne prendre qu\u20191 semaine maximum<\/li>\n<\/ul>\n<\/li>\n\n\n\n<li>Un conseil de service qui ne prend pas en compte le vote des \u00e9lus du personnel<\/li>\n\n\n\n<li><strong>Minimisation des violences<\/strong> des rapports professionnels\u00a0: \u00ab\u00a0c\u2019est un conflit de g\u00e9n\u00e9ration\u00a0\u00bb\u00a0!<\/li>\n\n\n\n<li>Enfin, une <strong>lib\u00e9ration inacceptable de la<\/strong> <strong>parole violente<\/strong>, avec des insultes (\u00ab\u00a0boulet\u00a0\u00bb) et des mises au pas (\u00ab\u00a0on ne dit pas non\u00a0\u00e0 son responsable \u00bb).<\/li>\n<\/ul>\n\n\n\n<p>Nous constatons \u00e9galement <strong>une attaque sans pr\u00e9c\u00e9dent sur les statuts<\/strong>, et une dilapidation de l\u2019argent du CNRS&nbsp;: on n\u2019h\u00e9site plus \u00e0 pousser des personnels statutaires vers la <strong>mobilit\u00e9<\/strong> ou \u00e0 <strong>licencier<\/strong> des agent.es en stage qui ont fait leur preuve. Le CNRS serait-il si riche&nbsp;qu\u2019il peut se permettre de jeter de l\u2019argent par les fen\u00eatres&nbsp;?<\/p>\n\n\n\n<p>D\u00e9j\u00e0, le questionnaire de l\u2019an dernier laissait apparaitre de nombreuses <strong>souffrances au travail<\/strong>, une <strong>pression<\/strong> inacceptable sur les personnels, un <strong>manque de moyen et de personnels<\/strong>, une d\u00e9t\u00e9rioration des conditions de travail.<\/p>\n\n\n\n<p>Le CNRS se pr\u00e9occupe-t-il vraiment de la <strong>Qualit\u00e9 de Vie au Travail (QVT)<\/strong> de ses agents ?<\/p>\n\n\n\n<p><strong>Permanence de nos syndicats&nbsp;:<\/strong><\/p>\n\n\n\n<p><strong>CFDT le mardi 12h30-13h30 au bureau 508 CFDT tour 65 5<sup>\u00e8me<\/sup> \u00e9tage Campus Jussieu.<\/strong><\/p>\n\n\n\n<p><strong><s>\u00c7a suffit&nbsp;!<\/s> &nbsp;CGT Chaque jeudi, de 12h30 \u00e0 13h30 au local syndical (sous-sol) de la d\u00e9l\u00e9gation<\/strong><\/p>\n\n\n\n<p><strong>Statutaires et CDD, venez nous rencontrer pour\u00a0:<\/strong><br><strong>&#8211; S\u2019informer, connaitre et faire appliquer vos droits<\/strong><br>&#8211; <strong>S\u2019organiser avec d\u2019autres militants pour faire aboutir vos\/<s>nos <\/s>revendications<\/strong><br>&#8211; <strong>S\u2019entraider et r\u00e9soudre des probl\u00e8mes<\/strong><br>&#8211; <strong>\u00c9changer nos exp\u00e9riences<\/strong><\/p>\n\n\n\n<figure class=\"wp-block-table\"><table class=\"has-fixed-layout\"><tbody><tr><td><\/td><td><\/td><\/tr><\/tbody><\/table><\/figure>\n","protected":false},"excerpt":{"rendered":"<p>Le SNTRS-CGT et la CFDT-Recherche EPST constate une forte d\u00e9t\u00e9rioration des conditions de travail des personnels administratifs de la D\u00e9l\u00e9gation Paris-Centre. Ce constat ne date pas d\u2019aujourd\u2019hui, mais a \u00e9t\u00e9 renforc\u00e9 ces derniers mois, voire ces derni\u00e8res ann\u00e9es, par la baisse des r\u00e9cup\u00e9rations d\u2019heures, la mise en place du Flex-office,<\/p>\n","protected":false},"author":19,"featured_media":0,"comment_status":"closed","ping_status":"open","sticky":false,"template":"","format":"standard","meta":{"footnotes":""},"categories":[756,648],"tags":[],"class_list":["post-40340","post","type-post","status-publish","format-standard","hentry","category-cnrs","category-paris-idf-est","ct-col-2"],"amp_enabled":true,"_links":{"self":[{"href":"https:\/\/cfdt-recherche-epst.org\/index.php?rest_route=\/wp\/v2\/posts\/40340","targetHints":{"allow":["GET"]}}],"collection":[{"href":"https:\/\/cfdt-recherche-epst.org\/index.php?rest_route=\/wp\/v2\/posts"}],"about":[{"href":"https:\/\/cfdt-recherche-epst.org\/index.php?rest_route=\/wp\/v2\/types\/post"}],"author":[{"embeddable":true,"href":"https:\/\/cfdt-recherche-epst.org\/index.php?rest_route=\/wp\/v2\/users\/19"}],"replies":[{"embeddable":true,"href":"https:\/\/cfdt-recherche-epst.org\/index.php?rest_route=%2Fwp%2Fv2%2Fcomments&post=40340"}],"version-history":[{"count":2,"href":"https:\/\/cfdt-recherche-epst.org\/index.php?rest_route=\/wp\/v2\/posts\/40340\/revisions"}],"predecessor-version":[{"id":40400,"href":"https:\/\/cfdt-recherche-epst.org\/index.php?rest_route=\/wp\/v2\/posts\/40340\/revisions\/40400"}],"wp:attachment":[{"href":"https:\/\/cfdt-recherche-epst.org\/index.php?rest_route=%2Fwp%2Fv2%2Fmedia&parent=40340"}],"wp:term":[{"taxonomy":"category","embeddable":true,"href":"https:\/\/cfdt-recherche-epst.org\/index.php?rest_route=%2Fwp%2Fv2%2Fcategories&post=40340"},{"taxonomy":"post_tag","embeddable":true,"href":"https:\/\/cfdt-recherche-epst.org\/index.php?rest_route=%2Fwp%2Fv2%2Ftags&post=40340"}],"curies":[{"name":"wp","href":"https:\/\/api.w.org\/{rel}","templated":true}]}}