{"id":40369,"date":"2025-12-11T18:00:46","date_gmt":"2025-12-11T17:00:46","guid":{"rendered":"https:\/\/cfdt-recherche-epst.org\/?p=40369"},"modified":"2026-03-25T15:44:14","modified_gmt":"2026-03-25T14:44:14","slug":"la-loi-de-1905-sur-la-laicite-a-120-ans","status":"publish","type":"post","link":"https:\/\/cfdt-recherche-epst.org\/?p=40369","title":{"rendered":"La loi de 1905 sur la la\u00efcit\u00e9 a 120 ans\u2026"},"content":{"rendered":"\n<figure class=\"wp-block-image size-full\"><img loading=\"lazy\" decoding=\"async\" width=\"300\" height=\"111\" src=\"https:\/\/cfdt-recherche-epst.org\/wp-content\/uploads\/2024\/05\/2.logo_horiz_sign_RVB_orange-300x111-1.jpg\" alt=\"\" class=\"wp-image-37139\"\/><\/figure>\n\n\n\n<p class=\"has-medium-font-size\"><strong>&#8230;. et comment se porte t-elle?<\/strong><\/p>\n\n\n\n<p>\u00c0 l\u2019occasion des 120 ans de la loi de s\u00e9paration des \u00c9glises et de l\u2019\u00c9tat, relire les positions de la <mark style=\"background-color:rgba(0, 0, 0, 0)\" class=\"has-inline-color has-luminous-vivid-orange-color\"><strong>CFDT \u00c9ducation formation recherche publiques<\/strong><\/mark> depuis qu\u2019elle est le Sgen-CFDT, permet de comprendre ce qu\u2019est la la\u00efcit\u00e9 : \u00e0 la fois un principe structurant le vivre-ensemble, un enjeu professionnel quotidien, et un enjeu d\u00e9mocratique majeur face aux menaces in\u00e9galitaires et autoritaires. L\u2019\u00c9cole est le lieu o\u00f9 se joue la promesse la\u00efque d\u2019\u00e9mancipation.<\/p>\n\n\n\n<p class=\"has-luminous-vivid-amber-background-color has-background has-medium-font-size\"><strong>120 ans de la loi de 1905 : La\u00efcit\u00e9, \u00c9cole et d\u00e9mocratie<\/strong><\/p>\n\n\n\n<p><br>La loi de 1905 appara\u00eet comme un cadre stabilis\u00e9. Les grandes tensions historiques, essentiellement li\u00e9es au catholicisme, ont \u00e9t\u00e9 apais\u00e9es par les lois Debr\u00e9 et les accords Lang-Cloupet. L\u2019\u00c9cole, longtemps terrain d\u2019affrontement, b\u00e9n\u00e9ficiera pendant un certain temps d\u2019un \u00e9quilibre reconnu, m\u00eame s\u2019il reste contest\u00e9 par endroits.<\/p>\n\n\n\n<p>Rappelons que&nbsp;<strong>la la\u00efcit\u00e9 est constitutive de l\u2019histoire de la <mark style=\"background-color:rgba(0, 0, 0, 0)\" class=\"has-inline-color has-luminous-vivid-orange-color\">CFDT<\/mark> et du Sgen-CFDT<\/strong>&nbsp;qui y a jou\u00e9 un grand r\u00f4le puisqu\u2019il est \u00e0 l\u2019origine des combats pour la d\u00e9confessionnalisation de la CFTC.<\/p>\n\n\n\n<p>La la\u00efcit\u00e9 repr\u00e9sente un id\u00e9al politique qui garantit l\u2019\u00e9galit\u00e9 et rassemble au-del\u00e0 des appartenances. La progression de l\u2019islam, souvent per\u00e7ue comme \u00ab \u00e9trang\u00e8re \u00bb, en lien avec les difficult\u00e9s sociales, ravive parfois les d\u00e9bats. Le <mark style=\"background-color:rgba(0, 0, 0, 0)\" class=\"has-inline-color has-luminous-vivid-orange-color\"><strong>CFDT \u00e9ducation formation recherche publique<\/strong><\/mark> souligne cependant avec force :<\/p>\n\n\n\n<p class=\"has-text-align-center has-medium-font-size\"><strong><mark style=\"background-color:rgba(0, 0, 0, 0)\" class=\"has-inline-color has-luminous-vivid-orange-color\">Ce ne sont pas les religions qui heurtent la la\u00efcit\u00e9, mais les fondamentalismes.<\/mark><\/strong><\/p>\n\n\n\n<p>Notre organisation plaide alors pour une approche essentiellement&nbsp;<strong>p\u00e9dagogique<\/strong>&nbsp;:<\/p>\n\n\n\n<ul class=\"wp-block-list\">\n<li>enseigner le fait religieux,<\/li>\n\n\n\n<li>renforcer la formation des enseignants,<\/li>\n\n\n\n<li>lutter contre les pr\u00e9jug\u00e9s,<\/li>\n\n\n\n<li>reconna\u00eetre la diversit\u00e9 des h\u00e9ritages culturels.<\/li>\n<\/ul>\n\n\n\n<p>La la\u00efcit\u00e9 y est pens\u00e9e comme un&nbsp;<strong>cadre commun<\/strong>,&nbsp;<a href=\"https:\/\/www.sgen-cfdt.fr\/actu\/laicite-un-ideal-a-faire-vivre\/\" target=\"_blank\" rel=\"noreferrer noopener\">ouvert et protecteur<\/a>.<\/p>\n\n\n\n<figure class=\"wp-block-image size-full\"><img loading=\"lazy\" decoding=\"async\" width=\"768\" height=\"551\" src=\"https:\/\/cfdt-recherche-epst.org\/wp-content\/uploads\/2025\/12\/Capture-decran-2025-12-01-102354-768x551-1.png\" alt=\"\" class=\"wp-image-40370\" srcset=\"https:\/\/cfdt-recherche-epst.org\/wp-content\/uploads\/2025\/12\/Capture-decran-2025-12-01-102354-768x551-1.png 768w, https:\/\/cfdt-recherche-epst.org\/wp-content\/uploads\/2025\/12\/Capture-decran-2025-12-01-102354-768x551-1-300x215.png 300w\" sizes=\"auto, (max-width: 768px) 100vw, 768px\" \/><\/figure>\n\n\n\n<p class=\"has-luminous-vivid-amber-background-color has-background has-medium-font-size\"><strong>Une la\u00efcit\u00e9 de terrain, source de tensions et de dilemmes<\/strong><\/p>\n\n\n\n<p>Les t\u00e9moignages publi\u00e9s dans notre grand&nbsp;<a href=\"https:\/\/sgen-cfdt.fr\/contenu\/uploads\/2023\/12\/293-Dossier-_compressed.pdf\" target=\"_blank\" rel=\"noreferrer noopener\">dossier de 2023<\/a>&nbsp;montrent un changement profond de climat. La la\u00efcit\u00e9 n\u2019est plus seulement un principe : c\u2019est une&nbsp;<strong>pratique professionnelle complexe<\/strong>, parfois source d\u2019isolement, de tensions et m\u00eame de menaces.<\/p>\n\n\n\n<p>Les personnels d\u00e9crivent :<\/p>\n\n\n\n<ul class=\"wp-block-list\">\n<li>des tenues religieuses\/culturelles suscitant controverses et incompr\u00e9hensions ;<\/li>\n\n\n\n<li>des revendications identitaires ou religieuses brouillant les rep\u00e8res ;<\/li>\n\n\n\n<li>des contestations de cours d\u2019histoire, de SVT, d\u2019\u00e9ducation \u00e0 l\u2019\u00e9galit\u00e9 ;<\/li>\n\n\n\n<li>la peur d\u2019\u00eatre accus\u00e9 de racisme ou d\u2019intol\u00e9rance ;<\/li>\n\n\n\n<li>des pressions ext\u00e9rieures, venant parfois de groupes organis\u00e9s.<\/li>\n<\/ul>\n\n\n\n<p>Les missions \u00e9ducatives s\u2019en trouvent fragilis\u00e9es. Un mot revient dans les t\u00e9moignages :&nbsp;<strong>l\u2019incertitude<\/strong>.<br>Face \u00e0 des dilemmes \u00e9thiques, les coll\u00e8gues manquent d\u2019outils, de temps, et parfois de soutien. Le Sgen-CFDT note que les personnels expos\u00e9s se sentent trop souvent \u00ab seuls \u00bb devant des situations sensibles o\u00f9 leur parole peut \u00eatre d\u00e9form\u00e9e ou instrumentalis\u00e9e.<\/p>\n\n\n\n<p>Face \u00e0 cette \u00e9volution, nous insistons sur deux points essentiels :<\/p>\n\n\n\n<ul class=\"wp-block-list\">\n<li><strong>Ne pas abandonner la la\u00efcit\u00e9 \u00e0 celles et ceux qui veulent la d\u00e9tourner.&nbsp;<\/strong>La la\u00efcit\u00e9 ne peut devenir un outil d\u2019exclusion, ni un pr\u00e9texte \u00e0 stigmatiser certaines populations.<\/li>\n\n\n\n<li><strong>R\u00e9affirmer sa finalit\u00e9 : prot\u00e9ger tous les \u00e9l\u00e8ves, \u00e9manciper, permettre de penser librement.&nbsp;<\/strong>La&nbsp;<a href=\"https:\/\/www.legifrance.gouv.fr\/jorf\/id\/JORFTEXT000000417977\" target=\"_blank\" rel=\"noreferrer noopener\">loi de 2004<\/a>&nbsp;n\u2019est pas une loi de contrainte : c\u2019est une loi d\u2019\u00e9ducation.<\/li>\n<\/ul>\n\n\n\n<p>Les revendications sont claires :<\/p>\n\n\n\n<ul class=\"wp-block-list\">\n<li>du temps dans le service pour r\u00e9fl\u00e9chir collectivement ;<\/li>\n\n\n\n<li>de la formation en pr\u00e9sentiel, pour tous les personnels ;<\/li>\n\n\n\n<li>des espaces de parole pour les \u00e9l\u00e8ves ;<\/li>\n\n\n\n<li>la n\u00e9cessit\u00e9 d\u2019une politique forte de mixit\u00e9 sociale ;<\/li>\n\n\n\n<li>une meilleure protection institutionnelle face aux menaces.<\/li>\n<\/ul>\n\n\n\n<p>La la\u00efcit\u00e9 devient alors un enjeu de&nbsp;<strong>conditions de travail<\/strong>, de&nbsp;<strong>s\u00e9curit\u00e9 professionnelle<\/strong>, et de&nbsp;<strong>coh\u00e9sion \u00e9ducative<\/strong>.<\/p>\n\n\n\n<p class=\"has-luminous-vivid-amber-background-color has-background has-medium-font-size\"><strong>La la\u00efcit\u00e9 face aux menaces in\u00e9galitaires et autoritaires<\/strong><\/p>\n\n\n\n<p>En 2025, avec la mont\u00e9e de l\u2019extr\u00eame droite, le d\u00e9bat s\u2019\u00e9largit encore. Notre dossier&nbsp;<a href=\"https:\/\/sgen-cfdt.fr\/contenu\/uploads\/2025\/06\/300-Rallumer-les-Lumieres.pdf\" target=\"_blank\" rel=\"noreferrer noopener\">Rallumer les Lumi\u00e8res<\/a>&nbsp;analyse comment les id\u00e9ologies in\u00e9galitaires, nationalistes et autoritaires attaquent simultan\u00e9ment :<\/p>\n\n\n\n<ul class=\"wp-block-list\">\n<li>l\u2019\u00e9galit\u00e9 des droits,<\/li>\n\n\n\n<li>la libert\u00e9 acad\u00e9mique,<\/li>\n\n\n\n<li>la libert\u00e9 p\u00e9dagogique,<\/li>\n\n\n\n<li>les savoirs scientifiques,<\/li>\n\n\n\n<li>les syndicats,<\/li>\n\n\n\n<li>et la la\u00efcit\u00e9 elle-m\u00eame.<\/li>\n<\/ul>\n\n\n\n<p>L\u2019extr\u00eame droite instrumentalise en effet la la\u00efcit\u00e9 pour en faire&nbsp;<strong>un outil identitaire<\/strong>, d\u00e9tournant un principe qui vise l\u2019universalit\u00e9 et la libert\u00e9 de conscience. Les attaques contre l\u2019\u00c9cole s\u2019intensifient :<\/p>\n\n\n\n<ul class=\"wp-block-list\">\n<li>campagnes de harc\u00e8lement en ligne contre des enseignants,<\/li>\n\n\n\n<li>pression sur les contenus jug\u00e9s \u00ab sensibles \u00bb (migrations, \u00e9galit\u00e9 filles-gar\u00e7ons, histoire),<\/li>\n\n\n\n<li>r\u00e9seaux organis\u00e9s pour surveiller ou intimider (ex. \u00ab Parents vigilants \u00bb),<\/li>\n\n\n\n<li>attaques contre les chercheurs et les institutions scientifiques.<\/li>\n<\/ul>\n\n\n\n<p>Ces m\u00e9thodes ne sont pas isol\u00e9es : le dossier montre comment elles reproduisent ce qui s\u2019est pass\u00e9 aux \u00c9tats-Unis, o\u00f9 l\u2019extr\u00eame droite a affaibli le minist\u00e8re de l\u2019\u00c9ducation, censur\u00e9 des programmes et menac\u00e9 des personnels.<\/p>\n\n\n\n<p>L\u2019\u00c9cole devient un&nbsp;<strong>enjeu strat\u00e9gique<\/strong>, parce qu\u2019elle est un lieu o\u00f9 se construisent l\u2019esprit critique, la pens\u00e9e rationnelle et la capacit\u00e9 \u00e0 r\u00e9sister \u00e0 la d\u00e9sinformation.<\/p>\n\n\n\n<figure class=\"wp-block-image size-full is-resized\"><img loading=\"lazy\" decoding=\"async\" width=\"500\" height=\"500\" src=\"https:\/\/cfdt-recherche-epst.org\/wp-content\/uploads\/2025\/12\/Laicite.png\" alt=\"\" class=\"wp-image-40371\" style=\"width:618px;height:auto\" srcset=\"https:\/\/cfdt-recherche-epst.org\/wp-content\/uploads\/2025\/12\/Laicite.png 500w, https:\/\/cfdt-recherche-epst.org\/wp-content\/uploads\/2025\/12\/Laicite-300x300.png 300w, https:\/\/cfdt-recherche-epst.org\/wp-content\/uploads\/2025\/12\/Laicite-150x150.png 150w\" sizes=\"auto, (max-width: 500px) 100vw, 500px\" \/><\/figure>\n\n\n\n<p class=\"has-luminous-vivid-amber-background-color has-background has-medium-font-size\"><strong>Pour une la\u00efcit\u00e9 qui prot\u00e8ge et \u00e9mancipe<\/strong><\/p>\n\n\n\n<p>\u00c0 120 ans, la loi de 1905 n\u2019a rien perdu de son actualit\u00e9 et de son mordant. Elle demeure la condition de la libert\u00e9 de conscience, de la neutralit\u00e9 de l\u2019\u00c9tat et de l\u2019\u00e9galit\u00e9 des citoyennes et des citoyens. Mais son avenir d\u00e9pend aujourd\u2019hui de trois exigences :<\/p>\n\n\n\n<ul class=\"wp-block-list\">\n<li><strong>prot\u00e9ger<\/strong>&nbsp;les personnels confront\u00e9s aux tensions et aux pressions ;<\/li>\n\n\n\n<li><strong>former et accompagner<\/strong>&nbsp;pour faire vivre une la\u00efcit\u00e9 de dialogue et d\u2019intelligence ;<\/li>\n\n\n\n<li><strong>d\u00e9fendre la d\u00e9mocratie<\/strong>&nbsp;contre les id\u00e9ologies qui veulent transformer la la\u00efcit\u00e9 en instrument d\u2019exclusion.<\/li>\n<\/ul>\n\n\n\n<p>La la\u00efcit\u00e9 n\u2019est pas un h\u00e9ritage immobile : c\u2019est un projet, un travail, une vigilance. Elle n\u2019est ni la m\u00e9fiance ni la contrainte : elle est la&nbsp;<strong>condition de l\u2019\u00e9mancipation<\/strong>.<\/p>\n","protected":false},"excerpt":{"rendered":"<p>&#8230;. et comment se porte t-elle? \u00c0 l\u2019occasion des 120 ans de la loi de s\u00e9paration des \u00c9glises et de l\u2019\u00c9tat, relire les positions de la CFDT \u00c9ducation formation recherche publiques depuis qu\u2019elle est le Sgen-CFDT, permet de comprendre ce qu\u2019est la la\u00efcit\u00e9 : \u00e0 la fois un principe structurant<\/p>\n","protected":false},"author":19,"featured_media":0,"comment_status":"closed","ping_status":"open","sticky":false,"template":"","format":"standard","meta":{"footnotes":""},"categories":[5],"tags":[],"class_list":["post-40369","post","type-post","status-publish","format-standard","hentry","category-epst","ct-col-2"],"amp_enabled":true,"_links":{"self":[{"href":"https:\/\/cfdt-recherche-epst.org\/index.php?rest_route=\/wp\/v2\/posts\/40369","targetHints":{"allow":["GET"]}}],"collection":[{"href":"https:\/\/cfdt-recherche-epst.org\/index.php?rest_route=\/wp\/v2\/posts"}],"about":[{"href":"https:\/\/cfdt-recherche-epst.org\/index.php?rest_route=\/wp\/v2\/types\/post"}],"author":[{"embeddable":true,"href":"https:\/\/cfdt-recherche-epst.org\/index.php?rest_route=\/wp\/v2\/users\/19"}],"replies":[{"embeddable":true,"href":"https:\/\/cfdt-recherche-epst.org\/index.php?rest_route=%2Fwp%2Fv2%2Fcomments&post=40369"}],"version-history":[{"count":7,"href":"https:\/\/cfdt-recherche-epst.org\/index.php?rest_route=\/wp\/v2\/posts\/40369\/revisions"}],"predecessor-version":[{"id":40380,"href":"https:\/\/cfdt-recherche-epst.org\/index.php?rest_route=\/wp\/v2\/posts\/40369\/revisions\/40380"}],"wp:attachment":[{"href":"https:\/\/cfdt-recherche-epst.org\/index.php?rest_route=%2Fwp%2Fv2%2Fmedia&parent=40369"}],"wp:term":[{"taxonomy":"category","embeddable":true,"href":"https:\/\/cfdt-recherche-epst.org\/index.php?rest_route=%2Fwp%2Fv2%2Fcategories&post=40369"},{"taxonomy":"post_tag","embeddable":true,"href":"https:\/\/cfdt-recherche-epst.org\/index.php?rest_route=%2Fwp%2Fv2%2Ftags&post=40369"}],"curies":[{"name":"wp","href":"https:\/\/api.w.org\/{rel}","templated":true}]}}