{"id":40879,"date":"2026-04-28T09:57:40","date_gmt":"2026-04-28T08:57:40","guid":{"rendered":"https:\/\/cfdt-recherche-epst.org\/?p=40879"},"modified":"2026-04-28T09:57:40","modified_gmt":"2026-04-28T08:57:40","slug":"inserm-prestations-sociales","status":"publish","type":"post","link":"https:\/\/cfdt-recherche-epst.org\/?p=40879","title":{"rendered":"Inserm: Prestations sociales"},"content":{"rendered":"\n<figure class=\"wp-block-image size-large\"><img loading=\"lazy\" decoding=\"async\" width=\"1024\" height=\"348\" src=\"https:\/\/cfdt-recherche-epst.org\/wp-content\/uploads\/2024\/07\/Bandeau-2024-1024x348.jpg\" alt=\"\" class=\"wp-image-37353\" srcset=\"https:\/\/cfdt-recherche-epst.org\/wp-content\/uploads\/2024\/07\/Bandeau-2024-1024x348.jpg 1024w, https:\/\/cfdt-recherche-epst.org\/wp-content\/uploads\/2024\/07\/Bandeau-2024-300x102.jpg 300w, https:\/\/cfdt-recherche-epst.org\/wp-content\/uploads\/2024\/07\/Bandeau-2024-768x261.jpg 768w, https:\/\/cfdt-recherche-epst.org\/wp-content\/uploads\/2024\/07\/Bandeau-2024-1536x522.jpg 1536w, https:\/\/cfdt-recherche-epst.org\/wp-content\/uploads\/2024\/07\/Bandeau-2024-1170x398.jpg 1170w, https:\/\/cfdt-recherche-epst.org\/wp-content\/uploads\/2024\/07\/Bandeau-2024.jpg 1559w\" sizes=\"auto, (max-width: 1024px) 100vw, 1024px\" \/><\/figure>\n\n\n\n<p><strong>Situation Alarmante &#8211;\u00a0Retards r\u00e9currents dans\u00a0l&rsquo;attribution des prestations sociales<\/strong><br>Pour la deuxi\u00e8me ann\u00e9e cons\u00e9cutive, l\u2019administration du si\u00e8ge de l\u2019Inserm rencontre des difficult\u00e9s majeures pour fournir en temps et en heure les\u00a0prestations sociales\u00a0auxquelles vous avez droit.<br>Voici un \u00e9tat des lieux des retards observ\u00e9s en\u00a0<strong>2025 et 2026<\/strong>\u00a0:<\/p>\n\n\n\n<figure class=\"wp-block-table\"><table class=\"has-fixed-layout\"><tbody><tr><td><strong>Prestations sociales<\/strong><\/td><td><strong>Situation en 2025<\/strong><\/td><td><strong>Situation en 2026<\/strong><\/td><\/tr><tr><td><strong>Tickets restaurant<\/strong><\/td><td>Retards pour le dernier trimestre<\/td><td>Certains agents n\u2019ont toujours&nbsp;pas&nbsp;re\u00e7u leurs tickets<\/td><\/tr><tr><td><strong>CESU (compensation handicap)<\/strong><\/td><td>Distribution incompl\u00e8te, retards importants<\/td><td>Aucun versement effectu\u00e9 \u00e0 ce jour<\/td><\/tr><tr><td><strong>Ch\u00e8ques vacances<\/strong><\/td><td>Obtention difficile<\/td><td>Probl\u00e8mes persistants, retards r\u00e9currents<\/td><\/tr><tr><td><strong>Subvention du Caes<\/strong><\/td><td>Retards&nbsp;des versements de la subvention<\/td><td>Premier versement toujours en attente<\/td><\/tr><\/tbody><\/table><\/figure>\n\n\n\n<p><strong>Vos repr\u00e9sentant\u00b7e\u00b7s poursuivent leurs actions pour&nbsp;obtenir des r\u00e9ponses concr\u00e8tes de la part de l\u2019administration.&nbsp;<\/strong><strong>Nous exigeons :<\/strong><\/p>\n\n\n\n<ul class=\"wp-block-list\">\n<li>Une\u00a0<strong>transparence<\/strong>\u00a0sur les causes de ces retards.<\/li>\n\n\n\n<li>Un\u00a0<strong>calendrier pr\u00e9cis<\/strong>\u00a0pour la r\u00e9gularisation de ces situations.<\/li>\n\n\n\n<li>Des\u00a0<strong>solutions durables<\/strong>\u00a0pour \u00e9viter que ces dysfonctionnements\u00a0ne\u00a0se reproduisent encore.<\/li>\n<\/ul>\n\n\n\n<p class=\"has-text-align-center\"><strong>N\u2019h\u00e9sitez\u00a0pas\u00a0\u00e0 nous faire part de vos retours ou de vos situations individuelles pour renforcer notre action collective<\/strong>.<br><a href=\"mailto:f3sct-membres@inserm.fr\" target=\"_blank\" rel=\"noreferrer noopener\"><strong>f3sct-membres@inserm.fr<\/strong><\/a><\/p>\n\n\n\n<p class=\"has-text-align-center\"><br><strong><mark style=\"background-color:rgba(0, 0, 0, 0)\" class=\"has-inline-color has-luminous-vivid-orange-color\">Vos repr\u00e9sentant.es du personnel\u00a0restent mobilis\u00e9.es pour vous d\u00e9fendre !<\/mark><\/strong><\/p>\n","protected":false},"excerpt":{"rendered":"<p>Situation Alarmante &#8211;\u00a0Retards r\u00e9currents dans\u00a0l&rsquo;attribution des prestations socialesPour la deuxi\u00e8me ann\u00e9e cons\u00e9cutive, l\u2019administration du si\u00e8ge de l\u2019Inserm rencontre des difficult\u00e9s majeures pour fournir en temps et en heure les\u00a0prestations sociales\u00a0auxquelles vous avez droit.Voici un \u00e9tat des lieux des retards observ\u00e9s en\u00a02025 et 2026\u00a0: Prestations sociales Situation en 2025 Situation en<\/p>\n","protected":false},"author":19,"featured_media":0,"comment_status":"closed","ping_status":"open","sticky":false,"template":"","format":"standard","meta":{"footnotes":""},"categories":[754,5,757,624],"tags":[219],"class_list":["post-40879","post","type-post","status-publish","format-standard","hentry","category-communication","category-epst","category-inserm","category-newsletter","tag-action-sociale","ct-col-2"],"amp_enabled":true,"_links":{"self":[{"href":"https:\/\/cfdt-recherche-epst.org\/index.php?rest_route=\/wp\/v2\/posts\/40879","targetHints":{"allow":["GET"]}}],"collection":[{"href":"https:\/\/cfdt-recherche-epst.org\/index.php?rest_route=\/wp\/v2\/posts"}],"about":[{"href":"https:\/\/cfdt-recherche-epst.org\/index.php?rest_route=\/wp\/v2\/types\/post"}],"author":[{"embeddable":true,"href":"https:\/\/cfdt-recherche-epst.org\/index.php?rest_route=\/wp\/v2\/users\/19"}],"replies":[{"embeddable":true,"href":"https:\/\/cfdt-recherche-epst.org\/index.php?rest_route=%2Fwp%2Fv2%2Fcomments&post=40879"}],"version-history":[{"count":1,"href":"https:\/\/cfdt-recherche-epst.org\/index.php?rest_route=\/wp\/v2\/posts\/40879\/revisions"}],"predecessor-version":[{"id":40880,"href":"https:\/\/cfdt-recherche-epst.org\/index.php?rest_route=\/wp\/v2\/posts\/40879\/revisions\/40880"}],"wp:attachment":[{"href":"https:\/\/cfdt-recherche-epst.org\/index.php?rest_route=%2Fwp%2Fv2%2Fmedia&parent=40879"}],"wp:term":[{"taxonomy":"category","embeddable":true,"href":"https:\/\/cfdt-recherche-epst.org\/index.php?rest_route=%2Fwp%2Fv2%2Fcategories&post=40879"},{"taxonomy":"post_tag","embeddable":true,"href":"https:\/\/cfdt-recherche-epst.org\/index.php?rest_route=%2Fwp%2Fv2%2Ftags&post=40879"}],"curies":[{"name":"wp","href":"https:\/\/api.w.org\/{rel}","templated":true}]}}